{"id":414381,"date":"2019-02-08T00:06:53","date_gmt":"2019-02-08T06:06:53","guid":{"rendered":"https:\/\/www.diarioimagen.net\/?p=414381"},"modified":"2019-02-08T03:33:48","modified_gmt":"2019-02-08T09:33:48","slug":"abren-en-tultepec-convocatoria-para-la-campana-de-matrimonios-colectivos-2019","status":"publish","type":"post","link":"https:\/\/www.diarioimagen.net\/?p=414381","title":{"rendered":"Abren en Tultepec convocatoria para la Campa\u00f1a de Matrimonios Colectivos 2019"},"content":{"rendered":"<ul>\n<li><strong><em>Fomentan la seguridad jur\u00eddica de las familias<\/em><\/strong><\/li>\n<\/ul>\n<p>&nbsp;<\/p>\n<div id=\"attachment_414476\" style=\"width: 470px\" class=\"wp-caption aligncenter\"><a href=\"https:\/\/www.diarioimagen.net\/?attachment_id=414476\" rel=\"attachment wp-att-414476\"><img loading=\"lazy\" decoding=\"async\" aria-describedby=\"caption-attachment-414476\" class=\"size-large wp-image-414476\" src=\"https:\/\/www.diarioimagen.net\/wp-content\/uploads\/2019\/02\/TULTEPEC-8-460x259.jpg\" alt=\"\" width=\"460\" height=\"259\" srcset=\"https:\/\/www.diarioimagen.net\/wp-content\/uploads\/2019\/02\/TULTEPEC-8-460x259.jpg 460w, https:\/\/www.diarioimagen.net\/wp-content\/uploads\/2019\/02\/TULTEPEC-8-240x135.jpg 240w, https:\/\/www.diarioimagen.net\/wp-content\/uploads\/2019\/02\/TULTEPEC-8-235x132.jpg 235w, https:\/\/www.diarioimagen.net\/wp-content\/uploads\/2019\/02\/TULTEPEC-8-202x114.jpg 202w, https:\/\/www.diarioimagen.net\/wp-content\/uploads\/2019\/02\/TULTEPEC-8-350x196.jpg 350w, https:\/\/www.diarioimagen.net\/wp-content\/uploads\/2019\/02\/TULTEPEC-8-220x123.jpg 220w, https:\/\/www.diarioimagen.net\/wp-content\/uploads\/2019\/02\/TULTEPEC-8-237x132.jpg 237w, https:\/\/www.diarioimagen.net\/wp-content\/uploads\/2019\/02\/TULTEPEC-8.jpg 480w\" sizes=\"auto, (max-width: 460px) 100vw, 460px\" \/><\/a><p id=\"caption-attachment-414476\" class=\"wp-caption-text\">Abren en Tultepec convocatoria para llevar a cabo la\u00a0Campa\u00f1a de Matrimonios Colectivos 2019, dirigida a todas las parejas que desean formalizar su uni\u00f3n.<\/p><\/div>\n<p>&nbsp;<\/p>\n<p><strong>Tultepec, Estado de M\u00e9xico<\/strong>.- Con el objetivo de fomentar la seguridad jur\u00eddica de las familias, el Sistema Municipal DIF, en coordinaci\u00f3n con el\u00a0 Ayuntamiento y la Oficial\u00eda 1 del Registro Civil de Tultepec, abrieron una convocatoria para llevar a cabo una\u00a0Campa\u00f1a de Matrimonios Colectivos 2019, dirigida a todas las parejas que desean formalizar su uni\u00f3n.<\/p>\n<p>A trav\u00e9s de esta campa\u00f1a se busca informar a todas las parejas que deseen dar este importante paso en sus vidas, la celebraci\u00f3n de la ceremonia de matrimonio civil se realizar\u00e1 el pr\u00f3ximo 4 de abril de 2019, en las instalaciones del DIF central, ubicado en Cerrada Tamaulipas s\/n, Barrio San Mart\u00edn.<\/p>\n<p>En apoyo a la econom\u00eda familiar, el cabildo en pleno autoriz\u00f3 por unanimidad el subsidio del 100 por ciento de los derechos por asentamiento de actas de matrimonio en el Registro Civil, por lo que el tr\u00e1mite ser\u00e1 gratuito.<\/p>\n<p>Los interesados deben presentar copia certificada de actas de nacimiento de cada contrayente, reciente y en buen estado, identificaci\u00f3n oficial (INE) de ambos contrayentes (vigente y con domicilio en el Municipio de Tultepec), CURP de ambos contrayentes y an\u00e1lisis prenupciales. (El Oficial del Registro Civil informar\u00e1 la fecha en que habr\u00e1 de realizarlos).<\/p>\n<p>Para inscribirse a esta\u00a0Campa\u00f1a de Matrimonios Colectivos 2019,\u00a0los interesados deben acudir a las oficinas del DIF central, a partir del d\u00eda 4 de febrero en un horario de las 9:00 a las 17:00 horas de lunes a viernes, la fecha l\u00edmite para recepci\u00f3n de documentos ser\u00e1 el s\u00e1bado 02 de marzo del 2019 de las 09:00 a las 13:00 horas.<\/p>\n","protected":false},"excerpt":{"rendered":"<p>Con el objetivo de fomentar la seguridad jur\u00eddica de las familias, el Sistema Municipal DIF, en coordinaci\u00f3n con el  Ayuntamiento y la Oficial\u00eda 1 del Registro Civil de Tultepec, abrieron una convocatoria para llevar a cabo una Campa\u00f1a de Matrimonios Colectivos 2019, dirigida a todas las parejas que desean formalizar su uni\u00f3n.<\/p>\n","protected":false},"author":3,"featured_media":414476,"comment_status":"open","ping_status":"open","sticky":false,"template":"","format":"standard","meta":{"_monsterinsights_skip_tracking":false,"_monsterinsights_sitenote_active":false,"_monsterinsights_sitenote_note":"","_monsterinsights_sitenote_category":0,"footnotes":""},"categories":[35155],"tags":[82665,43675,3802],"class_list":["post-414381","post","type-post","status-publish","format-standard","has-post-thumbnail","hentry","category-estado-de-mexico-estado-de-mexico","tag-campana-de-matrimonios-colectivos","tag-estado-de-mexico","tag-tultepec"],"_links":{"self":[{"href":"https:\/\/www.diarioimagen.net\/index.php?rest_route=\/wp\/v2\/posts\/414381","targetHints":{"allow":["GET"]}}],"collection":[{"href":"https:\/\/www.diarioimagen.net\/index.php?rest_route=\/wp\/v2\/posts"}],"about":[{"href":"https:\/\/www.diarioimagen.net\/index.php?rest_route=\/wp\/v2\/types\/post"}],"author":[{"embeddable":true,"href":"https:\/\/www.diarioimagen.net\/index.php?rest_route=\/wp\/v2\/users\/3"}],"replies":[{"embeddable":true,"href":"https:\/\/www.diarioimagen.net\/index.php?rest_route=%2Fwp%2Fv2%2Fcomments&post=414381"}],"version-history":[{"count":0,"href":"https:\/\/www.diarioimagen.net\/index.php?rest_route=\/wp\/v2\/posts\/414381\/revisions"}],"wp:featuredmedia":[{"embeddable":true,"href":"https:\/\/www.diarioimagen.net\/index.php?rest_route=\/wp\/v2\/media\/414476"}],"wp:attachment":[{"href":"https:\/\/www.diarioimagen.net\/index.php?rest_route=%2Fwp%2Fv2%2Fmedia&parent=414381"}],"wp:term":[{"taxonomy":"category","embeddable":true,"href":"https:\/\/www.diarioimagen.net\/index.php?rest_route=%2Fwp%2Fv2%2Fcategories&post=414381"},{"taxonomy":"post_tag","embeddable":true,"href":"https:\/\/www.diarioimagen.net\/index.php?rest_route=%2Fwp%2Fv2%2Ftags&post=414381"}],"curies":[{"name":"wp","href":"https:\/\/api.w.org\/{rel}","templated":true}]}}