{"id":414494,"date":"2019-02-09T00:09:24","date_gmt":"2019-02-09T06:09:24","guid":{"rendered":"https:\/\/www.diarioimagen.net\/?p=414494"},"modified":"2019-02-11T00:10:47","modified_gmt":"2019-02-11T06:10:47","slug":"consulta-ciudadana-definira-destino-de-termoelectrica-huexca","status":"publish","type":"post","link":"https:\/\/www.diarioimagen.net\/?p=414494","title":{"rendered":"Consulta Ciudadana definir\u00e1 destino de termoel\u00e9ctrica Huexca"},"content":{"rendered":"<ul>\n<li><strong><em>El presidente Andr\u00e9s Manuel L\u00f3pez Obrador anunci\u00f3 que el 23 y 24 de febrero se llevar\u00e1 a cabo una Consulta Ciudadana en municipios de Tlaxcala, Puebla y Morelos para que la poblaci\u00f3n decida junto con el Gobierno de M\u00e9xico el destino de las operaciones de la Central Termoel\u00e9ctrica Huexca, en Yecapixtla, Morelos<\/em><\/strong><\/li>\n<\/ul>\n<p>&nbsp;<\/p>\n<div id=\"attachment_414495\" style=\"width: 470px\" class=\"wp-caption aligncenter\"><a href=\"https:\/\/www.diarioimagen.net\/?attachment_id=414495\" rel=\"attachment wp-att-414495\"><img loading=\"lazy\" decoding=\"async\" aria-describedby=\"caption-attachment-414495\" class=\"size-large wp-image-414495\" src=\"https:\/\/www.diarioimagen.net\/wp-content\/uploads\/2019\/02\/amlo-460x259.jpg\" alt=\"\" width=\"460\" height=\"259\" srcset=\"https:\/\/www.diarioimagen.net\/wp-content\/uploads\/2019\/02\/amlo-460x259.jpg 460w, https:\/\/www.diarioimagen.net\/wp-content\/uploads\/2019\/02\/amlo-240x135.jpg 240w, https:\/\/www.diarioimagen.net\/wp-content\/uploads\/2019\/02\/amlo-235x132.jpg 235w, https:\/\/www.diarioimagen.net\/wp-content\/uploads\/2019\/02\/amlo-202x114.jpg 202w, https:\/\/www.diarioimagen.net\/wp-content\/uploads\/2019\/02\/amlo-350x196.jpg 350w, https:\/\/www.diarioimagen.net\/wp-content\/uploads\/2019\/02\/amlo-220x123.jpg 220w, https:\/\/www.diarioimagen.net\/wp-content\/uploads\/2019\/02\/amlo-237x132.jpg 237w, https:\/\/www.diarioimagen.net\/wp-content\/uploads\/2019\/02\/amlo.jpg 480w\" sizes=\"auto, (max-width: 460px) 100vw, 460px\" \/><\/a><p id=\"caption-attachment-414495\" class=\"wp-caption-text\">Andr\u00e9s Manuel L\u00f3pez Obrador, presidente de M\u00e9xico.<\/p><\/div>\n<p>&nbsp;<\/p>\n<p><b>1.- <\/b>El presidente inform\u00f3 que se hablar\u00eda sobre el proceso de elecci\u00f3n del titular de la Comisi\u00f3n de B\u00fasqueda de Desaparecidos y sobre la planta termoel\u00e9ctrica de Morelos.<\/p>\n<p><b>2.- <\/b>El presidente estuvo acompa\u00f1ado por la secretaria de Gobernaci\u00f3n, Olga S\u00e1nchez Cordero; el delegado del gobierno federal en Morelos, Hugo<span class=\"Apple-converted-space\">\u00a0 <\/span>eric Flores; Manuel Bartlett, titular de la CFE; Blanca Jim\u00e9nez Cisneros, Directora General de la Comisi\u00f3n Nacional del Agua:<\/p>\n<p><b>3.- <\/b>`Las conferencias sirven para que la gente en los estados y municipios se enteren de lo que estamos haciendo en el gobierno`, afirm\u00f3 el Presidente, quien coment\u00f3 que en redes sociales siguen sus conferencias un promedio de 120 mil personas.<\/p>\n<p><b>4.-<\/b> `Se va a exponer fundada y motivadamente el resultado de la consulta p\u00fablica para el nombramiento del titular de la Comisi\u00f3n Nacional de B\u00fasqueda de Personas`, dijo Olga S\u00e1nchez Cordero.<\/p>\n<p><b>5.- <\/b>`Las bases fueron publicadas el 18 de enero y fueron 11 las personas propuestas, tanto por organizaciones civiles como por parte de colectivos`, dijo la titular de la Segob.<\/p>\n<p><b>6.-<\/b> La secretaria de Gobernaci\u00f3n se\u00f1al\u00f3 que estuvo en una de las reuniones con colectivos y familiares de las personas desaparecidas.<\/p>\n<p><b>7.- <\/b>`11 fueron los aspirantes que entregaron todos los requisitos mismos que fueron entrevistados por el subsecretario de Derechos Humanos`, dijo Olga S\u00e1nchez Cordero.<\/p>\n<p><b>8.- <\/b>La titular de la Segob inform\u00f3 que se tom\u00f3 como valoraci\u00f3n su experiencia y el conocimiento en materia de Derechos Humanos y ciencia forense.<\/p>\n<p><b>9.-<\/b> `Fueron evaluados y elegidos los mejores perfiles`, asever\u00f3 Olga S\u00e1nchez Cordero.<\/p>\n<p><b>10.- <\/b>Olga S\u00e1nchez Cordero anunci\u00f3 la terna para el titular de la Comisi\u00f3n Nacional de B\u00fasqueda de Personas, de acuerdo con las mejores calificaciones tras evaluaciones: Leonor de Jes\u00fas Figueroa, Karla Irasema Quintana y Juan L\u00f3pez Villanueva.<\/p>\n<p><b>11.- <\/b>Andr\u00e9s Manuel L\u00f3pez Obrador confirm\u00f3 que ayer a las 18:00 horas se tendr\u00eda decidido el perfil electo para la Comisi\u00f3n Nacional de B\u00fasqueda, pero hoy se anunciar\u00eda.<\/p>\n<p><b>12.- <\/b>El presidente habl\u00f3 sobre la termoel\u00e9ctrica de Morelos.<\/p>\n<p><b>13.- <\/b>`Se comenz\u00f3 la construcci\u00f3n en 2009, y ese gasoducto se construy\u00f3 pasando por municipios de Tlaxcala, puebla y Morelos, hubo represi\u00f3n a campesinos`, dijo el Presidente.<\/p>\n<p><b>14.-<\/b> Andr\u00e9s Manuel L\u00f3pez Obrador coment\u00f3 que la obra ya culmin\u00f3, con un costo de m\u00e1s de 20 mil millones de pesos.<\/p>\n<p><b>15.- <\/b>`Esta planta nos permite alumbrar a todo el estado de Morelos, afortunadamente la planta es de la naci\u00f3n, a trav\u00e9s de la CFE, pero el gasoducto es privado`, subray\u00f3 el Presidente.<\/p>\n<p><b>16.- <\/b>Andr\u00e9s Manuel L\u00f3pez Obrador dijo que hubo un gran abuso en pasadas administraciones, ya que se le tiene que pagar el uso del ducto a empresas privadas.<\/p>\n<p><b>17.- <\/b>`Se ha decidido hablar con los afectados y hay una buena aceptaci\u00f3n de parte de los campesinos, sobre todo los que tienen que ver con la cuenca que va a abastecer de agua a la planta`, dijo el presidente.<\/p>\n<p><b>18.-<\/b> El presidente dio a conocer el mapa del gasoducto del Plan Integral Morelos y se\u00f1al\u00f3 que se dar\u00e1 el mejor tratamiento al entorno hidrol\u00f3gico, con la idea de operar la planta termoel\u00e9ctrica que hay en el sistema.<span class=\"Apple-converted-space\">\u00a0<\/span><\/p>\n<p><b>19.- <\/b>`Buscaremos que la UNESCO certifique la calidad del agua del r\u00edo Cuautla`, afirm\u00f3 el presidente.<\/p>\n<p><b>20.- <\/b>`Oponerse a la planta termoel\u00e9ctrica de Morelos obligar\u00e1 a importar energ\u00eda el\u00e9ctrica. Sin operaci\u00f3n se desperdiciar\u00e1n m\u00e1s de 20 mil millones, por eso habr\u00e1 consulta ciudadana`, se\u00f1al\u00f3 Andr\u00e9s Manuel L\u00f3pez Obrador.<\/p>\n<p><b>21.- <\/b>El presidente inform\u00f3 que en todos los municipios donde pas\u00f3 el gasoducto y en todo Morelos habr\u00e1 consulta ciudadana para decidir sobre la planta termoel\u00e9ctrica.<\/p>\n<p><b>22.- <\/b>Andr\u00e9s Manuel L\u00f3pez Obrador dijo que el pr\u00f3ximo lunes, Manuel Bartlett expondr\u00e1 c\u00f3mo se saque\u00f3 a CFE y cu\u00e1l es el plan de recuperaci\u00f3n de la empresa.<\/p>\n<p><b>23.- <\/b>El delegado del gobierno federal en Morelos, Hugo Eric Flores, dijo que se conform\u00f3 un grupo de trabajo para analizar el caso de la planta termoel\u00e9ctrica.<\/p>\n<p><b>24.- <\/b>`La instrucci\u00f3n fue solucionar problemas, no administrarlos`, asever\u00f3 el delegado del gobierno federal en Morelos, Hugo<span class=\"Apple-converted-space\">\u00a0 <\/span>Eric Flores.<\/p>\n<p><b>25.-<\/b> El delegado del gobierno federal en Morelos, Hugo Eric Flores coment\u00f3 que en 2009, Marco Adame, gobernador de Morelos, oficializ\u00f3 a la CRE su inter\u00e9s para desarrollar infraestructura de suministro de gas natural en la entidad, as\u00ed fue el inicio del proyecto.<\/p>\n<p><b>26.- <\/b>`Ya en 2010, la Sener instruy\u00f3 a la CFE construir una central en Morelos`, dijo el delegado del gobierno federal en Morelos, Hugo<span class=\"Apple-converted-space\">\u00a0 <\/span>Eric Flores.<\/p>\n<p><b>27.- <\/b>Hugo Eric Flores se\u00f1al\u00f3 que Morelos importa el 100 por ciento de la energ\u00eda el\u00e9ctrica que consume y que por ello es necesario que opere una termoel\u00e9ctrica que cubra el 80 por ciento de energ\u00eda para 2022.<\/p>\n<p>28.- Hugo Eric Flores present\u00f3 datos generales y las principales problem\u00e1ticas para que comience a operar la termoel\u00e9ctrica en Morelos.<span class=\"Apple-converted-space\">\u00a0<\/span><\/p>\n<p><b>29.- <\/b>`La principal obra sigue sin funcionar por `alta de suministro de agua de la planta tratadora de aguas residuales de Cuautla, adem\u00e1s de seis amparos en contra de la operaci\u00f3n interpuestas por ejidatarios`, inform\u00f3 Hugo Eric Flores.<\/p>\n<p><b>30.- <\/b>Hugo Eric Flores se\u00f1al\u00f3 que existe falta de los permisos de operaci\u00f3n por parte de la Conagua.<\/p>\n<p><b>31.-<\/b> Hugo Eric Flores refiri\u00f3 temas de impacto de la termoel\u00e9ctrica que generan oposici\u00f3n, la afectaci\u00f3n al caudal del r\u00edo Cuautla, el impacto ambiental del gasoducto y Proyecto Integral Morelos y la onstrucci\u00f3n de PIM en zona s\u00edsmica.<\/p>\n<p><b>32.-<\/b> El PIM tiene todos los permisos de impacto ambiental por parte de la Semarnat, asegur\u00f3 el delegado del gobierno federal en Morelos, Hugo Eric Flores.<\/p>\n<p><b>33.-<\/b> Hugo Eric Flores present\u00f3 las medidas de mitigaci\u00f3n o soluci\u00f3n, una de ellas es la reducci\u00f3n de tarifas el\u00e9ctricas en 9 municipios de Tlaxcala, 15 de Puebla y 8 de Morelos.<\/p>\n<p><b>34.-<\/b> `Se solicit\u00f3 a la UNAM una opini\u00f3n t\u00e9cnica con respecto al tema sismol\u00f3gico`, indic\u00f3 Hugo Eric Flores.<\/p>\n<p><b>35.- <\/b>Agua, medio ambiente y electricidad, los temas de la pr\u00f3xima consulta ciudadana, que ser\u00e1 los pr\u00f3ximos 23 y 24 de febrero en 24 municipios Tlaxcala y Puebla, as\u00ed como en todo Morelos, inform\u00f3 Hugo Eric Flores.<\/p>\n<p><b>36.- <\/b>Hugo Eric Flores anunci\u00f3 apoyo por parte de la Secretar\u00eda de Agricultura en los 32 ejidos de la cuenca.<\/p>\n<p><b>37.-<\/b> `El domingo haremos la presentaci\u00f3n del proyecto en Cuautla`, inform\u00f3 el Presidente.<\/p>\n<p><b>38.-<\/b> `El lunes hablaremos del saqueo a CFE. La reforma energ\u00e9tica la dej\u00f3 sin capacidad para competir en igualdad de condiciones con empresas extranjeras`, adelant\u00f3 Manuel Bartlett, titular de la comisi\u00f3n.<\/p>\n<p><b>39.-<\/b> `CFE ha sido reducida a una empresa comercial que se supone que debe competir en un mercado en igualad de condiciones`, dijo Manuel Bartlett.<\/p>\n<p><b>40.- <\/b>`La CFE produce solo el 50 por ciento de la electricidad y las empresas privadas extrajeras el otro 50 por ciento`, asegur\u00f3 Manuel Bartlett.<\/p>\n<p><b>41.-<\/b> El titular de la CFE afirm\u00f3 que la tendencia es la desaparici\u00f3n de esta empresa del estado.<\/p>\n<p><b>42.-<\/b> `Para no equivocarnos, lo mejor es preguntar. Por eso es mejor decidir entre todos`, asegur\u00f3 Andr\u00e9s Manuel L\u00f3pez Obrador, esto sobre la pr\u00f3xima consulta ciudadana por la termoel\u00e9ctrica en Morelos.<\/p>\n<p><b>43.- <\/b>`Hemos reconocido que se cometieron muchos atropellos con el Proyecto Integral Morelos. Se impuso la obra. Como autoridad debemos considerar m\u00e1s elementos`, dijo el presidente.<\/p>\n<p><b>44.- <\/b>El presidente dijo que el agua de entrada y salida de la termoel\u00e9ctrica ser\u00e1 tratada y habr\u00e1 certificaci\u00f3n que se pedir\u00e1 a la UNESCO.<\/p>\n<p><b>45.- <\/b>`Hay movimientos ambientalistas apoyados por empresas extranjeras que no quieren competencia. Cuando se trata de una planta as\u00ed, m\u00e1s si es de la naci\u00f3n, se opone. Afortunadamente, es la menor parte`, afirm\u00f3 el Presidente.<\/p>\n<p><b>46.- <\/b>Blanca Jim\u00e9nez Cisneros, Directora General de la Comisi\u00f3n Nacional del Agua, dijo que la cuenca en la que se encuentra la planta termoel\u00e9ctrica es deficitaria.<\/p>\n<p><b>47.-<\/b> La Directora General de la Comisi\u00f3n Nacional del Agua, afirm\u00f3 que la dependencia recomend\u00f3 a la CFE reusar el agua.<\/p>\n<p><b>48.- <\/b>La Conagua ser\u00e1 la encargada de certificar que no haya problemas de contaminaci\u00f3n del agua del R\u00edo Cuautla si se reactiva la Termoel\u00e9ctrica de la Huesca.<\/p>\n<p><b>49.- <\/b>`Se acudir\u00e1 a la certificaci\u00f3n de UNESCO para asegurarnos de que el agua utilizada en la termoel\u00e9ctrica no contenga elementos contaminantes`, reiter\u00f3 la titular de la Conagua.<\/p>\n<p><b>50.-<\/b> El presidente confirm\u00f3 que la consulta de Cuautla sobre la termoel\u00e9ctrica de Morelos ser\u00e1 la primera formalmente en su gobierno.<\/p>\n<p><b>51.-<\/b> Andr\u00e9s Manuel L\u00f3pez Obrador se\u00f1al\u00f3 que a\u00fan no se tienen definidos los mecanismos para la consulta, pero `ma\u00f1ana mismo` podr\u00e1n acordarlos y presentarlos.<span class=\"Apple-converted-space\">\u00a0<\/span><\/p>\n<p><b>52.-<\/b> `Ped\u00ed a Manuel Bartlett que de a conocer los nombres de las empresas involucradas en las malas pr\u00e1cticas. Tenemos que limpiar todo. No s\u00f3lo es ladr\u00f3n el que roba una bicicleta`, afirm\u00f3 el Presidente.<\/p>\n<p><b>53.-<\/b> Se le cuestion\u00f3 al Presidente sobre la visita de Marcelo Ebrard, titular de la SRE, a Uruguay para tratar el tema de la crisis pol\u00edtica en Venezuela.<\/p>\n<p><b>54.- <\/b>`La semana pr\u00f3xima daremos a conocer el plan para el fortalecimiento de Pemex`, dijo el Presidente, quien subray\u00f3 que le quitar\u00e1 carga fiscal a la empresa.<\/p>\n<p><b>55.-<\/b> `El gobierno va a darle apoyo econ\u00f3mico a Pemex, se va a fortalecer tambi\u00e9n a la CFE`, asever\u00f3 Andr\u00e9s Manuel L\u00f3pez Obrador.<\/p>\n<p><b>56.- <\/b>`El secretario de Hacienda, Carlos Urz\u00faa, y Octavio Romero, Director de Pemex, dar\u00e1n informaci\u00f3n la pr\u00f3xima semana sobre el plan para rescatar a Petr\u00f3leos Mexicanos`, reiter\u00f3 el presidente.<\/p>\n<p><b>57.- <\/b>Sobre el tema de Venezuela, Andr\u00e9s Manuel L\u00f3pez Obrador coment\u00f3 que se respetar\u00e1 el principio de no intervenci\u00f3n y autodeterminaci\u00f3n de los pueblos y a\u00f1adi\u00f3 que se buscar\u00e1 una soluci\u00f3n pac\u00edfica.<\/p>\n<p><b>58.- <\/b>`Uruguay y M\u00e9xico est\u00e1n en disposici\u00f3n de apoyar para que en el caso de Venezuela exista un di\u00e1logo entre las partes, estamos proponiendo a diplom\u00e1ticos destacados como Bernardo Sep\u00falveda para que participe`, inform\u00f3 el Presidente.<\/p>\n<p><b>59.- `<\/b>Los principios nos obligan a actuar como lo estamos haciendo en el caso de Venezuela y lo har\u00edamos en cualquier otro caso`, asever\u00f3 Andr\u00e9s Manuel L\u00f3pez Obrador.<\/p>\n<p><b>60.- <\/b>`Marcelo Ebrard est\u00e1 haciendo su trabajo en el sentido del di\u00e1logo,si las partes no aceptan la propuesta la posibilidad ah\u00ed queda`, a\u00f1adi\u00f3 el Presidente.<\/p>\n<p><b>61.- <\/b>`Que haya ayuda humanitaria a Venezuela sin prop\u00f3sitos pol\u00edticos, y no haya intervenci\u00f3n ni uso de la fuerza, que sea la ONU que la administre`, agreg\u00f3 Andr\u00e9s Manuel L\u00f3pez Obrador.<\/p>\n<p><b>62.-<\/b> Se le pregunt\u00f3 por la probable aprobaci\u00f3n en el IFT de una fusi\u00f3n de Fox y Disney.<\/p>\n<p><b>63.- <\/b>`Estoy informado, ya no est\u00e1 el CISEN pero me llega informaci\u00f3n, pienso que se debe de ver con cuidado esta fusi\u00f3n, no se permiti\u00f3 en Europa ni en Estados Unidos, aqu\u00ed se quiere autorizar`, dijo el Presidente.<\/p>\n<p><b>64.-<\/b> `Tengo informaci\u00f3n de que hay conflictos de intereses, legalmente no me corresponde pero si no es correcto aunque sea se debe decir, se que un funcionario que estaba en el IFT ahora est\u00e1 trabajando en una de estas empresas`, coment\u00f3.<\/p>\n<p><b>65.-<\/b> `Es preocupante que vayan a cobrar por ver el f\u00fatbol, eso afectar\u00eda a los aficionados, del b\u00e9isbol ni hablamos porque ni lo pasan, hay que revisar el asunto`, dijo el Presidente.<\/p>\n<p><b>66.-<\/b> Se le cuestion\u00f3 sobre los bloqueos de la CNTE en Michoac\u00e1n y sobre alguna irregularidades identificadas por la ASF en materia de las estancias infantiles.<\/p>\n<p><b>67.- <\/b>`Sobre el grupo de maestros yo no dir\u00eda que es la CNTE, esta hab\u00eda acordado levantar el bloqueo porque ya se les atendieron sus demandas, la CNTE debe aclarar el porqu\u00e9 mantiene los bloqueos`, dijo Andr\u00e9s Manuel L\u00f3pez Obrador.<\/p>\n<p><b>68.-<\/b> `Presentamos una queja ante la CNDH por violaci\u00f3n a los mismos en el caso de los bloqueos`, inform\u00f3 Andr\u00e9s Manuel L\u00f3pez Obrador, quien a\u00f1adi\u00f3 que no se utilizar\u00e1 la fuerza.<\/p>\n<p><b>69.- <\/b>`Parte de la estrategia de los grupos de derecha disfrazados de izquierda es que puedan tener la excusa de que se est\u00e1n enfrentando a un gobierno represor, pues no somos represores`, afirm\u00f3 Andr\u00e9s Manuel L\u00f3pez Obrador.<\/p>\n<p><b>70.- <\/b>Sobre las estancias infantiles, `ya se acord\u00f3 y se entregar\u00e1n los recursos a los padres y ellos decidir\u00e1n libremente. No cargaremos con la responsabilidad de la inseguridad y riesgos de los ni\u00f1os`, dijo el Presidente.<\/p>\n<p><b>71.-<\/b> `Yo no voy a tener esa responsabilidad. No es mercado. No queremos otra vez un caso como el ABC. No hay normatividad. No queremos meternos en eso`, a\u00f1adi\u00f3 Andr\u00e9s Manuel L\u00f3pez Obrador.<\/p>\n<p><b>72.-<\/b> `Me extra\u00f1a que est\u00e9n insistiendo tanto, si vamos a dar los apoyos a los padres, incluso m\u00e1s. No queremos judicializar el asunto`, asever\u00f3 el presidente sobre las estancias infantiles.<\/p>\n<p><b>73.- <\/b>`No van a desaparecer las estancias infantiles. Cada familia podr\u00e1 administrarlo. Es una decisi\u00f3n de los padres`, agreg\u00f3 Andr\u00e9s Manuel L\u00f3pez Obrador.<\/p>\n<p><b>74.-<\/b> El Presidente dijo que el tema de Constellation Brands ser\u00e1 atendido por la titular de la Secretar\u00eda de Medio Ambiente y Recursos Naturales, Josefa Gonz\u00e1lez.<\/p>\n<p><b>75.- <\/b>A la pregunta de qu\u00e9 tipo de sangre tiene, el Presidente respondi\u00f3: `T4 positivo, Transformaci\u00f3n Cuarta positivo`.<\/p>\n<p><b>76.- <\/b>`Le agradezco de todo coraz\u00f3n a la gente que se preocupa por esto mi seguridad, no soy temerario, me cuido, porque donde voy siempre me acompa\u00f1a la gente`, asever\u00f3 Andr\u00e9s Manuel L\u00f3pez Obrador.<\/p>\n<p><b>77.- <\/b>`Tenemos como prioridad la protecci\u00f3n de los paisanos que por necesidad se han ido a Estados Unidos`, se\u00f1al\u00f3 el Presidente acerca del tema migratorio en protecci\u00f3n de nuestros paisanos, le pedir\u00e9 a Marcelo Ebrard, titular de la SRE, que trabajamos en fortalecer los 50 consulados que tenemos en Estados Unidos`, coment\u00f3 el Presidente.<\/p>\n<p><b>79.-<\/b> Sobre las protesta de algunos simpatizantes de Morena en la SCJN, el presidente dijo desconocer las causas.<\/p>\n<p><b>80.-<\/b> Sobre el tema de las declaraciones patrimoniales de los funcionarios p\u00fablicos, el Presidente dijo que le instruy\u00f3 a Irma Er\u00e9ndira Sandoval, titular de la SFP, el hacer p\u00fablicos los detalles de las declaraciones.<\/p>\n","protected":false},"excerpt":{"rendered":"<p>1.- El presidente inform\u00f3 que se hablar\u00eda sobre el proceso de elecci\u00f3n del titular de la Comisi\u00f3n de B\u00fasqueda de Desaparecidos y sobre la planta termoel\u00e9ctrica de Morelos.<\/p>\n","protected":false},"author":1,"featured_media":414495,"comment_status":"open","ping_status":"open","sticky":false,"template":"","format":"standard","meta":{"_monsterinsights_skip_tracking":false,"_monsterinsights_sitenote_active":false,"_monsterinsights_sitenote_note":"","_monsterinsights_sitenote_category":0,"footnotes":""},"categories":[3],"tags":[1352,82668],"class_list":["post-414494","post","type-post","status-publish","format-standard","has-post-thumbnail","hentry","category-nacional","tag-andres-manuel-lopez-obrador","tag-conferencia-matutina"],"_links":{"self":[{"href":"https:\/\/www.diarioimagen.net\/index.php?rest_route=\/wp\/v2\/posts\/414494","targetHints":{"allow":["GET"]}}],"collection":[{"href":"https:\/\/www.diarioimagen.net\/index.php?rest_route=\/wp\/v2\/posts"}],"about":[{"href":"https:\/\/www.diarioimagen.net\/index.php?rest_route=\/wp\/v2\/types\/post"}],"author":[{"embeddable":true,"href":"https:\/\/www.diarioimagen.net\/index.php?rest_route=\/wp\/v2\/users\/1"}],"replies":[{"embeddable":true,"href":"https:\/\/www.diarioimagen.net\/index.php?rest_route=%2Fwp%2Fv2%2Fcomments&post=414494"}],"version-history":[{"count":0,"href":"https:\/\/www.diarioimagen.net\/index.php?rest_route=\/wp\/v2\/posts\/414494\/revisions"}],"wp:featuredmedia":[{"embeddable":true,"href":"https:\/\/www.diarioimagen.net\/index.php?rest_route=\/wp\/v2\/media\/414495"}],"wp:attachment":[{"href":"https:\/\/www.diarioimagen.net\/index.php?rest_route=%2Fwp%2Fv2%2Fmedia&parent=414494"}],"wp:term":[{"taxonomy":"category","embeddable":true,"href":"https:\/\/www.diarioimagen.net\/index.php?rest_route=%2Fwp%2Fv2%2Fcategories&post=414494"},{"taxonomy":"post_tag","embeddable":true,"href":"https:\/\/www.diarioimagen.net\/index.php?rest_route=%2Fwp%2Fv2%2Ftags&post=414494"}],"curies":[{"name":"wp","href":"https:\/\/api.w.org\/{rel}","templated":true}]}}