{"id":414503,"date":"2019-02-09T00:01:00","date_gmt":"2019-02-09T06:01:00","guid":{"rendered":"https:\/\/www.diarioimagen.net\/?p=414503"},"modified":"2019-02-09T06:49:31","modified_gmt":"2019-02-09T12:49:31","slug":"cochinita-pibil-en-los-restaurantes-del-pueblito-de-hoteles-mision-un-platillo-para-saborear-la-historia-ancestral","status":"publish","type":"post","link":"https:\/\/www.diarioimagen.net\/?p=414503","title":{"rendered":"Cochinita pibil en los restaurantes Del Pueblito de Hoteles Misi\u00f3n, un platillo para saborear la historia ancestral\u00a0"},"content":{"rendered":"<h2>De cinco estrellas<\/h2>\n<h5>Victoria Gonz\u00e1lez Prado<\/h5>\n<p>&nbsp;<\/p>\n<ul>\n<li><em><strong>Nueva Terraza Premier Aerom\u00e9xico y Heineken, ahora en el Aeropuerto Internacional de la ciudad de Monterrey<\/strong><\/em><\/li>\n<li><em><strong>Conceptos enogastron\u00f3micos en la que participan productores de vino, chefs y los actores m\u00e1s destacados de la escena culinaria del pa\u00eds<\/strong><\/em><\/li>\n<\/ul>\n<p>&nbsp;<\/p>\n<div id=\"attachment_414504\" style=\"width: 470px\" class=\"wp-caption aligncenter\"><a href=\"https:\/\/www.diarioimagen.net\/?attachment_id=414504\" rel=\"attachment wp-att-414504\"><img loading=\"lazy\" decoding=\"async\" aria-describedby=\"caption-attachment-414504\" class=\"size-large wp-image-414504\" src=\"https:\/\/www.diarioimagen.net\/wp-content\/uploads\/2019\/02\/turismo-3-460x259.jpg\" alt=\"\" width=\"460\" height=\"259\" srcset=\"https:\/\/www.diarioimagen.net\/wp-content\/uploads\/2019\/02\/turismo-3-460x259.jpg 460w, https:\/\/www.diarioimagen.net\/wp-content\/uploads\/2019\/02\/turismo-3-240x135.jpg 240w, https:\/\/www.diarioimagen.net\/wp-content\/uploads\/2019\/02\/turismo-3-235x132.jpg 235w, https:\/\/www.diarioimagen.net\/wp-content\/uploads\/2019\/02\/turismo-3-202x114.jpg 202w, https:\/\/www.diarioimagen.net\/wp-content\/uploads\/2019\/02\/turismo-3-350x196.jpg 350w, https:\/\/www.diarioimagen.net\/wp-content\/uploads\/2019\/02\/turismo-3-220x123.jpg 220w, https:\/\/www.diarioimagen.net\/wp-content\/uploads\/2019\/02\/turismo-3-237x132.jpg 237w, https:\/\/www.diarioimagen.net\/wp-content\/uploads\/2019\/02\/turismo-3.jpg 480w\" sizes=\"auto, (max-width: 460px) 100vw, 460px\" \/><\/a><p id=\"caption-attachment-414504\" class=\"wp-caption-text\">La deliciosa cochinita pibil en los restaurantes Del Pueblito.<\/p><\/div>\n<p>&nbsp;<\/p>\n<p>Lo que resta del mes de febrero, los restaurantes Del Pueblito en las 19 sucursales de Hoteles Misi\u00f3n promocionar\u00e1n la primera temporada de cochinita pibil. Pocos platillos nos representan tan excelsamente como \u00e9ste que, adem\u00e1s, incluye fragmentos y simbolismos de la cultura maya.<\/p>\n<p>La cochinita pibil es el estandarte de la comida yucateca cuyos or\u00edgenes se remontan al llamado \u201c<i>Hanal Pix\u00e1n<\/i>\u201d \u2013la comida de las \u00e1nimas\u2013, hermosa tradici\u00f3n del pueblo maya mediante la que recordaban a los seres queridos que se les adelantaron en el camino.<span class=\"Apple-converted-space\">\u00a0<\/span><\/p>\n<p>La preparaci\u00f3n consiste en ba\u00f1ar la carne \u2013ahora de cerdo\u2013 con achiote, pasta que resulta de moler las semillas color carmes\u00ed encerradas en el fruto de una planta arb\u00f3rea oriunda de Am\u00e9rica Central y Yucat\u00e1n, y cocerla en \u201cpib\u201d, que es horno de tierra (de aqu\u00ed el nombre del guiso). La acompa\u00f1aban con \u201ctan chucu\u00e1\u201d, delicioso atole de cacao de la regi\u00f3n. Para ese platillo ancestral se usaba fais\u00e1n, jabal\u00ed o venado, y cerdo despu\u00e9s del virreinato.<span class=\"Apple-converted-space\">\u00a0<\/span><\/p>\n<p>El 28 de febrero ser\u00e1 el \u00faltimo d\u00eda para degustar el delicioso platillo y sentirte orgulloso de saborear una parte de nuestra historia.<\/p>\n<p>Se sirve en los restaurantes Del Pueblito de los Hoteles Misi\u00f3n Aguascalientes Sur, Aguascalientes; Comanjilla, en Silao y Guanajuato, Guanajuato; Colima, Colima; Ciudad Valles, San Luis Potos\u00ed; Ex Hacienda de Chautla, Puebla; Cuernavaca, Morelos; Valle de Bravo, Estado de M\u00e9xico; Juriquila, Amealco y San Juan del R\u00edo, Quer\u00e9taro; Guadalajara, Jalisco; M\u00e9rida Panamericana, en M\u00e9rida, Yucat\u00e1n; Oaxaca, Oaxaca; Orizaba, Veracruz; Palenque, Chiapas; San Miguel Allende, Guanajuato; Toreo, Ciudad de M\u00e9xico, y Torre\u00f3n, Coahuila.<\/p>\n<p>\u2730\u2730\u2730\u2730\u2730 Aerom\u00e9xico y <i>Heineken M\u00e9xico<\/i> presentan su segunda <i>Terraza Premier,<\/i> inaugurada en el Aeropuerto Internacional General Mariano Escobedo en Monterrey, ubicada en la Sala Regional de la Terminal B.<\/p>\n<p>En ese espacio se pueden disfrutar productos <i>Heineken,<\/i> as\u00ed como una barra central con <i>snacks<\/i> y bebidas en cortes\u00eda. Tambi\u00e9n cuenta con servicio de caf\u00e9 Punta del Cielo, internet inal\u00e1mbrico, revistas, peri\u00f3dicos y \u00e1reas de trabajo que har\u00e1n m\u00e1s agradable y productiva la espera.<span class=\"Apple-converted-space\">\u00a0<\/span><\/p>\n<p>El acceso a este espacio es para viajeros en <i>Clase Premier<\/i> de Aerom\u00e9xico, miembros del <i>Club Premier<\/i> (<i>Titanio<\/i> y <i>Platino<\/i>), tarjetahabientes <i>American Express<\/i> Aerom\u00e9xico <i>Platino<\/i> y <i>Gold,<\/i> Santander Aerom\u00e9xico <i>Infinite<\/i> y <i>Platinum, Priority Pass, Diners Club<\/i> y <i>Lounge Club.<\/i><\/p>\n<p>Otros usuarios que viajan con Aerom\u00e9xico tendr\u00e1n acceso a la terraza con una tarifa de 882 pesos o 7 mil 800 Puntos <i>Premier<\/i> por d\u00eda. La Terraza tiene capacidad para 54 personas y brinda servicio de lunes a domingo de 5:30 a.m. a 10:00 p.m.<span class=\"Apple-converted-space\">\u00a0<\/span><\/p>\n<p><b>Antonio Fern\u00e1ndez<\/b>, director de Producto a bordo de la aerol\u00ednea, coment\u00f3: \u201ces orgullo para Aerom\u00e9xico poder crear estos espacios que benefician a nuestros pasajeros, pues hacen mejor experiencia de viaje. Para nosotros es muy importante que el viajero, ya sea de negocios o placer, tenga lugar c\u00f3modo y agradable mientras espera su vuelo\u201d.<span class=\"Apple-converted-space\">\u00a0<\/span><\/p>\n<p>Por su parte,<b> Arturo Sifuentes<\/b>, gerente de Cuentas Nacionales de <i>Heineken M\u00e9xico,<\/i> asegur\u00f3 que \u201cCon la inauguraci\u00f3n de la segunda Terraza ratificamos nuestro compromiso hacia los consumidores, de ofrecerles experiencias \u00fanicas. En este caso, con nuevo espacio donde los pasajeros podr\u00e1n esperar a que salga su vuelo, en ambiente confortable\u201d.<\/p>\n<p>Actualmente la aerol\u00ednea cuenta con nueve salones <i>Premier<\/i> en los principales aeropuertos del pa\u00eds y dos terrazas en conjunto con la compa\u00f1\u00eda cervecera.<\/p>\n<p>Es as\u00ed como Aerom\u00e9xico refuerza su presencia en Monterrey, su segundo centro de operaciones m\u00e1s importante en el pa\u00eds, desde donde ofrece conectividad hacia 10 destinos nacionales y siete internacionales.<\/p>\n<p>\u2730\u2730\u2730\u2730\u2730 <i>Experiencia Volvo<\/i> se denomin\u00f3 la iniciativa compuesta por cuatro conceptos enogastron\u00f3micos en la que participan productores de vino, chefs y los actores m\u00e1s destacados de la escena culinaria del pa\u00eds, ofrecida por <i>Volvo Car M\u00e9xico<\/i> como embajador de la gastronom\u00eda y el vino mexicano.<\/p>\n<p><b>Raymundo Cavazos<\/b>, director general de la marca de autobuses en M\u00e9xico, expres\u00f3 que \u201csin duda la gastronom\u00eda se ha posicionado como uno de los principales ejes de la cultura contempor\u00e1nea, y M\u00e9xico es uno de sus actores m\u00e1s destacados. Miles de viajeros visitan nuestro pa\u00eds todos los a\u00f1os para conocer nuestra cocina, convirtiendo a la gastronom\u00eda en una actividad de desarrollo econ\u00f3mico, social y ambiental, raz\u00f3n por la que para <i>Volvo<\/i> es de vital importancia ser part\u00edcipe del impulso a esta actividad\u201d. <span class=\"Apple-converted-space\">\u00a0 \u00a0<\/span><\/p>\n<p>Y es que de acuerdo con la Organizaci\u00f3n para la Cooperaci\u00f3n y el Desarrollo Econ\u00f3mico (OCDE), el 25 por ciento de los viajeros consideran la comida al momento de decidir un destino, y el 58 por ciento de las personas se preocupan por ella al momento de preparar su viaje.<\/p>\n<p><b>Miguel Luz<\/b>, director de Marketing y PR de dicha empresa en M\u00e9xico, coment\u00f3 que \u201cenalteciendo los valores de dise\u00f1o y sustentabilidad, la marca confeccion\u00f3 cuatro momentos a bordo de uno de los autobuses m\u00e1s recientes, una experiencia en s\u00ed misma para cada pasajero, con asientos de primera clase en ambas filas y un sistema de energ\u00eda inteligente que combina un motor de gasolina sobrealimentado y turboalimentado Drive \u2013 E 2.0 L y un motor el\u00e9ctrico\u201d, y detall\u00f3 las <i>Experiencia Volvo<\/i> para este 2019:<span class=\"Apple-converted-space\">\u00a0<\/span><\/p>\n<p>Un recorrido de cuatro d\u00edas a bordo del nuevo Volvo XC90 por los vi\u00f1edos del Valle de Guadalupe, la principal zona productora de vino del pa\u00eds, en compa\u00f1\u00eda de los due\u00f1os de las bodegas de vino m\u00e1s importantes de la regi\u00f3n, adem\u00e1s de reconocidos en\u00f3logos y chefs. Visitas a vi\u00f1edos y a los restaurantes que han hecho del Valle de Guadalupe un destino gastron\u00f3mico obligado para el viajero <i>foodie<\/i>.<\/p>\n<p>Los chefs <b>Enrique Olvera<\/b> (Pujol, Casa TEO) y <b>Eduardo Garc\u00eda<\/b> (M\u00e1ximo Bistrot Local) han generado una serie de sesiones y clases de cocina en las que se genera una interacci\u00f3n entre los chefs, la gente y los ingredientes, que termina en una cena maridada con una selecci\u00f3n de las mejores etiquetas de vino mexicano.<\/p>\n<p>Un recorrido por cinco taquer\u00edas de la Ciudad de M\u00e9xico que busca demostrar el gran acervo taquero de la capital mexicana \u2013su calidad y diversidad\u2013, adem\u00e1s de revelar la relaci\u00f3n que puede existir entre una comida tan democr\u00e1tica y accesible como lo es el taco y una copa de vino: cada taquer\u00eda tiene un maridaje espec\u00edfico de vino mexicano acorde con las caracter\u00edsticas de cada taco.<\/p>\n<p>Una <i>miniserie <\/i>de ocho c\u00e1psulas en video que busca adentrarse hasta lo m\u00e1s \u00edntimo del Valle de Guadalupe, Baja California, exponiendo las historias de ocho personajes emblem\u00e1ticos de la regi\u00f3n vitivin\u00edcola m\u00e1s entra\u00f1able de M\u00e9xico.<\/p>\n<p>Durante la presentaci\u00f3n estuvieron <b>Benito Molina<\/b> y <b>Solange Muris<\/b>, chefs del Restaurante Manzanilla; <b>Diego Hern\u00e1ndez Baquedano<\/b>, chef Coraz\u00f3n de Tierra, <b>Fernando P\u00e9rez Castro<\/b>, presidente del Comit\u00e9 Provino Baja California.<\/p>\n<p><em><a href=\"mailto:victoriagprado@gmail.com\" target=\"_blank\" rel=\"noopener\">victoriagprado@gmail.com<\/a><\/em><br \/>\n<em>Twitter: <a href=\"https:\/\/twitter.com\/victoriagprado\" target=\"_blank\" rel=\"noopener\">@victoriagprado<\/a><\/em><\/p>\n","protected":false},"excerpt":{"rendered":"<p>Lo que resta del mes de febrero, los restaurantes Del Pueblito en las 19 sucursales de Hoteles Misi\u00f3n promocionar\u00e1n la primera temporada de cochinita pibil. Pocos platillos nos representan tan excelsamente como \u00e9ste que, adem\u00e1s, incluye fragmentos y simbolismos de la cultura maya.<\/p>\n","protected":false},"author":1,"featured_media":414504,"comment_status":"open","ping_status":"open","sticky":false,"template":"","format":"standard","meta":{"_monsterinsights_skip_tracking":false,"_monsterinsights_sitenote_active":false,"_monsterinsights_sitenote_note":"","_monsterinsights_sitenote_category":0,"footnotes":""},"categories":[11],"tags":[107,43674,43681,106],"class_list":["post-414503","post","type-post","status-publish","format-standard","has-post-thumbnail","hentry","category-turismo","tag-de-cinco-estrellas","tag-opinion","tag-turismo","tag-victoria-gonzalez-prado"],"_links":{"self":[{"href":"https:\/\/www.diarioimagen.net\/index.php?rest_route=\/wp\/v2\/posts\/414503","targetHints":{"allow":["GET"]}}],"collection":[{"href":"https:\/\/www.diarioimagen.net\/index.php?rest_route=\/wp\/v2\/posts"}],"about":[{"href":"https:\/\/www.diarioimagen.net\/index.php?rest_route=\/wp\/v2\/types\/post"}],"author":[{"embeddable":true,"href":"https:\/\/www.diarioimagen.net\/index.php?rest_route=\/wp\/v2\/users\/1"}],"replies":[{"embeddable":true,"href":"https:\/\/www.diarioimagen.net\/index.php?rest_route=%2Fwp%2Fv2%2Fcomments&post=414503"}],"version-history":[{"count":0,"href":"https:\/\/www.diarioimagen.net\/index.php?rest_route=\/wp\/v2\/posts\/414503\/revisions"}],"wp:featuredmedia":[{"embeddable":true,"href":"https:\/\/www.diarioimagen.net\/index.php?rest_route=\/wp\/v2\/media\/414504"}],"wp:attachment":[{"href":"https:\/\/www.diarioimagen.net\/index.php?rest_route=%2Fwp%2Fv2%2Fmedia&parent=414503"}],"wp:term":[{"taxonomy":"category","embeddable":true,"href":"https:\/\/www.diarioimagen.net\/index.php?rest_route=%2Fwp%2Fv2%2Fcategories&post=414503"},{"taxonomy":"post_tag","embeddable":true,"href":"https:\/\/www.diarioimagen.net\/index.php?rest_route=%2Fwp%2Fv2%2Ftags&post=414503"}],"curies":[{"name":"wp","href":"https:\/\/api.w.org\/{rel}","templated":true}]}}