{"id":414592,"date":"2019-02-11T00:11:56","date_gmt":"2019-02-11T06:11:56","guid":{"rendered":"https:\/\/www.diarioimagen.net\/?p=414592"},"modified":"2019-02-11T04:34:46","modified_gmt":"2019-02-11T10:34:46","slug":"persisten-los-bloqueos-de-maestros-en-michoacan","status":"publish","type":"post","link":"https:\/\/www.diarioimagen.net\/?p=414592","title":{"rendered":"Persisten los bloqueos de maestros en Michoac\u00e1n"},"content":{"rendered":"<ul>\n<li><em><strong>Suman 27 d\u00edas de estrangulamiento de v\u00edas<\/strong><\/em><\/li>\n<li><em><strong>El levantamiento de plant\u00f3n en Uruapan no dur\u00f3 ni 60 minutos<\/strong><\/em><\/li>\n<\/ul>\n<p>&nbsp;<\/p>\n<div id=\"attachment_414680\" style=\"width: 470px\" class=\"wp-caption aligncenter\"><a href=\"https:\/\/www.diarioimagen.net\/?attachment_id=414680\" rel=\"attachment wp-att-414680\"><img loading=\"lazy\" decoding=\"async\" aria-describedby=\"caption-attachment-414680\" class=\"size-large wp-image-414680\" src=\"https:\/\/www.diarioimagen.net\/wp-content\/uploads\/2019\/02\/bloqueo-460x259.jpg\" alt=\"\" width=\"460\" height=\"259\" srcset=\"https:\/\/www.diarioimagen.net\/wp-content\/uploads\/2019\/02\/bloqueo-460x259.jpg 460w, https:\/\/www.diarioimagen.net\/wp-content\/uploads\/2019\/02\/bloqueo-240x135.jpg 240w, https:\/\/www.diarioimagen.net\/wp-content\/uploads\/2019\/02\/bloqueo-235x132.jpg 235w, https:\/\/www.diarioimagen.net\/wp-content\/uploads\/2019\/02\/bloqueo-202x114.jpg 202w, https:\/\/www.diarioimagen.net\/wp-content\/uploads\/2019\/02\/bloqueo-350x196.jpg 350w, https:\/\/www.diarioimagen.net\/wp-content\/uploads\/2019\/02\/bloqueo-220x123.jpg 220w, https:\/\/www.diarioimagen.net\/wp-content\/uploads\/2019\/02\/bloqueo-237x132.jpg 237w, https:\/\/www.diarioimagen.net\/wp-content\/uploads\/2019\/02\/bloqueo.jpg 480w\" sizes=\"auto, (max-width: 460px) 100vw, 460px\" \/><\/a><p id=\"caption-attachment-414680\" class=\"wp-caption-text\">Luego de que el 8 de febrero la CNTE acordara la liberaci\u00f3n total de las v\u00edas f\u00e9rreas de Michoac\u00e1n, el secretario de Organizaci\u00f3n del gremio, Salvador Almanza, asegur\u00f3 que en caso de seguir dichas movilizaciones, los participantes no forman parte de la Secci\u00f3n XVIII<\/p><\/div>\n<p>&nbsp;<\/p>\n<p>El bloqueo a las v\u00edas f\u00e9rreas de la comunidad de Caltzontzin, en Uruapan, Michoac\u00e1n, permanec\u00eda hasta ayer domingo.<\/p>\n<p>Suman 27 d\u00edas consecutivos sin que las siete v\u00edas de tren del estado sean liberadas por la Secci\u00f3n 18 de la Coordinadora Nacional de Trabajadores de la Educaci\u00f3n (CNTE).<\/p>\n<p>Pese a que en la asamblea del pasado jueves, los maestros disidentes acordaron liberar la totalidad de v\u00edas en la entidad, cumpliendo as\u00ed con las condiciones impuestas por la Federaci\u00f3n y el gobierno de Michoac\u00e1n para reactivar el di\u00e1logo, 30 maestros mantienen un plant\u00f3n sobre las v\u00edas en Caltzontzin.<\/p>\n<p>Ayer, este grupo de docentes liber\u00f3 la v\u00eda alrededor de una hora, pero despu\u00e9s decidi\u00f3 permanecer en ella con sus casas de campa\u00f1a.<\/p>\n<p style=\"text-align: center;\"><strong>Libera CNTE v\u00edas s\u00f3lo por una hora<\/strong><\/p>\n<p>El desbloqueo a la v\u00eda del ferrocarril de Caltzontzin, Uruapan,\u00a0 no dur\u00f3 ni 60 minutos debido a desacuerdos entre los integrantes de la Coordinadora Nacional de Trabajadores de la Educaci\u00f3n (CNTE) y su dirigencia en esa regi\u00f3n michoacana.<\/p>\n<p>Seg\u00fan fuentes del gremio, el representante de Uruapan, Hugo Erape, quien se reuni\u00f3 desde la noche del jueves con el dirigente en Michoac\u00e1n de la CNTE, lleg\u00f3 al plant\u00f3n con el acuerdo solicitando la liberaci\u00f3n de las v\u00edas.<\/p>\n<p>Sin embargo, se inform\u00f3, hay inconformidad de los docentes que mantienen el plant\u00f3n al considerar que no existen avances en el cumplimiento de las demandas incluidas en el pliego petitorio externado por la Secci\u00f3n 18 a autoridades federales y estatales.<\/p>\n<p>Alrededor de las 13:00 horas, en este punto de Uruapan, los maestros empezaron a retirar las casas de campa\u00f1a, mesas, anafres, palos y piedras. Hacia las 15:00 horas, retiraron en su totalidad lonas y palos y se replegaron a las inmediaciones.<\/p>\n<p>Erape inform\u00f3 a medios de comunicaci\u00f3n locales la liberaci\u00f3n de la v\u00eda, la \u00fanica que tras 26 d\u00edas permanec\u00eda obstruida.<\/p>\n<p>Sin embargo, cuando se retir\u00f3 del sitio, maestros volvieron a colocar palos y a atravesar lonas, arguyendo que este punto es la \u00fanica garant\u00eda que se tiene para orillar al gobierno al cumplimiento de demandas.<\/p>\n<p>A las 16:30 horas de ese mismo d\u00eda, los docentes se hab\u00edan plantado otra vez sobre los rieles.<\/p>\n<p style=\"text-align: center;\"><strong>CNTE se deslinda de quienes sigan con bloqueos<\/strong><\/p>\n<p>Luego de que el 8 de febrero la CNTE acordara la liberaci\u00f3n total de las v\u00edas f\u00e9rreas de Michoac\u00e1n, el secretario de Organizaci\u00f3n del gremio, Salvador Almanza, asegur\u00f3 que en caso de seguir dichas movilizaciones, los participantes no forman parte de la Secci\u00f3n XVIII.<\/p>\n<p>\u201cSi alguien est\u00e1 en la intenci\u00f3n de continuar en otros espacios pues va a ser gente que no est\u00e1 ni es parte de la Secci\u00f3n XVIII\u201c, declar\u00f3 el domingo tras la denuncia de que a\u00fan hay bloqueos en la comunidad de Caltzontzin. El agremiado asegur\u00f3 que la conclusi\u00f3n de las manifestaciones se logr\u00f3 por mayor\u00eda de votos, por lo que no es posible que un sector, aunque fuera minoritario, no cumpla con lo acordado, por lo que la CNTE se deslinda.<\/p>\n<p>\u201cEl pleno fue muy claro y de una manera contundente\u2026 una decisi\u00f3n mayoritaria muy amplia, y contundente la posici\u00f3n de la Secci\u00f3n XVIII de los secretarios y delegados.\u201d<\/p>\n<p>&nbsp;<\/p>\n<blockquote>\n<h3 style=\"text-align: left;\">Datos sobre movilizaciones de la CNTE<\/h3>\n<p>\u2022 6 mil millones\u00a0de pesos es el monto que exigen en bonos<\/p>\n<p>\u2022 30 d\u00edas de paro en algunas escuelas<\/p>\n<p>\u2022 27 d\u00edas de plant\u00f3n en el Centro<\/p>\n<p>\u2022 27 d\u00edas de bloqueos en las v\u00edas<\/p>\n<p>\u2022 122 escuelas\u00a0sin clases<\/p>\n<p>\u2022 Mil 800 maestros con descuentos\u00a0por faltistas<\/p>\n<p>\u2022 20 mil millones de\u00a0\u00a0 pesos que se han perdido por bloqueos<\/p>\n<p>\u2022 387 trenes sin cargar en el estado<\/p>\n<p>\u2022 3.3 millones de toneladas sin transportar<\/p><\/blockquote>\n","protected":false},"excerpt":{"rendered":"<p>El bloqueo a las v\u00edas f\u00e9rreas de la comunidad de Caltzontzin, en Uruapan, Michoac\u00e1n, permanec\u00eda hasta ayer domingo. Suman 27 d\u00edas consecutivos sin que las siete v\u00edas de tren del estado sean liberadas por la Secci\u00f3n 18 de la Coordinadora Nacional de Trabajadores de la Educaci\u00f3n (CNTE).<\/p>\n","protected":false},"author":3,"featured_media":414680,"comment_status":"open","ping_status":"open","sticky":false,"template":"","format":"standard","meta":{"_monsterinsights_skip_tracking":false,"_monsterinsights_sitenote_active":false,"_monsterinsights_sitenote_note":"","_monsterinsights_sitenote_category":0,"footnotes":""},"categories":[3],"tags":[4639,7473,2574,803,77862],"class_list":["post-414592","post","type-post","status-publish","format-standard","has-post-thumbnail","hentry","category-nacional","tag-bloqueos","tag-cnte","tag-maestros","tag-michoacan","tag-persisten"],"_links":{"self":[{"href":"https:\/\/www.diarioimagen.net\/index.php?rest_route=\/wp\/v2\/posts\/414592","targetHints":{"allow":["GET"]}}],"collection":[{"href":"https:\/\/www.diarioimagen.net\/index.php?rest_route=\/wp\/v2\/posts"}],"about":[{"href":"https:\/\/www.diarioimagen.net\/index.php?rest_route=\/wp\/v2\/types\/post"}],"author":[{"embeddable":true,"href":"https:\/\/www.diarioimagen.net\/index.php?rest_route=\/wp\/v2\/users\/3"}],"replies":[{"embeddable":true,"href":"https:\/\/www.diarioimagen.net\/index.php?rest_route=%2Fwp%2Fv2%2Fcomments&post=414592"}],"version-history":[{"count":0,"href":"https:\/\/www.diarioimagen.net\/index.php?rest_route=\/wp\/v2\/posts\/414592\/revisions"}],"wp:featuredmedia":[{"embeddable":true,"href":"https:\/\/www.diarioimagen.net\/index.php?rest_route=\/wp\/v2\/media\/414680"}],"wp:attachment":[{"href":"https:\/\/www.diarioimagen.net\/index.php?rest_route=%2Fwp%2Fv2%2Fmedia&parent=414592"}],"wp:term":[{"taxonomy":"category","embeddable":true,"href":"https:\/\/www.diarioimagen.net\/index.php?rest_route=%2Fwp%2Fv2%2Fcategories&post=414592"},{"taxonomy":"post_tag","embeddable":true,"href":"https:\/\/www.diarioimagen.net\/index.php?rest_route=%2Fwp%2Fv2%2Ftags&post=414592"}],"curies":[{"name":"wp","href":"https:\/\/api.w.org\/{rel}","templated":true}]}}