{"id":414654,"date":"2019-02-11T00:04:53","date_gmt":"2019-02-11T06:04:53","guid":{"rendered":"https:\/\/www.diarioimagen.net\/?p=414654"},"modified":"2019-02-11T00:39:26","modified_gmt":"2019-02-11T06:39:26","slug":"amlo-arrasa-y-coopta-a-edomex","status":"publish","type":"post","link":"https:\/\/www.diarioimagen.net\/?p=414654","title":{"rendered":"AMLO arrasa y coopta a Edomex"},"content":{"rendered":"<h2>Espacio Electoral<\/h2>\n<h5>Eleazar Flores<\/h5>\n<p>&nbsp;<\/p>\n<p><strong>CON MIRAS A 2021 Y 2023<\/strong>.- Con fines eminentemente electoreros -as\u00ed hoy se vean lejanos-, el presidente Andr\u00e9s Manuel L\u00f3pez Obrador viene acumulando puntos y votos\u00a0 para \u00e9l y su Morena, con tres programas piloto de su administraci\u00f3n, de innegable beneficio social.<\/p>\n<p>Se trata de los 3,400 pesos mensuales para los \u201cninis\u201d, el duplicar de 1,160 a 2,500 pesos para los adultos mayores y 1,600 pesos para estudiantes de educaci\u00f3n superior, anunciado este s\u00e1bado.<\/p>\n<p>En retrospectiva, vale recordar que hace justamente un mes, el pasado 10 de enero, el Presidente puso en marcha el programa de apoyo a los \u201cninis\u201d,\u00a0 de j\u00f3venes que buscan combinar estudio y trabajo en empresas pactadas para este programa. El apoyo de 3,400 pesos lo anunci\u00f3 AMLO en Tlalnepantla, en ausencia del gobernador por la muerte de su padre, Alfredo del Mazo Gonz\u00e1lez.<\/p>\n<p>S\u00f3lo a la semana siguiente, AMLO anunci\u00f3 el otro programa favorito de su cuarta transformaci\u00f3n, al duplicar el apoyo a los adultos mayores. La sede fue en Valle de Chalco- Solidaridad, de densa poblaci\u00f3n de escasos recursos en su mayor\u00eda, por lo que no pudo haber sido en mejor lugar para anunciar el apoyo a las personas de la tercera edad.<\/p>\n<p>El s\u00e1bado, en el sure\u00f1o municipio de Luvianos, uno de los de m\u00e1s reciente creaci\u00f3n y cuna del perredismo desde los noventas y hasta antes de que naciera Morena, L\u00f3pez Obrador anunci\u00f3 el apoyo de 1,600 pesos mensuales a todos los estudiantes de educaci\u00f3n superior para que puedan continuar sus estudios, en la misma regi\u00f3n o en otras instituciones.<\/p>\n<p>Por si fuera poco, y en respuesta a la petici\u00f3n del gobernador Alfredo del Mazo, se anunci\u00f3 la construcci\u00f3n de una universidad en aquella regi\u00f3n sure\u00f1a, lejana a la capital del estado. Adem\u00e1s, el titular de la SEP, Esteban Barrag\u00e1n, anunci\u00f3 la inversi\u00f3n de 4.1 millones de pesos para apoyar a todos los preparatorianos del pa\u00eds que necesiten dinero para seguir estudiando.<\/p>\n<p>Sin aparecer en primera fila en el evento presidencial de ayer en el sur del Estado de M\u00e9xico, si se apreci\u00f3 la asistencia de la superdelegada federal, la texcocana Delfina G\u00f3mez, pues ser\u00e1 la responsable de que todos esos generosos programas de apoyo a los \u201cninis\u201d, a los adultos mayores y a partir de ayer a los j\u00f3venes estudiantes,\u00a0 se apliquen correctamente.<\/p>\n<p>Dentro de 18 meses, -que para efectos electores pasan r\u00e1pido-, habr\u00e1 elecciones federales intermedias para elegir diputados. Coincidir\u00e1 con las locales para elegir a diputados locales y alcaldes, para lo cual Delfina, Morena y AMLO trabajan. Un padr\u00f3n de 12 millones de mexiquenses es el bot\u00edn.<\/p>\n<p><a href=\"mailto:elefa44@gmail.com\" target=\"_blank\" rel=\"noopener\"><em>elefa44@gmail.com<\/em><\/a><\/p>\n","protected":false},"excerpt":{"rendered":"<p><span style=\"color: #005497;\"><strong>Eleazar Flores<\/strong><\/span><\/p>\n","protected":false},"author":3,"featured_media":0,"comment_status":"open","ping_status":"open","sticky":false,"template":"","format":"standard","meta":{"_monsterinsights_skip_tracking":false,"_monsterinsights_sitenote_active":false,"_monsterinsights_sitenote_note":"","_monsterinsights_sitenote_category":0,"footnotes":""},"categories":[81743],"tags":[81744,81776,43674],"class_list":["post-414654","post","type-post","status-publish","format-standard","hentry","category-eleazar-flores","tag-eleazar-flores","tag-espacio-electoral","tag-opinion"],"_links":{"self":[{"href":"https:\/\/www.diarioimagen.net\/index.php?rest_route=\/wp\/v2\/posts\/414654","targetHints":{"allow":["GET"]}}],"collection":[{"href":"https:\/\/www.diarioimagen.net\/index.php?rest_route=\/wp\/v2\/posts"}],"about":[{"href":"https:\/\/www.diarioimagen.net\/index.php?rest_route=\/wp\/v2\/types\/post"}],"author":[{"embeddable":true,"href":"https:\/\/www.diarioimagen.net\/index.php?rest_route=\/wp\/v2\/users\/3"}],"replies":[{"embeddable":true,"href":"https:\/\/www.diarioimagen.net\/index.php?rest_route=%2Fwp%2Fv2%2Fcomments&post=414654"}],"version-history":[{"count":0,"href":"https:\/\/www.diarioimagen.net\/index.php?rest_route=\/wp\/v2\/posts\/414654\/revisions"}],"wp:attachment":[{"href":"https:\/\/www.diarioimagen.net\/index.php?rest_route=%2Fwp%2Fv2%2Fmedia&parent=414654"}],"wp:term":[{"taxonomy":"category","embeddable":true,"href":"https:\/\/www.diarioimagen.net\/index.php?rest_route=%2Fwp%2Fv2%2Fcategories&post=414654"},{"taxonomy":"post_tag","embeddable":true,"href":"https:\/\/www.diarioimagen.net\/index.php?rest_route=%2Fwp%2Fv2%2Ftags&post=414654"}],"curies":[{"name":"wp","href":"https:\/\/api.w.org\/{rel}","templated":true}]}}