{"id":414668,"date":"2019-02-11T00:10:29","date_gmt":"2019-02-11T06:10:29","guid":{"rendered":"https:\/\/www.diarioimagen.net\/?p=414668"},"modified":"2019-02-11T05:13:06","modified_gmt":"2019-02-11T11:13:06","slug":"hay-conflictos-de-interes-en-el-gabinete-de-lopez-obrador","status":"publish","type":"post","link":"https:\/\/www.diarioimagen.net\/?p=414668","title":{"rendered":"Hay conflictos de inter\u00e9s en el gabinete de L\u00f3pez Obrador"},"content":{"rendered":"<h2>\u00cdndice pol\u00edtico<\/h2>\n<h5>Francisco Rodr\u00edguez<\/h5>\n<p>&nbsp;<\/p>\n<div id=\"attachment_414721\" style=\"width: 470px\" class=\"wp-caption aligncenter\"><a href=\"https:\/\/www.diarioimagen.net\/?attachment_id=414721\" rel=\"attachment wp-att-414721\"><img loading=\"lazy\" decoding=\"async\" aria-describedby=\"caption-attachment-414721\" class=\"size-large wp-image-414721\" src=\"https:\/\/www.diarioimagen.net\/wp-content\/uploads\/2019\/02\/felino-MARAL-460x304.jpg\" alt=\"\" width=\"460\" height=\"304\" srcset=\"https:\/\/www.diarioimagen.net\/wp-content\/uploads\/2019\/02\/felino-MARAL-460x304.jpg 460w, https:\/\/www.diarioimagen.net\/wp-content\/uploads\/2019\/02\/felino-MARAL-240x159.jpg 240w, https:\/\/www.diarioimagen.net\/wp-content\/uploads\/2019\/02\/felino-MARAL-768x508.jpg 768w, https:\/\/www.diarioimagen.net\/wp-content\/uploads\/2019\/02\/felino-MARAL.jpg 1200w\" sizes=\"auto, (max-width: 460px) 100vw, 460px\" \/><\/a><p id=\"caption-attachment-414721\" class=\"wp-caption-text\">Felino&#8230; | Maral<\/p><\/div>\n<p>&nbsp;<\/p>\n<p>En su libro m\u00e1s reciente,\u00a0<em>\u00bfQu\u00e9 clase de criaturas somos?<\/em>, el activista y acad\u00e9mico\u00a0Noam Chomsky\u00a0recorre las dictaduras de los 70\u2019s y 80\u2019s en Am\u00e9rica Latina y describe el estado de quiebra de la sociedad estadounidense. Es b\u00e1sico para comprender d\u00f3nde estamos parados.<\/p>\n<p>La inteligencia y la virtud han sido desalojadas de los palacios de gobierno y ministerios, donde ahora imperan, dice Chomsky, un hombre indispensable, la mediocridad, el ego\u00edsmo, la mentira y el odio. Los grandes hombres y mujeres no son admitidos en el poder porque su presencia ridiculizar\u00eda a las bandas de torpes que nos dominan.<\/p>\n<p>Desde hace m\u00e1s de dos siglos lo dec\u00eda Erasmo de Rotterdam: la mediocridad es la gran herej\u00eda de nuestra \u00e9poca. El dominio que ejerce la mediocridad es letal y est\u00e1 destruyendo todos y cada uno de los logros de la civilizaci\u00f3n, desde la libertad y los derechos individuales hasta los grandes valores&#8230;<\/p>\n<p>&#8230; pasando por la fraternidad, la tolerancia, el buen gobierno y el reino de la verdad. La moderna ciencia pol\u00edtica est\u00e1 rebasada. El mundo que construyen los in\u00fatiles es un infierno para los mejores y un para\u00edso para imb\u00e9ciles y miserables. Para \u00e9stos, lo importante no es gobernar, sino controlar el poder.<\/p>\n<p>El rechazo de la ciudadan\u00eda a los pol\u00edticos es consecuencia directa de la dictadura de los mediocres, opina con raz\u00f3n Noam Chomsky. El an\u00e1lisis del gran ling\u00fcista y fil\u00f3sofo estadounidense constituye una pu\u00f1alada letal a los gabachos, que siempre se han considerado hechos a mano en eso de las reglas democr\u00e1ticas.<\/p>\n<p>Y s\u00ed, en M\u00e9xico lo vemos en todas sus presentaciones, a colores, en blanco y negro y en sepia. En lo primero que piensa un aspirante a pol\u00edtico es en las prebendas que da el poder, el boato, la complicidad, el protocolo, los tiquismiquis de la corrupci\u00f3n, la sumisi\u00f3n de los dem\u00e1s ante el culto a su personita.<\/p>\n<p>La carrera de los pr\u00f3ceres mexicanos ha sido hecha en base a pontificar retintines con voz engolada, controlar las luces del foro televisivo y las ubicaciones del teleprompter. A eso se dedicaron toda la vida. Son los nuevos or\u00e1culos. La gente que los sufre llega a convencerse de que est\u00e1n luchando a favor de ella.<\/p>\n<p>El mediocre de la pol\u00edtica mexicana es un astuto vulgar. La gente no se imagina lo que har\u00e1 al llegar al poder: capitula en favor del verdugo, transa con los patrones financieros, baja la cortina, sella todos sus secretos, en espera de que los comprender\u00e1n como asuntos de seguridad nacional. Luego, acaba y se va de rositas con sus validos y favoritos a gozar la mona.<\/p>\n<p>Son los defensores de la ignorancia supina. Por eso les molesta en extremo que alguien les eche a perder la fiesta. Ellos s\u00f3lo necesitan a sus aplaudidores. Cuando ven que alguien prende entre la muchedumbre ordena le se\u00f1alen y condenen de populista, de atentar contra las buenas costumbres y contra el pudor establecido.<\/p>\n<p>Si para lograr su comodidad es necesario robar, enga\u00f1ar y matar, no se detienen. Se hacen c\u00f3mplices de delincuentes, asesinos y traficantes para lograr su prop\u00f3sito. Al fin y al cabo, despu\u00e9s entrar\u00e1n en acci\u00f3n los medios de comunicaci\u00f3n vendidos para aclarar paradas, y sanseacab\u00f3.<\/p>\n<p>Nadie es ni ha sido mejor que ellos. Los que lleguen tendr\u00e1n que ajustarse a sus estilos y caprichos. Porque de no hacerlo, amenazan, sobrevendr\u00e1 el caos incontenible, la inflaci\u00f3n, la devaluaci\u00f3n, la fuga de capitales, las calificadoras internacionales, la ca\u00edda de las inversiones y el castigo de siempre para los m\u00e1s pobres entre los pobres.<\/p>\n<p>El nuevo r\u00e9gimen ha logrado que lo que pasa en M\u00e9xico deba forzosamente ser observado en todos los sitios del mundo. Las plataformas digitales se encargan de que todo se sepa en segundos, en minutos. Ya no es posible reservarse informaci\u00f3n, ni encriptar con los medios vendidos la aut\u00e9ntica realidad que nos circunda.<\/p>\n<p>Y d\u00e9jenme decirles que el mundo se ha horrorizado con el tiradero que dejaron los expertos en el arte de gobernar con mentiras y con demasiada rapi\u00f1a. El mundo tambi\u00e9n se pregunta: \u00bfc\u00f3mo es que los buenos mexicanos aguantaron todo esto sin chistar? La respuesta es m\u00e1s simple que cualquier especulaci\u00f3n.<\/p>\n<p>La ambici\u00f3n del poder por el puro poder es una mala hierba. S\u00f3lo florece en el solar abandonado de una mente vac\u00eda. La frase parece lapidaria, pero no. S\u00f3lo retrata a los investidos con el m\u00e1s alto cargo de un sistema corrupto y falaz como el mexicano del panpri\u00edsmo.<\/p>\n<p>En nuestro tiempo convulso y amenazado por los financieros, la ambici\u00f3n de poder s\u00f3lo se justifica cuando existen condiciones reales para el aspirante: quienes han hecho su vida deseando, peleando, obteniendo y ejerciendo el poder en beneficio de los dem\u00e1s, merecen eso y mucho m\u00e1s.<\/p>\n<p>No necesitan mandar desbocadamente sobre los dem\u00e1s, ni ser obedecidos lacayunamente por aqu\u00e9llos a quienes ni conocen. Lo que para el mediocre ser\u00eda un gran logro, para el hombre sensato con poder es un obst\u00e1culo de conciencia. El poder debe ser asumido y obedecido cuando se conf\u00eda en quien lo ejerce con mesura.<\/p>\n<p>Esto debe formar parte de una escala de valores que hasta la fecha desconocemos, porque hemos sido bombardeados con fuegos fatuos sobre el ejercicio del poder omn\u00edmodo. Pero ya no tiene por qu\u00e9 seguirse creyendo a pie juntillas. El noventa por ciento de quienes tienen esperanza en el nuevo r\u00e9gimen debe ser puesto a prueba cotidianamente.<\/p>\n<p>Deben ser deslindados con urgencia los conflictos de inter\u00e9s que hay entre algunos colaboradores muy cercanos del gobierno entrante, antes que acaben por dar al traste con la credibilidad de quien trae el pandero. Es necesario que se zanjen los casos de encubrimiento y de prevaricato que actualmente existen.<\/p>\n<p>Y es que, afortunada o infelizmente, los traidores y los mediocres casi siempre se ubican a querer o no en el mismo bando. Lo que est\u00e1 pasando en la Fiscal\u00eda General de la Naci\u00f3n, en la Secretar\u00eda de Gobernaci\u00f3n y en la del Trabajo y Previsi\u00f3n Social requiere de un bistur\u00ed inmediato, porque forma parte de decisiones fundacionales para el nuevo r\u00e9gimen.<\/p>\n<p>\u00bfQu\u00e9 clase de criaturas somos cuando no podemos entender que en el caso de delitos graves que se persiguen de oficio por la autoridad el amparo que se concede por un juez vendido s\u00f3lo alcanza para que el acusado se siente a declarar, porque nadie tiene derecho a amparar a alguien que ha violado la Constituci\u00f3n o suprimido el inter\u00e9s superior de la Naci\u00f3n\u200e? \u00bfA qui\u00e9n sirve el se\u00f1or Alejandro Gertz Manero?<\/p>\n<p>\u00bfC\u00f3mo podemos echar tierra al asunto de que el padre de la secretaria del Trabajo, Luisa Mar\u00eda Alcalde, haya servido toda su vida de litigante a intereses de caciques sindicales tipo Romero Deschamps, que tanto da\u00f1o han hecho al patrimonio nacional y a la vida y prestaciones sociales de sus agremiados?<\/p>\n<p>\u00bfC\u00f3mo podemos pasar por alto que los notarios capitalinos est\u00e9n que trinan porque la notar\u00eda de Olga S\u00e1nchez D\u00e1vila, heredada como casi toda su carrera por su padre, Jorge S\u00e1nchez Cordero, capta todos los negocios de inscripci\u00f3n testimonial que deber\u00edan tramitarse entre todos los que se dedican al oficio?<\/p>\n<p>\u00bfQu\u00e9 tipo de protecci\u00f3n estar\u00e1 ofreciendo el marido de Olga, un tal Eduardo Garc\u00eda Villegas, para haberse convertido de la noche a la ma\u00f1ana en el Notario del R\u00e9gimen? \u00bfEs un asunto de encubridores, de mediocres o de traidores al r\u00e9gimen?<\/p>\n<p>\u00bfO todos est\u00e1n en el mismo bando?<\/p>\n<p><strong><em>\u00cdndice Flam\u00edgero<\/em><\/strong><em>: <\/em>\u201cContra la corrupci\u00f3n: \u2018barrer como a las escaleras\u2019&#8230; pero&#8230;\u201d es el t\u00edtulo del escrito que hoy env\u00eda don Rub\u00e9n M\u00fajica V\u00e9lez: \u201cPero entre la parte de arriba y la de abajo de la escalera hay muchos \u2018entrepa\u00f1os\u2019. AMLO mantiene la lucha contra la corrupci\u00f3n y empieza a fructificar&#8230; y a originar protestas: Muchas protestas de aut\u00e9nticos \u2018paracaidistas\u2019 que por a\u00f1os medraron en todas las dependencias federales en el DF y en los estados de la Rep\u00fablica\u2026 Tenemos informaci\u00f3n de primera mano en lo referente al ISSSTE, SCT, IMSS y otras dependencias federales. As\u00ed que los zopilotes de ayer no se conforman con perder su \u2018pistita\u2019 en que mes con mes \u2018aterrizaban\u2019. Pero tambi\u00e9n se han iniciado las\u00a0<strong>reinstalaciones de bur\u00f3cratas<\/strong>\u00a0que \u2018sirvieron\u2019 en los 18 a\u00f1os (cuando menos) de\u00a0<strong>saqueo organizado<\/strong>. Ac\u00e1 en Oaxaca, en el IMSS, designaron primero a la hermanita de un destacado \u2018l\u00edder social\u2019 que realmente bajo el manto de Morena, ha reiniciado su rentable carrera de \u2018mam\u00f3n de las n\u00f3minas federales\u2019. Por fortuna no procedi\u00f3 el nombramiento por protestas sociales. Despu\u00e9s el director del Seguro Social, Mart\u00ednez C\u00e1zares,\u00a0<strong>panista de cepa<\/strong>, nombr\u00f3 como su delegado federal a Cony Rueda, cuyos \u2018brillantes\u2019 antecedentes burocr\u00e1ticos federales fue \u2018posar\u2019 con su cuatito Felipillo CaldeRon. Para acabarla de amolar, en la SCT Jim\u00e9nez Espri\u00fa nombr\u00f3 al Ing. Chida Pardo, que ya ocup\u00f3 ese puesto en ese\u00a0<strong>corrupto<\/strong>\u00a0periodo y que dej\u00f3 pendientes la justificaci\u00f3n de muchos millones de pesos y un intenso olor a azufre\u2026 Como amenaza, Moctezuma Barrag\u00e1n extern\u00f3 que pensaba en candidatos que no tienen la mejor reputaci\u00f3n y en personas que \u2018dice conocer\u2019. Entre ellos en el IEEPO, puesto\u00a0<strong>fundamental<\/strong>\u00a0en Oaxaca, mencion\u00f3 entre los\u00a0<em>precandidotes<\/em>\u00a0a Jos\u00e9 Luis Varela, uno de los peorcitos diputados federales impuesto por Cu\u00e9 de nefasto recuerdo. El mencionado es \u2018taquero\u2019 de profesi\u00f3n y se distingui\u00f3 por lograr un cr\u00e9dito en la C\u00e1mara de Diputados por 3\u00a0<em>milloncejos<\/em>\u00a0que\u00a0<strong>no pag\u00f3<\/strong>; otro es Mart\u00ednez Neri que, como diputado del PRD, vot\u00f3 a favor de los \u2018gasolinazos\u2019 y ahora se cobija en Morena. Moctezuma tambi\u00e9n mencion\u00f3 a un \u2018investigador\u2019 que ha medrado con las n\u00f3minas educativas y a un actual diputado federal de Morena que es lo \u00fanico rescatable. Pero Moctezuma, secretario de Educaci\u00f3n, mencion\u00f3 que sus candidatos procurar\u00e1 que sean \u2018aceptables\u2019 para los gobernadores, lo que \u00fanicamente garantiza que se\u00a0<strong>reinstalar\u00e1 a la misma fauna voraz que el pueblo repudia<\/strong>. \u00bfEs inocencia? En otras palabras la meta de AMLO de limpiar la burocracia como las escaleras \u2018barriendo de arriba para abajo\u2019 puede frustrarse y terminar con la\u00a0<strong>reinstalaci\u00f3n en los entrepa\u00f1os<\/strong>\u00a0de los mismos\u00a0<strong>buitres<\/strong>\u00a0s\u00f3lo que ahora \u2018<strong>morenizados<\/strong>\u2019 o, en casos, sin disfrazar su avaricia. \u00bfQu\u00e9 hacer? Que AMLO\u00a0<strong>exija<\/strong>\u00a0a sus colaboradores, a\u00a0<strong>todos<\/strong>\u00a0<strong>los secretarios<\/strong>, que no seleccionen a los\u00a0<strong>delegados<\/strong>\u00a0que son los\u00a0<strong>ejecutores<\/strong>\u00a0de los programas\u00a0<strong>federales\u00a0<\/strong>y \u2018filtros\u2019 claves para eliminar o para mantener la corrupci\u00f3n, por sus simpat\u00edas personales, por haberlos conocido como zalameros seguidores, tampoco por la \u2018anuencia\u2019 de gobernadores que forman la mayor\u00eda un\u00a0<strong>grupo<\/strong>\u00a0s\u00f3lido para destruir la 4a. Transformaci\u00f3n y bloquearla de arriba abajo. Deben seleccionar por el perfil id\u00f3neo al puesto, por experiencia y por la\u00a0<strong>honestidad personal<\/strong>\u00a0que pueden corroborarla con el pueblo. Muchos\u00a0<strong>morenos<\/strong>\u00a0que se fajaron por a\u00f1os para construir Morena y llevar a la\u00a0<strong>Presidencia<\/strong>\u00a0a AMLO, merecen una oportunidad. Muy por arriba de la multitudinaria\u00a0<strong>basqui\u00f1a<\/strong>\u00a0que est\u00e1 siendo instalada en las entidades federales. No permitamos la\u00a0<strong>siembra de huevos de dinosaurio redivivo<\/strong>. No olvidemos el adagio popular: \u2018<strong>Perro que come huevo aunque le rompan el hocico\u2019.<\/strong><\/p>\n<p><u><em><a href=\"http:\/\/www.indicepolitico.com\" target=\"_blank\" rel=\"noopener\">www.indicepolitico.com<\/a><\/em><br \/>\n<a href=\"mailto:pacorodriguez@journalist.com\" target=\"_blank\" rel=\"noopener\"><em>pacorodriguez@journalist.com<\/em><\/a><br \/>\n<em><a href=\"https:\/\/twitter.com\/pacorodriguez\" target=\"_blank\" rel=\"noopener\">@pacorodriguez<\/a><\/em><\/u><\/p>\n","protected":false},"excerpt":{"rendered":"<p><span style=\"color: #005497;\"><strong>Francisco Rodr\u00edguez<\/strong><\/span><br \/>\n<br \/>\nEn su libro m\u00e1s reciente, <em>\u00bfQu\u00e9 clase de criaturas somos?<\/em>, el activista y acad\u00e9mico Noam Chomsky recorre las dictaduras de los 70\u2019s y 80\u2019s en Am\u00e9rica Latina y describe el estado de quiebra de la sociedad estadounidense. Es b\u00e1sico para comprender d\u00f3nde estamos parados.<\/p>\n","protected":false},"author":3,"featured_media":414721,"comment_status":"open","ping_status":"open","sticky":false,"template":"","format":"standard","meta":{"_monsterinsights_skip_tracking":false,"_monsterinsights_sitenote_active":false,"_monsterinsights_sitenote_note":"","_monsterinsights_sitenote_category":0,"footnotes":""},"categories":[549],"tags":[43689,550,43674],"class_list":["post-414668","post","type-post","status-publish","format-standard","has-post-thumbnail","hentry","category-francisco-rodriguez","tag-francisco-rodriguez","tag-indice-politico","tag-opinion"],"_links":{"self":[{"href":"https:\/\/www.diarioimagen.net\/index.php?rest_route=\/wp\/v2\/posts\/414668","targetHints":{"allow":["GET"]}}],"collection":[{"href":"https:\/\/www.diarioimagen.net\/index.php?rest_route=\/wp\/v2\/posts"}],"about":[{"href":"https:\/\/www.diarioimagen.net\/index.php?rest_route=\/wp\/v2\/types\/post"}],"author":[{"embeddable":true,"href":"https:\/\/www.diarioimagen.net\/index.php?rest_route=\/wp\/v2\/users\/3"}],"replies":[{"embeddable":true,"href":"https:\/\/www.diarioimagen.net\/index.php?rest_route=%2Fwp%2Fv2%2Fcomments&post=414668"}],"version-history":[{"count":0,"href":"https:\/\/www.diarioimagen.net\/index.php?rest_route=\/wp\/v2\/posts\/414668\/revisions"}],"wp:featuredmedia":[{"embeddable":true,"href":"https:\/\/www.diarioimagen.net\/index.php?rest_route=\/wp\/v2\/media\/414721"}],"wp:attachment":[{"href":"https:\/\/www.diarioimagen.net\/index.php?rest_route=%2Fwp%2Fv2%2Fmedia&parent=414668"}],"wp:term":[{"taxonomy":"category","embeddable":true,"href":"https:\/\/www.diarioimagen.net\/index.php?rest_route=%2Fwp%2Fv2%2Fcategories&post=414668"},{"taxonomy":"post_tag","embeddable":true,"href":"https:\/\/www.diarioimagen.net\/index.php?rest_route=%2Fwp%2Fv2%2Ftags&post=414668"}],"curies":[{"name":"wp","href":"https:\/\/api.w.org\/{rel}","templated":true}]}}