{"id":414727,"date":"2019-02-12T00:09:16","date_gmt":"2019-02-12T06:09:16","guid":{"rendered":"https:\/\/www.diarioimagen.net\/?p=414727"},"modified":"2019-02-12T22:30:04","modified_gmt":"2019-02-13T04:30:04","slug":"bartlett-difunde-lista-de-ex-funcionarios-ligados-con-destruccion-de-la-cfe","status":"publish","type":"post","link":"https:\/\/www.diarioimagen.net\/?p=414727","title":{"rendered":"Bartlett difunde lista de ex presidentes ligados con la \u201cdestrucci\u00f3n de la CFE\u201d"},"content":{"rendered":"<ul>\n<li><em><strong>Hoy se produce la mitad de la energ\u00eda que se consume<\/strong><\/em><\/li>\n<\/ul>\n<h6>Jos\u00e9 Luis Monta\u00f1ez<\/h6>\n<p>&nbsp;<\/p>\n<div id=\"attachment_414728\" style=\"width: 470px\" class=\"wp-caption aligncenter\"><img loading=\"lazy\" decoding=\"async\" aria-describedby=\"caption-attachment-414728\" class=\"size-large wp-image-414728\" src=\"https:\/\/www.diarioimagen.net\/wp-content\/uploads\/2019\/02\/CFE12-PORTAL-460x268.jpg\" alt=\"\" width=\"460\" height=\"268\" srcset=\"https:\/\/www.diarioimagen.net\/wp-content\/uploads\/2019\/02\/CFE12-PORTAL-460x268.jpg 460w, https:\/\/www.diarioimagen.net\/wp-content\/uploads\/2019\/02\/CFE12-PORTAL-240x140.jpg 240w, https:\/\/www.diarioimagen.net\/wp-content\/uploads\/2019\/02\/CFE12-PORTAL.jpg 480w\" sizes=\"auto, (max-width: 460px) 100vw, 460px\" \/><p id=\"caption-attachment-414728\" class=\"wp-caption-text\">Manuel Bartlett D\u00edaz denunci\u00f3 que ex funcionarios del gobierno mexicano que trabajan para las empresas particulares, generaron que CFE se debilitara.<\/p><\/div>\n<p>&nbsp;<\/p>\n<p>El director general de la Comisi\u00f3n Federal de Electricidad (CFE), Manuel Bartlett D\u00edaz, denunci\u00f3 que ex funcionarios p\u00fablicos de diferentes etapas del gobierno mexicano que trabajan para las empresas particulares, generaron que la empresa se debilitara y hoy produzca la mitad de la energ\u00eda que se consume en el pa\u00eds.<\/p>\n<p>En conferencia de prensa en Palacio Nacional, acompa\u00f1ado del Presidente, afirm\u00f3 que diversos ex funcionarios han ca\u00eddo en un \u201cabsoluto conflicto de intereses\u201d al favorecer a las empresas privadas.<\/p>\n<p>Entre ellos mencion\u00f3 al ex presidente de la Rep\u00fablica, Carlos Salinas de Gortari, quien fue el promotor que abri\u00f3 la participaci\u00f3n privada; Jos\u00e9 Mar\u00eda C\u00f3rdoba Montoya, quien tiene participaci\u00f3n en el negocio el\u00e9ctrico, y Jes\u00fas Reyes Heroles Gonz\u00e1lez Garza, exsecretario de Energ\u00eda y ex director general de Petr\u00f3leos Mexicanos (Pemex), quien participa en grandes empresas y consejos consultivos de energ\u00eda.<\/p>\n<p>Otros son Carlos Ruiz Sacrist\u00e1n, ex titular de la Secretar\u00eda de Comunicaciones y Transportes (SCT), quien es presidente y director general de una empresa que tiene que ver con actividades de generaci\u00f3n de electricidad; Luis T\u00e9llez Kuenzler, ex secretario de Energ\u00eda y ex titular de la SCT, quien funge como asesor en empresas extranjeras que proporcionan supuestamente servicios de energ\u00edas limpias.<\/p>\n<p>Alfredo El\u00edas Ayub, exdirector general de la CFE, quien es consejero independiente vinculado a empresas extranjeras; el ex presidente Felipe Calder\u00f3n Hinojosa, que es consejero independiente de una empresa extranjera, y Georgina Kessel Mart\u00ednez, ex secretaria de Energ\u00eda, y ahora consejera y directora de otra empresa privada ligada al sector energ\u00e9tico.<\/p>\n<p>Tambi\u00e9n Jordy Herrera Flores, consultor de energ\u00eda que ha trabajado en diversas actividades de empresas de generaci\u00f3n privadas, y Alejandro Fleming, quien ahora es miembro de los consejos de Iberdrola M\u00e9xico.<\/p>\n<p>Abund\u00f3 que \u201cen este modelo neoliberal han participado funcionarios de diferentes etapas del gobierno mexicano, con lo que se crea una combinaci\u00f3n entre los sectores privados y estas antiguas autoridades, que ha generado que en unos cuantos a\u00f1os la Comisi\u00f3n Federal de Electricidad se haya reducido a una empresa que genera nada m\u00e1s 50 por ciento de la energ\u00eda que se consume\u201d.<\/p>\n<p>Bartlett D\u00edaz explic\u00f3, que existen \u201csiete gasoductos que est\u00e1n detenidos y que son de las empresas que yo dije, esos son los que necesariamente hay que renegociar\u201d y revel\u00f3 que \u201clas empresas propietarias de los ductos que est\u00e1n detenidos son: Carso, IEnova y TransCanada\u201d.<\/p>\n<p>Explic\u00f3 que lo que sucedi\u00f3, es que se \u201cfirman contratos realmente leoninos, que establecen que los consultores privados tienen que pagar todo el tr\u00e1nsito para la construcci\u00f3n de estos ductos\u201d.<\/p>\n<p>Agreg\u00f3 que en dichos contratos, firmados durante la pasada administraci\u00f3n, se dice tambi\u00e9n \u201cque cualquier causa de fuerza mayor que impida a esa empresa continuar la construcci\u00f3n, obliga a la CFE a pagar una pena como si estuviera recibiendo el gas, sin recibirlo\u201d. Por lo que \u201clos contratos establecen que como es un caso fortuito y de fuerza mayor, lo interpretan que el que tiene que pagar es la CFE, entonces han venido estableciendo unos pagos, cinco mil millones, que van creciendo sin que recibamos el gas\u201d, dijo.<\/p>\n<p>De manera que, \u201cde continuarse esos contratos, la CFE est\u00e1 en una posici\u00f3n realmente de quiebra, por lo que es necesario hacer una revisi\u00f3n para que se establezca una equidad y no se paguen unos gastos verdaderamente exorbitantes\u201d, subray\u00f3 el funcionario.<\/p>\n<p>Enfatiz\u00f3 que se buscar\u00e1 las reuniones con las empresas a la brevedad, para realizar una negociaci\u00f3n formal y \u201cplantear que cada uno de esos contratos son leoninos y queremos discutirlos\u201d, en caso de no tener una respuesta favorable, se buscar\u00edan los caminos legales correspondientes.<\/p>\n","protected":false},"excerpt":{"rendered":"<p><span style=\"color: #005497;\">Jos\u00e9 Luis Monta\u00f1ez<\/span><br \/>\n<br \/>\nEl director general de la Comisi\u00f3n Federal de Electricidad (CFE), Manuel Bartlett D\u00edaz, denunci\u00f3 que ex funcionarios p\u00fablicos de diferentes etapas del gobierno mexicano que trabajan para las empresas particulares, generaron que la empresa se debilitara y hoy produzca la mitad de la energ\u00eda que se consume en el pa\u00eds.<\/p>\n","protected":false},"author":5,"featured_media":414728,"comment_status":"open","ping_status":"open","sticky":false,"template":"","format":"standard","meta":{"_monsterinsights_skip_tracking":false,"_monsterinsights_sitenote_active":false,"_monsterinsights_sitenote_note":"","_monsterinsights_sitenote_category":0,"footnotes":""},"categories":[3],"tags":[82717,800,138,82749,82716,74155,3002,82718],"class_list":["post-414727","post","type-post","status-publish","format-standard","has-post-thumbnail","hentry","category-nacional","tag-bartlett-d","tag-carlos-salinas-de-gortari","tag-comision-federal-de-electricidad","tag-destruccion","tag-destruccion-de-la-cfe","tag-ligados","tag-manuel-bartlett-diaz","tag-uis-tellez-kuenzler"],"_links":{"self":[{"href":"https:\/\/www.diarioimagen.net\/index.php?rest_route=\/wp\/v2\/posts\/414727","targetHints":{"allow":["GET"]}}],"collection":[{"href":"https:\/\/www.diarioimagen.net\/index.php?rest_route=\/wp\/v2\/posts"}],"about":[{"href":"https:\/\/www.diarioimagen.net\/index.php?rest_route=\/wp\/v2\/types\/post"}],"author":[{"embeddable":true,"href":"https:\/\/www.diarioimagen.net\/index.php?rest_route=\/wp\/v2\/users\/5"}],"replies":[{"embeddable":true,"href":"https:\/\/www.diarioimagen.net\/index.php?rest_route=%2Fwp%2Fv2%2Fcomments&post=414727"}],"version-history":[{"count":0,"href":"https:\/\/www.diarioimagen.net\/index.php?rest_route=\/wp\/v2\/posts\/414727\/revisions"}],"wp:featuredmedia":[{"embeddable":true,"href":"https:\/\/www.diarioimagen.net\/index.php?rest_route=\/wp\/v2\/media\/414728"}],"wp:attachment":[{"href":"https:\/\/www.diarioimagen.net\/index.php?rest_route=%2Fwp%2Fv2%2Fmedia&parent=414727"}],"wp:term":[{"taxonomy":"category","embeddable":true,"href":"https:\/\/www.diarioimagen.net\/index.php?rest_route=%2Fwp%2Fv2%2Fcategories&post=414727"},{"taxonomy":"post_tag","embeddable":true,"href":"https:\/\/www.diarioimagen.net\/index.php?rest_route=%2Fwp%2Fv2%2Ftags&post=414727"}],"curies":[{"name":"wp","href":"https:\/\/api.w.org\/{rel}","templated":true}]}}