{"id":414732,"date":"2019-02-12T00:11:37","date_gmt":"2019-02-12T06:11:37","guid":{"rendered":"https:\/\/www.diarioimagen.net\/?p=414732"},"modified":"2019-02-12T00:23:08","modified_gmt":"2019-02-12T06:23:08","slug":"se-hicieron-negocios-jugosos-al-amparo-del-poder-publico-lopez-obrador","status":"publish","type":"post","link":"https:\/\/www.diarioimagen.net\/?p=414732","title":{"rendered":"Negocios \u201cjugosos\u201d con pol\u00edticas privatizadoras: L\u00f3pez Obrador"},"content":{"rendered":"<ul>\n<li><em><strong>Al amparo del poder p\u00fablico<\/strong><\/em><\/li>\n<li><em><strong>\u201cCFE era una empresa exitosa y ahora genera la mitad de lo que se consume\u201d<\/strong><\/em><\/li>\n<\/ul>\n<p>&nbsp;<\/p>\n<p>&nbsp;<\/p>\n<div id=\"attachment_414733\" style=\"width: 470px\" class=\"wp-caption aligncenter\"><img loading=\"lazy\" decoding=\"async\" aria-describedby=\"caption-attachment-414733\" class=\"size-large wp-image-414733\" src=\"https:\/\/www.diarioimagen.net\/wp-content\/uploads\/2019\/02\/AMLO12-PORTAL-460x268.jpg\" alt=\"\" width=\"460\" height=\"268\" srcset=\"https:\/\/www.diarioimagen.net\/wp-content\/uploads\/2019\/02\/AMLO12-PORTAL-460x268.jpg 460w, https:\/\/www.diarioimagen.net\/wp-content\/uploads\/2019\/02\/AMLO12-PORTAL-240x140.jpg 240w, https:\/\/www.diarioimagen.net\/wp-content\/uploads\/2019\/02\/AMLO12-PORTAL.jpg 480w\" sizes=\"auto, (max-width: 460px) 100vw, 460px\" \/><p id=\"caption-attachment-414733\" class=\"wp-caption-text\">Andr\u00e9s manuel L\u00f3pez Obrador afirm\u00f3 que M\u00e9xico es de los pa\u00edses que paga la energ\u00eda el\u00e9ctrica m\u00e1s cara.<\/p><\/div>\n<p>&nbsp;<\/p>\n<p>El presidente Andr\u00e9s Manuel L\u00f3pez Obrador dijo que con las pol\u00edticas privatizadoras del pasado, que entregaron parte importante del mercado a empresas particulares, se vino dando un deterioro de la CFE, \u201cy todo esto afecta a los mexicanos, porque se tiene que pagar m\u00e1s por la luz desde que se inici\u00f3 esta pol\u00edtica privatizadora\u201d.<\/p>\n<p>\u201cEn el caso de la CFE, era una empresa exitosa, se generaba toda la energ\u00eda el\u00e9ctrica que consum\u00edamos y ahora genera la mitad de lo que se consume. Son empresas particulares las que abastecen el mercado con costos muy elevados.<\/p>\n<p>\u201cM\u00e9xico es de los pa\u00edses que tiene que pagar m\u00e1s cara la energ\u00eda el\u00e9ctrica, pagamos m\u00e1s en M\u00e9xico por la energ\u00eda el\u00e9ctrica que Estados Unidos y no era as\u00ed. \u00bfQu\u00e9 ha sucedido?, se han hecho negocios jugosos al amparo del poder p\u00fablico, se han celebrado contratos leoninos, contratos para favorecer a particulares\u201d, afirm\u00f3 L\u00f3pez Obrador.<\/p>\n<p>En conferencia de prensa en Palacio Nacional, detall\u00f3 que con las pol\u00edticas energ\u00e9ticas aplicadas en el pasado se debilit\u00f3 a este sector, por lo que se implementa un plan para fortalecer a la Comisi\u00f3n Federal de Electricidad (CFE) y, en el marco de la ley, se revisar\u00e1n los contratos que puedan resultar contrarios al inter\u00e9s nacional.<\/p>\n<p>Acompa\u00f1ado por el director general de la CFE, Manuel Bartlett, indic\u00f3: \u201cLo que estamos buscando es que se logre, en el marco de la ley, una reestructuraci\u00f3n de acuerdos y compromisos de manera voluntaria; estamos exhortando a las empresas que tienen acuerdos con la Comisi\u00f3n Federal de Electricidad para que conjuntamente celebremos un convenio, se revisen contratos y, sobre todo, se haga el acuerdo de que no van a aumentar los precios de la energ\u00eda el\u00e9ctrica\u201d.<\/p>\n<p>Reiter\u00f3 el compromiso del Estado mexicano para no aumentar los precios de la energ\u00eda el\u00e9ctrica a los consumidores, \u201cpero queremos que las empresas particulares ayuden en este prop\u00f3sito; de ninguna manera se va a hacer por la fuerza, queremos que sea una participaci\u00f3n voluntaria\u201d.<\/p>\n<p>\u201cLo que queremos es convencerlos para que se logre una negociaci\u00f3n favorable a los ciudadanos, porque son pr\u00e1cticas que en ning\u00fan lugar del mundo se llevan a cabo\u201d, precis\u00f3, y conf\u00edo en que \u00e9stas se encuentran abiertas al di\u00e1logo.<\/p>\n<p>Se\u00f1al\u00f3 que tambi\u00e9n es un compromiso el no hacer ninguna reforma y no se tomar\u00e1 ninguna medida que sirva de pretexto para crear nerviosismo, al final ser\u00e1 decisi\u00f3n de las empresas, aunque la administraci\u00f3n federal buscar\u00e1 la forma de fortalecer a la CFE.<\/p>\n<p>Confi\u00f3 en que sean empresas responsables, que entiendan la situaci\u00f3n por la que atraviesa el pa\u00eds y \u201cque nos ayuden a sacar adelante a M\u00e9xico, que nos ayuden a enfrentar la crisis que produjo la pol\u00edtica neoliberal\u201d.<\/p>\n<p style=\"text-align: center;\"><strong>\u201cM\u00e9xico requiere inversi\u00f3n privada, tanto nacional como extranjera\u201d<\/strong><\/p>\n<p>Puntualiz\u00f3 que en M\u00e9xico se quiere que haya inversi\u00f3n privada tanto nacional como extranjera, pero tambi\u00e9n se desea que las empresas internacionales act\u00faen con dimensi\u00f3n \u00e9tica, por lo que expuso que una compa\u00f1\u00eda contrat\u00f3 a un expresidente, lo que resulta inmoral, e incluso esto no puede hacerse en otros pa\u00edses, por lo que enfatiz\u00f3: \u201cM\u00e9xico no es ya tierra de conquista, eso se termina\u201d.<\/p>\n<p>L\u00f3pez Obrador asegur\u00f3 que se mantendr\u00e1n buenas relaciones con los gobiernos y sus pueblos, y se cuidar\u00e1n las relaciones comerciales.<\/p>\n<p>Subray\u00f3 que se han entregado contratos a particulares para ductos en donde la CFE es la garante de la compra del gas, \u201cpero no s\u00f3lo eso, si los ductos no se pueden construir, como est\u00e1 sucediendo en siete grandes gasoductos, se tienen que estar pagando a las empresas aunque no haya gas; hay siete gasoductos parados que van a significar una erogaci\u00f3n para el mediano plazo de 21 mil millones de d\u00f3lares\u201d.<\/p>\n<p>Explic\u00f3 que a esta situaci\u00f3n se debe agregar que se subsidia a las empresas particulares, porque no pagan por el servicio de la transmisi\u00f3n de la energ\u00eda, \u201cy hay que pagarles subsidio por un concepto que se llama cargo fijo\u201d.<\/p>\n<p>Manifest\u00f3 que todo esto afect\u00f3 a las finanzas de la CFE y en donde han participado exfuncionarios del sector energ\u00e9tico, que adem\u00e1s, algunos han incurrido en \u201cla pr\u00e1ctica totalmente inmoral de que los funcionarios terminan su desempe\u00f1o en el sector p\u00fablico y se pasan a trabajar a las empresas que reciben contratos\u201d.<\/p>\n<p>Adelant\u00f3 que se contempla proponer un ordenamiento legal que impida a los servidores p\u00fablicos trabajar por un periodo determinado a partir del t\u00e9rmino de su encargo en empresas del ramo relacionado con el puesto que desempe\u00f1aron.<\/p>\n<p>Dijo que este plan tambi\u00e9n contempla la modernizaci\u00f3n de plantas hidroel\u00e9ctricas para hacerlas m\u00e1s eficientes y, de esta manera, avanzar en la competencia dentro de un mundo globalizado, al no tener que pagar m\u00e1s por los consumos en la industria nacional.<\/p>\n<p>Hizo hincapi\u00e9 en que ahora el gran cambio que se busca en M\u00e9xico es el de separar el poder econ\u00f3mico del pol\u00edtico, \u201cporque nos ha hecho mucho da\u00f1o que el poder econ\u00f3mico y el pol\u00edtico se alimenten y se nutran mutuamente\u201d.<\/p>\n<p>El mandatario agreg\u00f3 que conforme se vaya rescatando tanto la industria el\u00e9ctrica como la petrolera, comenzar\u00e1n a bajar los costos con el objetivo de ser competitivos en el mercado mundial, y en eso contribuir\u00e1 la construcci\u00f3n de una nueva refiner\u00eda y la modernizaci\u00f3n de las existentes.<\/p>\n<p>Anunci\u00f3 que presentar\u00e1 ternas, tanto para el consejo de la Comisi\u00f3n Reguladora de Energ\u00eda como para el Consejo de Pemex y para la Comisi\u00f3n Nacional de Hidrocarburos. El mandatario afirm\u00f3 que el expresidente Felipe Calder\u00f3n est\u00e1 en su derecho de exponer sus puntos de vista; sin embargo, pidi\u00f3 que se traten estos asuntos, que tienen que ver con el inter\u00e9s p\u00fablico, sin enojos, sin pelea, con respeto, con urbanidad pol\u00edtica, para poder dialogar.<\/p>\n","protected":false},"excerpt":{"rendered":"<p>El presidente Andr\u00e9s Manuel L\u00f3pez Obrador dijo que con las pol\u00edticas privatizadoras del pasado, que entregaron parte importante del mercado a empresas particulares, se vino dando un deterioro de la CFE, \u201cy todo esto afecta a los mexicanos, porque se tiene que pagar m\u00e1s por la luz desde que se inici\u00f3 esta pol\u00edtica privatizadora\u201d.<\/p>\n","protected":false},"author":5,"featured_media":414733,"comment_status":"open","ping_status":"open","sticky":false,"template":"","format":"standard","meta":{"_monsterinsights_skip_tracking":false,"_monsterinsights_sitenote_active":false,"_monsterinsights_sitenote_note":"","_monsterinsights_sitenote_category":0,"footnotes":""},"categories":[3],"tags":[25465,139,82720,23603,82719,81020,43673,28888],"class_list":["post-414732","post","type-post","status-publish","format-standard","has-post-thumbnail","hentry","category-nacional","tag-cara","tag-cfe","tag-con-las-politicas-privatizadoras-del-pasado","tag-energia","tag-jugosos","tag-lopez-obrador","tag-nacional","tag-negocios"],"_links":{"self":[{"href":"https:\/\/www.diarioimagen.net\/index.php?rest_route=\/wp\/v2\/posts\/414732","targetHints":{"allow":["GET"]}}],"collection":[{"href":"https:\/\/www.diarioimagen.net\/index.php?rest_route=\/wp\/v2\/posts"}],"about":[{"href":"https:\/\/www.diarioimagen.net\/index.php?rest_route=\/wp\/v2\/types\/post"}],"author":[{"embeddable":true,"href":"https:\/\/www.diarioimagen.net\/index.php?rest_route=\/wp\/v2\/users\/5"}],"replies":[{"embeddable":true,"href":"https:\/\/www.diarioimagen.net\/index.php?rest_route=%2Fwp%2Fv2%2Fcomments&post=414732"}],"version-history":[{"count":0,"href":"https:\/\/www.diarioimagen.net\/index.php?rest_route=\/wp\/v2\/posts\/414732\/revisions"}],"wp:featuredmedia":[{"embeddable":true,"href":"https:\/\/www.diarioimagen.net\/index.php?rest_route=\/wp\/v2\/media\/414733"}],"wp:attachment":[{"href":"https:\/\/www.diarioimagen.net\/index.php?rest_route=%2Fwp%2Fv2%2Fmedia&parent=414732"}],"wp:term":[{"taxonomy":"category","embeddable":true,"href":"https:\/\/www.diarioimagen.net\/index.php?rest_route=%2Fwp%2Fv2%2Fcategories&post=414732"},{"taxonomy":"post_tag","embeddable":true,"href":"https:\/\/www.diarioimagen.net\/index.php?rest_route=%2Fwp%2Fv2%2Ftags&post=414732"}],"curies":[{"name":"wp","href":"https:\/\/api.w.org\/{rel}","templated":true}]}}