{"id":414787,"date":"2019-02-12T00:11:29","date_gmt":"2019-02-12T06:11:29","guid":{"rendered":"https:\/\/www.diarioimagen.net\/?p=414787"},"modified":"2019-02-12T06:29:12","modified_gmt":"2019-02-12T12:29:12","slug":"el-intenso-momento-de-lopez-obrador","status":"publish","type":"post","link":"https:\/\/www.diarioimagen.net\/?p=414787","title":{"rendered":"El intenso momento de L\u00f3pez Obrador"},"content":{"rendered":"<h2>Tras la puerta del poder<\/h2>\n<h5>Roberto Vizca\u00edno<\/h5>\n<p>&nbsp;<\/p>\n<div id=\"attachment_414922\" style=\"width: 470px\" class=\"wp-caption aligncenter\"><a href=\"https:\/\/www.diarioimagen.net\/?attachment_id=414922\" rel=\"attachment wp-att-414922\"><img loading=\"lazy\" decoding=\"async\" aria-describedby=\"caption-attachment-414922\" class=\"size-large wp-image-414922\" src=\"https:\/\/www.diarioimagen.net\/wp-content\/uploads\/2019\/02\/LUIS-XAVIER-MARTES-460x355.jpg\" alt=\"\" width=\"460\" height=\"355\" srcset=\"https:\/\/www.diarioimagen.net\/wp-content\/uploads\/2019\/02\/LUIS-XAVIER-MARTES-460x355.jpg 460w, https:\/\/www.diarioimagen.net\/wp-content\/uploads\/2019\/02\/LUIS-XAVIER-MARTES-240x185.jpg 240w, https:\/\/www.diarioimagen.net\/wp-content\/uploads\/2019\/02\/LUIS-XAVIER-MARTES-768x592.jpg 768w, https:\/\/www.diarioimagen.net\/wp-content\/uploads\/2019\/02\/LUIS-XAVIER-MARTES.jpg 1500w\" sizes=\"auto, (max-width: 460px) 100vw, 460px\" \/><\/a><p id=\"caption-attachment-414922\" class=\"wp-caption-text\">Luis Xavier<\/p><\/div>\n<p>&nbsp;<\/p>\n<p>M\u00e9xico vive hoy lo que algunos mercad\u00f3logos podr\u00edan calificar como del vaso medio lleno\u2026 o medio vac\u00edo.<\/p>\n<p>Y es que mientras las encuestas advierten una tras otra que el presidente <strong>Andr\u00e9s Manuel L\u00f3pez Obrador<\/strong> &#8211;quien lleg\u00f3 al cargo con 53% de los votos&#8211;, obtiene apoyos a su corta gesti\u00f3n de hasta el 80% &#8211;lo que t\u00e9cnicamente es 27% m\u00e1s que los sufragios obtenidos&#8211;, los conflictos y supuestas p\u00e9rdidas econ\u00f3micas a sus decisiones se acumulan.<\/p>\n<p>Es as\u00ed que mientras a d\u00f3nde va lo que reciben miles en medio de una pleites\u00eda sin concesiones, la entrega total pues, otros le llevan la cuenta diaria de supuestos errores y p\u00e9rdidas.<\/p>\n<p>Lo que no se puede ocultar son los hechos. Hechos que \u00e9l mismo hace suyos sin reserva alguna.<\/p>\n<p>Como si los apoyos ciudadanos no tuvieran la menor importancia, como si los tuviera seguros de por vida.<\/p>\n<p>Y despreciando reacciones pol\u00edticas y financieras que pudieran traer sus dichos.<\/p>\n<p>As\u00ed, al arrancar ayer la semana 11 en el poder, en su conferencia de prensa ma\u00f1anera, acompa\u00f1ado por uno de los pol\u00edticos m\u00e1s ma\u00f1osos y rebuscados, oscuros, que haya tenido nunca M\u00e9xico, por el poblano<strong> Manuel Bartlett,<\/strong> quien el s\u00e1bado 23 de este mes cumple los 83 a\u00f1os de edad,<\/p>\n<p><strong>AMLO<\/strong> y Bartlett, director de la CFE, arremetieron en contra de 6 ex secretarios de Energ\u00eda y sugirieron que fueron ellos quienes establecieron un sistema corrupto de venta de energ\u00eda de empresas privadas, algunas extranjeras, a la CFE.<\/p>\n<p>Los mencionados fueron <strong>Jos\u00e9 C\u00f3rdova Montoya,<\/strong> ex jefe de la Oficina de la Presidencia de Carlos Salinas, y propietario hoy de Proveedora de Servicios de Energ\u00eda.<\/p>\n<p><strong>Jes\u00fas Reyes Heroles Gonz\u00e1lez Garza<\/strong>, ex titular de Energ\u00eda con <strong>Ernesto Zedillo<\/strong> y titular de la CFE con <strong>Felipe Calder\u00f3n,<\/strong> que ha colaborado con EnergeA, Energy Inteligence Group, Morgan Stanley Energy Partners, Misui de M\u00e9xico y el Centro de Estudios Mario Molina y quien es miembro del consejo de administraci\u00f3n de Santander M\u00e9xico.<\/p>\n<p><strong>Carlos Ruiz Sacrist\u00e1n<\/strong>, ex secretario de Comunicaciones y Transportes de <strong>Ernesto Zedillo<\/strong>, y quien es presidente del consejo y director general de North America Infraestructure Group de Sempra Energy, as\u00ed como presidente del consejo de administraci\u00f3n de IEnova, se\u00f1alada ayer por <strong>Bartlett <\/strong>como beneficiaria de poseer contratos leoninos que adquieren millones de la CFE.<\/p>\n<p><strong>Luis T\u00e9llez,<\/strong> ex secretario de Energ\u00eda y de Comunicaciones y Transportes, con <strong>Ernesto Zedillo<\/strong> y <strong>Felipe Calder\u00f3n,<\/strong> y hoy asesora a la empresa Kohlberg Kravis Robert\u00b4s.<\/p>\n<p><strong>Alfredo El\u00edas Ayub,<\/strong> ex director de la CFE con <strong>Zedillo<\/strong>, <strong>Fox<\/strong> y <strong>Calder\u00f3n,<\/strong> es consejero independiente en Avangrind.<\/p>\n<p><strong>Georgina Kessel<\/strong> y <strong>Jordi Herrera<\/strong>, ex titulares de Energ\u00eda de<strong> Calder\u00f3n,<\/strong> consejera independiente de Iberdrola y asesor de Respsol y Gas Natural Fenosa.<\/p>\n<p><strong>A Alejandro Fleming<\/strong>, ex jefe de asuntos jur\u00eddicos en Energ\u00eda con <strong>Calder\u00f3n,<\/strong> es hoy secretario en Iberdrola.<\/p>\n<p>Y para cerrar la lista de inmorales, est\u00e1 el propio <strong>Felipe Calder\u00f3n<\/strong>, dijeron <strong>AMLO<\/strong> y <strong>Bartlett,<\/strong> ya que el ex presidente fue secretario de Energ\u00eda con <strong>Fox <\/strong>y luego consejero independiente de Avangrid.<\/p>\n<p>Todos ellos fueron acusados ayer de actuar en forma inmoral ya que pasaron de ocupar altos cargos en los gobiernos anteriores a prestar servicios y asesor\u00edas en empresas con las que tuvieron relaciones gubernamentales.<\/p>\n<p>Evidentemente que eso implica que las empresas mencionadas tambi\u00e9n incurren en faltas de \u00e9tica.<\/p>\n<p>Pero eso es apenas parte del \u00faltimo capitulo de la confrontaci\u00f3n y el descont\u00f3n ma\u00f1anero propiciado frecuentemente por AMLO.<\/p>\n<p>Semanas antes, en plena batalla contra el huachicoleo, <strong>L\u00f3pez Obrador <\/strong>afirm\u00f3 que los ex presidentes<strong> Fox, Calder\u00f3n<\/strong> y <strong>Enrique Pe\u00f1a Nieto<\/strong> podr\u00edan estar m\u00e1s que involucrados en el robo de gasolinas.<\/p>\n<p>Afirm\u00f3 que todos ellos estaban enterados del saqueo y no hicieron nada para combatirlo, lo que los convert\u00eda en supuestos c\u00f3mplices.<\/p>\n<p>Mientras en el pa\u00eds crecen o permanecen otros muchos conflictos. En Matamoros Tamaulipas persisten las huelgas a maquiladoras, lo que ya ha causado la fuga de 15 de 45 y el despido de 30 mil trabajadores.<\/p>\n<p>Igualmente persisten los bloqueos a v\u00edas de ferrocarril en Michoac\u00e1n por reclamos salariales y de prestaciones de la CNTE que han repercutido en fuertes p\u00e9rdidas para industrias y empresas del centro del pa\u00eds que podr\u00edan haber rebasado ya los 30 mil millones de pesos.<\/p>\n<p>En ambos casos, lo del bloqueo de v\u00edas y lo de las maquiladoras ha habido p\u00e9rdida de confianza porque el gobierno de <strong>L\u00f3pez Obrador <\/strong>se ha negado a intervenir bajo el argumento de que ello hubiera significado un acto de represi\u00f3n.<\/p>\n<p>Ello ocurri\u00f3 al parejo de un estallido de inconformidad de madres solteras en todo el pa\u00eds por el recorte de un 50% al presupuesto destinado a unas 9 mil estancias infantiles que atienden a unos 30 mil ni\u00f1os mientras sus madres trabajan.<\/p>\n<p>En este caso L\u00f3pez Obrador afirm\u00f3 que el recorte fue porque se encontr\u00f3 un manejo no transparente de los recursos destinados a estas estancias y que por ello se establecer\u00eda un nuevo mecanismo que comprender\u00eda la entrega de 1,600 pesos bimensuales a los padres de esos ni\u00f1os.<\/p>\n<p>El comentario del secretario de Hacienda, <strong>Carlos Urz\u00faa, <\/strong>de que con ese dinero los padres podr\u00edan pagarles a los abuelitos por cuidar a los ni\u00f1os, se hizo viral y fue objeto de decenas de memes en redes sociales.<\/p>\n<p>Todo esto ocurre mientras en el Senado<strong> Ricardo Monreal,<\/strong> l\u00edder de la mayor\u00eda de Morena y presidente de la Junta de Coordinaci\u00f3n Pol\u00edtica, busca afanosamente un acuerdo con la oposici\u00f3n representada por PAN, PRI, PRD y MC a fin de conseguir una votaci\u00f3n calificada de dos tercios para aprobar la creaci\u00f3n de la Guardia Nacional.<\/p>\n<p><em><a href=\"http:\/\/endirecto.mx\" target=\"_blank\" rel=\"noopener\">www.endirecto.mx<\/a><\/em><br \/>\n<em><a href=\"https:\/\/twitter.com\/_rvizcaino\" target=\"_blank\" rel=\"noopener\">@_RVizcaino<\/a><\/em><br \/>\n<a href=\"https:\/\/www.facebook.com\/rvizcainoa\" target=\"_blank\" rel=\"noopener\">f<em>acebook.com\/rvizcainoa<\/em><\/a><\/p>\n","protected":false},"excerpt":{"rendered":"<p><span style=\"color: #005497;\"><strong>Roberto Vizca\u00edno<\/strong><\/span><br \/>\n<br \/>\nM\u00e9xico vive hoy lo que algunos mercad\u00f3logos podr\u00edan calificar como del vaso medio lleno\u2026 o medio vac\u00edo.<\/p>\n","protected":false},"author":3,"featured_media":414922,"comment_status":"open","ping_status":"open","sticky":false,"template":"","format":"standard","meta":{"_monsterinsights_skip_tracking":false,"_monsterinsights_sitenote_active":false,"_monsterinsights_sitenote_note":"","_monsterinsights_sitenote_category":0,"footnotes":""},"categories":[136],"tags":[43674,93,94],"class_list":["post-414787","post","type-post","status-publish","format-standard","has-post-thumbnail","hentry","category-roberto-vizcaino-opinion","tag-opinion","tag-roberto-vizcaino","tag-tras-la-puerta-del-poder"],"_links":{"self":[{"href":"https:\/\/www.diarioimagen.net\/index.php?rest_route=\/wp\/v2\/posts\/414787","targetHints":{"allow":["GET"]}}],"collection":[{"href":"https:\/\/www.diarioimagen.net\/index.php?rest_route=\/wp\/v2\/posts"}],"about":[{"href":"https:\/\/www.diarioimagen.net\/index.php?rest_route=\/wp\/v2\/types\/post"}],"author":[{"embeddable":true,"href":"https:\/\/www.diarioimagen.net\/index.php?rest_route=\/wp\/v2\/users\/3"}],"replies":[{"embeddable":true,"href":"https:\/\/www.diarioimagen.net\/index.php?rest_route=%2Fwp%2Fv2%2Fcomments&post=414787"}],"version-history":[{"count":0,"href":"https:\/\/www.diarioimagen.net\/index.php?rest_route=\/wp\/v2\/posts\/414787\/revisions"}],"wp:featuredmedia":[{"embeddable":true,"href":"https:\/\/www.diarioimagen.net\/index.php?rest_route=\/wp\/v2\/media\/414922"}],"wp:attachment":[{"href":"https:\/\/www.diarioimagen.net\/index.php?rest_route=%2Fwp%2Fv2%2Fmedia&parent=414787"}],"wp:term":[{"taxonomy":"category","embeddable":true,"href":"https:\/\/www.diarioimagen.net\/index.php?rest_route=%2Fwp%2Fv2%2Fcategories&post=414787"},{"taxonomy":"post_tag","embeddable":true,"href":"https:\/\/www.diarioimagen.net\/index.php?rest_route=%2Fwp%2Fv2%2Ftags&post=414787"}],"curies":[{"name":"wp","href":"https:\/\/api.w.org\/{rel}","templated":true}]}}