{"id":414841,"date":"2019-02-12T00:11:47","date_gmt":"2019-02-12T06:11:47","guid":{"rendered":"https:\/\/www.diarioimagen.net\/?p=414841"},"modified":"2019-02-12T04:45:53","modified_gmt":"2019-02-12T10:45:53","slug":"ciclista-olimpico-frances-visita-la-uaem","status":"publish","type":"post","link":"https:\/\/www.diarioimagen.net\/?p=414841","title":{"rendered":"Ciclista ol\u00edmpico franc\u00e9s visita la UAEM"},"content":{"rendered":"<p><a href=\"https:\/\/www.diarioimagen.net\/?attachment_id=414887\" rel=\"attachment wp-att-414887\"><img loading=\"lazy\" decoding=\"async\" class=\"aligncenter size-large wp-image-414887\" src=\"https:\/\/www.diarioimagen.net\/wp-content\/uploads\/2019\/02\/UAEM-12-460x306.jpg\" alt=\"\" width=\"460\" height=\"306\" srcset=\"https:\/\/www.diarioimagen.net\/wp-content\/uploads\/2019\/02\/UAEM-12-460x306.jpg 460w, https:\/\/www.diarioimagen.net\/wp-content\/uploads\/2019\/02\/UAEM-12-240x160.jpg 240w, https:\/\/www.diarioimagen.net\/wp-content\/uploads\/2019\/02\/UAEM-12.jpg 700w\" sizes=\"auto, (max-width: 460px) 100vw, 460px\" \/><\/a><\/p>\n<p>&nbsp;<\/p>\n<p><strong>Toluca, Estado de M\u00e9xico.-<\/strong> El ciclista franc\u00e9s Miguel Mart\u00ednez, quien fue campe\u00f3n ol\u00edmpico y mundial de ciclismo de monta\u00f1a, realiz\u00f3 un recorrido por las instalaciones deportivas de la Universidad Aut\u00f3noma del Estado de M\u00e9xico, donde destac\u00f3 la importancia de que los j\u00f3venes practiquen deporte.<\/p>\n<p>Como parte de esta visita, el deportista ol\u00edmpico se reuni\u00f3 con la directora del Deporte Universitario, Mar\u00eda Esther S\u00e1nchez Coyote; el director de Formaci\u00f3n Deportiva, Cristian Valdez Arriaga, y el encargado de despacho de la Direcci\u00f3n de Futbol, Roberto Orona Rivas, quienes subrayaron que la instituci\u00f3n brinda un abordaje multidisciplinario al deporte, a trav\u00e9s de la formaci\u00f3n especializada de los entrenadores, atenci\u00f3n m\u00e9dica y psicol\u00f3gica y seguimiento acad\u00e9mico de los deportistas universitarios.<\/p>\n","protected":false},"excerpt":{"rendered":"<p>El ciclista franc\u00e9s Miguel Mart\u00ednez, quien fue campe\u00f3n ol\u00edmpico y mundial de ciclismo de monta\u00f1a, realiz\u00f3 un recorrido por las instalaciones deportivas de la Universidad Aut\u00f3noma del Estado de M\u00e9xico, donde destac\u00f3 la importancia de que los j\u00f3venes practiquen deporte.<\/p>\n","protected":false},"author":3,"featured_media":414887,"comment_status":"open","ping_status":"open","sticky":false,"template":"","format":"standard","meta":{"_monsterinsights_skip_tracking":false,"_monsterinsights_sitenote_active":false,"_monsterinsights_sitenote_note":"","_monsterinsights_sitenote_category":0,"footnotes":""},"categories":[5],"tags":[43675,82756,452,1491,15501],"class_list":["post-414841","post","type-post","status-publish","format-standard","has-post-thumbnail","hentry","category-estado-de-mexico","tag-estado-de-mexico","tag-frances","tag-toluca","tag-uaem","tag-visita"],"_links":{"self":[{"href":"https:\/\/www.diarioimagen.net\/index.php?rest_route=\/wp\/v2\/posts\/414841","targetHints":{"allow":["GET"]}}],"collection":[{"href":"https:\/\/www.diarioimagen.net\/index.php?rest_route=\/wp\/v2\/posts"}],"about":[{"href":"https:\/\/www.diarioimagen.net\/index.php?rest_route=\/wp\/v2\/types\/post"}],"author":[{"embeddable":true,"href":"https:\/\/www.diarioimagen.net\/index.php?rest_route=\/wp\/v2\/users\/3"}],"replies":[{"embeddable":true,"href":"https:\/\/www.diarioimagen.net\/index.php?rest_route=%2Fwp%2Fv2%2Fcomments&post=414841"}],"version-history":[{"count":0,"href":"https:\/\/www.diarioimagen.net\/index.php?rest_route=\/wp\/v2\/posts\/414841\/revisions"}],"wp:featuredmedia":[{"embeddable":true,"href":"https:\/\/www.diarioimagen.net\/index.php?rest_route=\/wp\/v2\/media\/414887"}],"wp:attachment":[{"href":"https:\/\/www.diarioimagen.net\/index.php?rest_route=%2Fwp%2Fv2%2Fmedia&parent=414841"}],"wp:term":[{"taxonomy":"category","embeddable":true,"href":"https:\/\/www.diarioimagen.net\/index.php?rest_route=%2Fwp%2Fv2%2Fcategories&post=414841"},{"taxonomy":"post_tag","embeddable":true,"href":"https:\/\/www.diarioimagen.net\/index.php?rest_route=%2Fwp%2Fv2%2Ftags&post=414841"}],"curies":[{"name":"wp","href":"https:\/\/api.w.org\/{rel}","templated":true}]}}