{"id":414844,"date":"2019-02-12T00:10:09","date_gmt":"2019-02-12T06:10:09","guid":{"rendered":"https:\/\/www.diarioimagen.net\/?p=414844"},"modified":"2019-02-12T05:11:08","modified_gmt":"2019-02-12T11:11:08","slug":"denuncias-ciudadanas-fortalecen-al-inveamex","status":"publish","type":"post","link":"https:\/\/www.diarioimagen.net\/?p=414844","title":{"rendered":"Denuncias ciudadanas fortalecen al Inveamex"},"content":{"rendered":"<h2>Arco Norte<\/h2>\n<h5>Jos\u00e9 Luis Monta\u00f1ez Aguilar<\/h5>\n<p>&nbsp;<\/p>\n<p><a href=\"https:\/\/www.diarioimagen.net\/?attachment_id=414890\" rel=\"attachment wp-att-414890\"><img loading=\"lazy\" decoding=\"async\" class=\"aligncenter size-large wp-image-414890\" src=\"https:\/\/www.diarioimagen.net\/wp-content\/uploads\/2019\/02\/arco-2-460x259.jpg\" alt=\"\" width=\"460\" height=\"259\" srcset=\"https:\/\/www.diarioimagen.net\/wp-content\/uploads\/2019\/02\/arco-2-460x259.jpg 460w, https:\/\/www.diarioimagen.net\/wp-content\/uploads\/2019\/02\/arco-2-240x135.jpg 240w, https:\/\/www.diarioimagen.net\/wp-content\/uploads\/2019\/02\/arco-2-235x132.jpg 235w, https:\/\/www.diarioimagen.net\/wp-content\/uploads\/2019\/02\/arco-2-202x114.jpg 202w, https:\/\/www.diarioimagen.net\/wp-content\/uploads\/2019\/02\/arco-2-350x196.jpg 350w, https:\/\/www.diarioimagen.net\/wp-content\/uploads\/2019\/02\/arco-2-220x123.jpg 220w, https:\/\/www.diarioimagen.net\/wp-content\/uploads\/2019\/02\/arco-2-237x132.jpg 237w, https:\/\/www.diarioimagen.net\/wp-content\/uploads\/2019\/02\/arco-2.jpg 480w\" sizes=\"auto, (max-width: 460px) 100vw, 460px\" \/><\/a><\/p>\n<p>&nbsp;<\/p>\n<p>Gracias a una denuncia ciudadana, el Instituto de Verificaci\u00f3n Administrativa del Estado de M\u00e9xico (Inveamex) coordin\u00f3 la verificaci\u00f3n y posterior clausura de un local de muebles que operaba de forma irregular en el municipio de Nezahualc\u00f3yotl.<\/p>\n<p>La denuncia se recibi\u00f3 a trav\u00e9s de Twitter, red social en la que una ciudadana report\u00f3 la operaci\u00f3n de lo que llam\u00f3 una f\u00e1brica clandestina, ubicada en Carmelo P\u00e9rez, en la colonia Vicente Villada, Nezahualc\u00f3yotl, en donde no hab\u00eda control de humo por lo que los vecinos se ve\u00edan afectados.<\/p>\n<p>El Instituto coordin\u00f3 los trabajos de verificaci\u00f3n del lugar, en los que participaron la Procuradur\u00eda de Protecci\u00f3n al Ambiente del Estado de M\u00e9xico (Propaem) y agentes de la Secretar\u00eda de Seguridad del Estado de M\u00e9xico.<\/p>\n<p>Durante la verificaci\u00f3n se confirm\u00f3 que desde el local se emit\u00edan contaminantes a la atm\u00f3sfera, debido a que laboraban a cielo abierto y por el uso de productos como barniz, pintura y solventes, adem\u00e1s de la generaci\u00f3n de part\u00edculas suspendidas por el corte de madera.<\/p>\n<p>Aunado a ello, el negocio no contaba con ning\u00fan documento para acreditar su legal funcionamiento.<\/p>\n<p>El Inveamex coordina los procedimientos de verificaci\u00f3n a unidades econ\u00f3micas en el Estado de M\u00e9xico.<\/p>\n<p>Si se requiere alguna verificaci\u00f3n o alg\u00fan ciudadano necesita denunciar alg\u00fan negocio que opere de forma ilegal puede contactarlos en Twitter @INVEA_mex, en Facebook\/INVEAMex o en la p\u00e1gina de internet http:\/\/inveamex.edomex.gob.mx\/, adem\u00e1s, v\u00eda telef\u00f3nica al 0172-2217-6118.<\/p>\n<p style=\"text-align: center;\"><strong>Deleita OFM a mexiquenses<br \/>\nen su primera presentaci\u00f3n del a\u00f1o<\/strong><\/p>\n<p>El Centro Cultural Mexiquense Bicentenario (CCMB) recibi\u00f3 a la Orquesta Filarm\u00f3nica Mexiquense (OFM) en su primer concierto de la Temporada 3 en el recinto cultural.<\/p>\n<p>Bajo la batuta de su Directora General, Gabriela D\u00edaz Alatriste, y los m\u00fasicos Gabriela Jim\u00e9nez en los timbales y Ney Rosauro, en la marimba, la m\u00fasica lleg\u00f3 a este recinto cultural.<\/p>\n<p>La Sala de Conciertos \u201cElisa Carrillo\u201d fue el escenario que recibi\u00f3 a los j\u00f3venes integrantes de la OFM.<\/p>\n<p><em><a href=\"mailto:montanezaguilar@gmail.com\" target=\"_blank\" rel=\"noopener\">montanezaguilar@gmail.com<\/a><\/em><\/p>\n","protected":false},"excerpt":{"rendered":"<p><span style=\"color: #005497;\">Jos\u00e9 Luis Monta\u00f1ez Aguilar<\/span><br \/>\n<br \/>\nGracias a una denuncia ciudadana, el Instituto de Verificaci\u00f3n Administrativa del Estado de M\u00e9xico (Inveamex) coordin\u00f3 la verificaci\u00f3n y posterior clausura de un local de muebles que operaba de forma irregular en el municipio de Nezahualc\u00f3yotl.<\/p>\n","protected":false},"author":3,"featured_media":414890,"comment_status":"open","ping_status":"open","sticky":false,"template":"","format":"standard","meta":{"_monsterinsights_skip_tracking":false,"_monsterinsights_sitenote_active":false,"_monsterinsights_sitenote_note":"","_monsterinsights_sitenote_category":0,"footnotes":""},"categories":[5],"tags":[13284,43704,43674],"class_list":["post-414844","post","type-post","status-publish","format-standard","has-post-thumbnail","hentry","category-estado-de-mexico","tag-arco-norte","tag-jose-luis-montanez-aguilar","tag-opinion"],"_links":{"self":[{"href":"https:\/\/www.diarioimagen.net\/index.php?rest_route=\/wp\/v2\/posts\/414844","targetHints":{"allow":["GET"]}}],"collection":[{"href":"https:\/\/www.diarioimagen.net\/index.php?rest_route=\/wp\/v2\/posts"}],"about":[{"href":"https:\/\/www.diarioimagen.net\/index.php?rest_route=\/wp\/v2\/types\/post"}],"author":[{"embeddable":true,"href":"https:\/\/www.diarioimagen.net\/index.php?rest_route=\/wp\/v2\/users\/3"}],"replies":[{"embeddable":true,"href":"https:\/\/www.diarioimagen.net\/index.php?rest_route=%2Fwp%2Fv2%2Fcomments&post=414844"}],"version-history":[{"count":0,"href":"https:\/\/www.diarioimagen.net\/index.php?rest_route=\/wp\/v2\/posts\/414844\/revisions"}],"wp:featuredmedia":[{"embeddable":true,"href":"https:\/\/www.diarioimagen.net\/index.php?rest_route=\/wp\/v2\/media\/414890"}],"wp:attachment":[{"href":"https:\/\/www.diarioimagen.net\/index.php?rest_route=%2Fwp%2Fv2%2Fmedia&parent=414844"}],"wp:term":[{"taxonomy":"category","embeddable":true,"href":"https:\/\/www.diarioimagen.net\/index.php?rest_route=%2Fwp%2Fv2%2Fcategories&post=414844"},{"taxonomy":"post_tag","embeddable":true,"href":"https:\/\/www.diarioimagen.net\/index.php?rest_route=%2Fwp%2Fv2%2Ftags&post=414844"}],"curies":[{"name":"wp","href":"https:\/\/api.w.org\/{rel}","templated":true}]}}