{"id":414846,"date":"2019-02-12T00:10:26","date_gmt":"2019-02-12T06:10:26","guid":{"rendered":"https:\/\/www.diarioimagen.net\/?p=414846"},"modified":"2019-02-12T05:12:27","modified_gmt":"2019-02-12T11:12:27","slug":"libera-la-cnte-el-ultimo-tramo-de-vias-bloqueado","status":"publish","type":"post","link":"https:\/\/www.diarioimagen.net\/?p=414846","title":{"rendered":"Libera la CNTE el \u00faltimo tramo de v\u00edas bloqueado"},"content":{"rendered":"<ul>\n<li><em><strong>Tras 28 d\u00edas de movilizaci\u00f3n de maestros<\/strong><\/em><\/li>\n<li><em><strong>Un grupo de 30 docentes se mantuvo en Uruapan, hasta ayer<\/strong><\/em><\/li>\n<\/ul>\n<p>&nbsp;<\/p>\n<div id=\"attachment_414893\" style=\"width: 470px\" class=\"wp-caption aligncenter\"><a href=\"https:\/\/www.diarioimagen.net\/?attachment_id=414893\" rel=\"attachment wp-att-414893\"><img loading=\"lazy\" decoding=\"async\" aria-describedby=\"caption-attachment-414893\" class=\"size-large wp-image-414893\" src=\"https:\/\/www.diarioimagen.net\/wp-content\/uploads\/2019\/02\/MICHOACAN12-460x259.jpg\" alt=\"\" width=\"460\" height=\"259\" srcset=\"https:\/\/www.diarioimagen.net\/wp-content\/uploads\/2019\/02\/MICHOACAN12-460x259.jpg 460w, https:\/\/www.diarioimagen.net\/wp-content\/uploads\/2019\/02\/MICHOACAN12-240x135.jpg 240w, https:\/\/www.diarioimagen.net\/wp-content\/uploads\/2019\/02\/MICHOACAN12-235x132.jpg 235w, https:\/\/www.diarioimagen.net\/wp-content\/uploads\/2019\/02\/MICHOACAN12-202x114.jpg 202w, https:\/\/www.diarioimagen.net\/wp-content\/uploads\/2019\/02\/MICHOACAN12-350x196.jpg 350w, https:\/\/www.diarioimagen.net\/wp-content\/uploads\/2019\/02\/MICHOACAN12-220x123.jpg 220w, https:\/\/www.diarioimagen.net\/wp-content\/uploads\/2019\/02\/MICHOACAN12-237x132.jpg 237w, https:\/\/www.diarioimagen.net\/wp-content\/uploads\/2019\/02\/MICHOACAN12.jpg 480w\" sizes=\"auto, (max-width: 460px) 100vw, 460px\" \/><\/a><p id=\"caption-attachment-414893\" class=\"wp-caption-text\">Fue liberado ayer el \u00faltimo tramo de v\u00edas f\u00e9rreas que segu\u00eda bloqueado en Michoac\u00e1n por parte de integrantes de la CNTE.<\/p><\/div>\n<p>&nbsp;<\/p>\n<p>El \u00faltimo tramo de v\u00edas f\u00e9rreas que segu\u00eda bloqueado en Michoac\u00e1n fue liberado tras 28 d\u00edas de protestas de maestros de la Coordinadora Nacional de Trabajadores de la Educaci\u00f3n (CNTE).<\/p>\n<p>A pesar de que la Secci\u00f3n 18 de la Coordinadora, acord\u00f3 liberar la totalidad de las v\u00edas en la entidad el pasado 7 de febrero, un grupo de 30 docentes mantuvieron el bloqueo en Caltzontzin, Uruapan, hasta ayer lunes.<\/p>\n<p>Fuentes del gobierno de Michoac\u00e1n confirmaron que los maestros retiraron sus casas de campa\u00f1a alrededor de las 14:30 horas.<\/p>\n<p>Los maestros disidentes que manten\u00edan el bloqueo en las v\u00edas pertenecen a un grupo radical de la CNTE, que se negaba a replegarse porque est\u00e1n aliados con los pobladores de la zona que tienen sus propias demandas para su comunidad, seg\u00fan reportaron medios locales.<\/p>\n<p>El s\u00e1bado, este grupo de docentes liber\u00f3 la v\u00eda alrededor de una hora, pero despu\u00e9s decidi\u00f3 permanecer en ella con sus casas de campa\u00f1a.<\/p>\n<p>El pasado 9 de febrero, la v\u00eda fue liberada por menos de una hora debido a desacuerdos entre los integrantes de la coordinadora y su dirigencia en esa regi\u00f3n michoacana.<\/p>\n<p>Los representantes de la CNTE se mantienen al lado de las v\u00edas, por lo que a\u00fan est\u00e1n a la espera de su retiro definitivo.<\/p>\n<p style=\"text-align: center;\"><strong>Revisa la AMIA <\/strong><strong>v\u00edas ferroviarias<\/strong><\/p>\n<p>La Asociaci\u00f3n Mexicana de la Industria Automotriz (AMIA) indic\u00f3 que despu\u00e9s de haber revisado la v\u00eda, la red ferroviaria en Michoac\u00e1n no presenta ning\u00fan punto bloqueado por el momento.<\/p>\n<p>A 28 d\u00edas de bloqueo en las v\u00edas del ferrocarril, la Asociaci\u00f3n Mexicana de Ferrocarriles (AMF) estim\u00f3 que se tienen 414 trenes sin cargar, lo que representa 3.3 millones de toneladas.<\/p>\n","protected":false},"excerpt":{"rendered":"<p>El \u00faltimo tramo de v\u00edas f\u00e9rreas que segu\u00eda bloqueado en Michoac\u00e1n fue liberado tras 28 d\u00edas de protestas de maestros de la Coordinadora Nacional de Trabajadores de la Educaci\u00f3n (CNTE).<\/p>\n","protected":false},"author":3,"featured_media":414893,"comment_status":"open","ping_status":"open","sticky":false,"template":"","format":"standard","meta":{"_monsterinsights_skip_tracking":false,"_monsterinsights_sitenote_active":false,"_monsterinsights_sitenote_note":"","_monsterinsights_sitenote_category":0,"footnotes":""},"categories":[3],"tags":[82757,7473,80400,20806],"class_list":["post-414846","post","type-post","status-publish","format-standard","has-post-thumbnail","hentry","category-nacional","tag-bloqueado","tag-cnte","tag-libera","tag-michaocan"],"_links":{"self":[{"href":"https:\/\/www.diarioimagen.net\/index.php?rest_route=\/wp\/v2\/posts\/414846","targetHints":{"allow":["GET"]}}],"collection":[{"href":"https:\/\/www.diarioimagen.net\/index.php?rest_route=\/wp\/v2\/posts"}],"about":[{"href":"https:\/\/www.diarioimagen.net\/index.php?rest_route=\/wp\/v2\/types\/post"}],"author":[{"embeddable":true,"href":"https:\/\/www.diarioimagen.net\/index.php?rest_route=\/wp\/v2\/users\/3"}],"replies":[{"embeddable":true,"href":"https:\/\/www.diarioimagen.net\/index.php?rest_route=%2Fwp%2Fv2%2Fcomments&post=414846"}],"version-history":[{"count":0,"href":"https:\/\/www.diarioimagen.net\/index.php?rest_route=\/wp\/v2\/posts\/414846\/revisions"}],"wp:featuredmedia":[{"embeddable":true,"href":"https:\/\/www.diarioimagen.net\/index.php?rest_route=\/wp\/v2\/media\/414893"}],"wp:attachment":[{"href":"https:\/\/www.diarioimagen.net\/index.php?rest_route=%2Fwp%2Fv2%2Fmedia&parent=414846"}],"wp:term":[{"taxonomy":"category","embeddable":true,"href":"https:\/\/www.diarioimagen.net\/index.php?rest_route=%2Fwp%2Fv2%2Fcategories&post=414846"},{"taxonomy":"post_tag","embeddable":true,"href":"https:\/\/www.diarioimagen.net\/index.php?rest_route=%2Fwp%2Fv2%2Ftags&post=414846"}],"curies":[{"name":"wp","href":"https:\/\/api.w.org\/{rel}","templated":true}]}}