{"id":414854,"date":"2019-02-12T00:08:03","date_gmt":"2019-02-12T06:08:03","guid":{"rendered":"https:\/\/www.diarioimagen.net\/?p=414854"},"modified":"2019-02-12T01:38:56","modified_gmt":"2019-02-12T07:38:56","slug":"puebla-la-pelea-por-el-control-de-morena","status":"publish","type":"post","link":"https:\/\/www.diarioimagen.net\/?p=414854","title":{"rendered":"Puebla, la pelea por el control de Morena"},"content":{"rendered":"<h2>Caleidoscopio<\/h2>\n<h5>Guillermina G\u00f3mora Ord\u00f3\u00f1ez<\/h5>\n<p>&nbsp;<\/p>\n<p>Arranc\u00f3 la sucesi\u00f3n en la dirigencia nacional de Morena, el banderazo de salida se registr\u00f3 en Puebla, con la elecci\u00f3n del candidato del partido a la gubernatura. <strong>Ricardo<\/strong> <strong>Monreal<\/strong>, <strong>coordinador<\/strong> de la bancada morenista en el Senado, desaf\u00eda a <strong>Yeidckol<\/strong> <strong>Polevnsky<\/strong>, dirigente nacional. Le exige que abra el proceso y se aplique una encuesta. Un freno a la imposici\u00f3n.<\/p>\n<p>El gallo del zacatecano, es <strong>Alejandro<\/strong> <strong>Armenta<\/strong>, quien cuenta con el apoyo de 58 de los 59 senadores del grupo parlamentario. Su destape, provoc\u00f3 un cisma interno en Morena, donde las tribus mueven sus piezas rumbo a las elecciones del pr\u00f3ximo 2 de junio y al cambio de presidente nacional en noviembre pr\u00f3ximo.<\/p>\n<p>Algunos liderazgos de Morena est\u00e1n en contra del \u201cdedazo\u201d de Yeidckol para ungir de nuevo a <strong>Luis<\/strong> <strong>Miguel<\/strong> <strong>Barbosa<\/strong>, el candidato perdedor en la pasada elecci\u00f3n. Consideran que debe abrirse el juego, aun cuando las encuestas externas le favorezcan. Quieren desterrar, desde ahora, que los comicios extraordinarios en Puebla se conviertan en una elecci\u00f3n de Estado contratada desde el centro.<\/p>\n<p>En la mesa electoral se han puesto las trayectorias de los aspirantes y de sus mecenas pol\u00edticos. Armenta fue alcalde de Acatzingo; ha sido diputado local y federal, lo reconocen como buen operador pol\u00edtico y no tiene esc\u00e1ndalos.\u00a0 Lo apoyan el PT y el PES en Puebla, adem\u00e1s de un grupo importante de consejeros de Morena.<\/p>\n<p>Al ex senador Barbosa, lo persigue el pol\u00e9mico proceso postelectoral de 2018, su reacci\u00f3n al accidente en que perdi\u00f3 la vida su rival pol\u00edtica <strong>Martha<\/strong> <strong>Erika<\/strong> <strong>Alonso y su esposo Rafael<\/strong> <strong>Moreno Valle<\/strong>, as\u00ed como su acercamiento con el grupo de Fernando Manzanilla, secretario de Gobierno y cu\u00f1ado de Rafael Moreno y <strong>Guillermo Pacheco<\/strong>, actual gobernador interino, amigo del \u201cg\u00f3ber precioso\u201d, Mario Mar\u00edn.<\/p>\n<p>Por lo que respecta a Ricardo Monreal, presidente de la Junta de Coordinaci\u00f3n Pol\u00edtica en el Senado, su incursi\u00f3n en el proceso poblano no es un acto aislado, la demanda de una elecci\u00f3n abierta y el posible triunfo de su \u201cgallo\u201d, le suma millas hacia Palacio Nacional y puntos para influir en la renovaci\u00f3n de la dirigencia nacional.<\/p>\n<p>Un relevo que se posterg\u00f3 el a\u00f1o pasado para no contaminar la alternancia en el poder de <strong>Andr\u00e9s Manuel L\u00f3pez Obrador<\/strong>, pero que a muchos prominentes morenistas de cepa les urge se realice, pues no comulgan con las pr\u00e1cticas y declaraciones que hace su dirigente sobre temas coyunturales.<\/p>\n<p>Recordemos que Yeidckol intent\u00f3 enmendarle la plana a Monreal en la iniciativa de eliminar 19 comisiones bancarias, pues la presidenta nacional del partido, exhort\u00f3 al senador a reconsiderar esa propuesta, que calific\u00f3 de \u201cbomberazo\u201d.<\/p>\n<p>As\u00ed las cosas y fieles a los usos y costumbres de las tribus de la izquierda, en los pr\u00f3ximos meses veremos qui\u00e9n gana el juego de vencidas en Puebla y conoceremos la hoja de ruta para el relevo en la dirigencia Nacional de Morena.<\/p>\n<p>Salvo que el presidente L\u00f3pez Obrador ejerza aquello de: \u201clo que diga me dedito\u201d y ponga orden en el partido.<\/p>\n<p>&nbsp;<\/p>\n<p style=\"text-align: center;\"><strong>VERICUENTOS<\/strong><\/p>\n<p style=\"text-align: center;\"><strong>Babel-Guardia Nacional<\/strong><\/p>\n<p>Una vez m\u00e1s, ahora en el Senado, se realizan foros para escuchar la opini\u00f3n de organizaciones de la sociedad civil, especialistas y v\u00edctimas de la violencia, a fin de construir de manera conjunta un dictamen para la creaci\u00f3n de la Guardia Nacional. El <strong>vocero<\/strong> <strong>de<\/strong> <strong>Morena, Salom\u00f3n Jara Cruz<\/strong>, comprometi\u00f3 incorporar las propuestas en las conclusiones que entregar\u00e1n el pr\u00f3ximo s\u00e1bado 16, para que el lunes 18 se pueda aprobar el dictamen y se discuta el martes 19 por el pleno. Ojal\u00e1 no se repita la pantomima de San L\u00e1zaro. <strong>\u00a1Uff!<\/strong><\/p>\n<p style=\"text-align: center;\"><strong><em>#ConLosNi\u00f1osNo<\/em><\/strong><\/p>\n<p>Los legisladores panistas defienden a capa y espada las estancias infantiles;<strong> Gustavo Madero<\/strong> advierte que la reducci\u00f3n del 50 por ciento al presupuesto provocar\u00e1 un da\u00f1o irreparable a este sistema que atiende a m\u00e1s de 350 mil menores y donde laboran 70 mil personas en las 9 mil 536 Estancias Infantiles que se reparten en todo M\u00e9xico. Madero Mu\u00f1oz pidi\u00f3 no olvidar que alrededor de 4 mil menores con alguna discapacidad son atendidos de manera eficiente en estos espacios. El panista considera que entregar de manera directa el dinero a las familias, confirma el clientelismo y manejo paternalista por el que apuesta el gobierno de la Rep\u00fablica<strong>. \u00a1Sopas!<\/strong><\/p>\n<p style=\"text-align: center;\"><strong>Huelgas &#8211; P\u00e1nico empresarial<\/strong><\/p>\n<p>Con preocupaci\u00f3n y miedo ven los industriales las huelgas en las maquiladoras de Tamaulipas, temen que el fen\u00f3meno se extienda hacia Chihuahua. El <strong>presidente<\/strong> <strong>del<\/strong> <strong>Consejo<\/strong> <strong>Coordinador Empresarial, Juan Pablo Casta\u00f1\u00f3n<\/strong>, revel\u00f3 que las empresas han tenido que erogar 2 mil 500 millones de pesos, por lo que calific\u00f3 como un chantaje de los trabajadores. Dijo que las p\u00e9rdidas econ\u00f3micas por este conflicto alcanzan los 50 millones de d\u00f3lares al d\u00eda y los desempleados se cuentan por miles. <strong>\u00bfY la secretaria del Trabajo<\/strong>?<\/p>\n<p><a href=\"mailto:guillegomora@hotmail.com\" target=\"_blank\" rel=\"noopener\"><em>guillegomora@hotmail.com<\/em><\/a><br \/>\n<i><\/i><a href=\"https:\/\/twitter.com\/guillegomora?lang=es\" target=\"_blank\" rel=\"noopener noreferrer\"><i>@guillegomora<\/i><\/a><\/p>\n","protected":false},"excerpt":{"rendered":"<p><span style=\"color: #005497;\"><strong>Guillermina G\u00f3mora Ord\u00f3\u00f1ez<\/strong><\/span><\/p>\n","protected":false},"author":3,"featured_media":0,"comment_status":"open","ping_status":"open","sticky":false,"template":"","format":"standard","meta":{"_monsterinsights_skip_tracking":false,"_monsterinsights_sitenote_active":false,"_monsterinsights_sitenote_note":"","_monsterinsights_sitenote_category":0,"footnotes":""},"categories":[58361],"tags":[58362,58363,43674],"class_list":["post-414854","post","type-post","status-publish","format-standard","hentry","category-guillermina-gomora-ordonez","tag-caleidoscopio","tag-guillermina-gomora-ordonez","tag-opinion"],"_links":{"self":[{"href":"https:\/\/www.diarioimagen.net\/index.php?rest_route=\/wp\/v2\/posts\/414854","targetHints":{"allow":["GET"]}}],"collection":[{"href":"https:\/\/www.diarioimagen.net\/index.php?rest_route=\/wp\/v2\/posts"}],"about":[{"href":"https:\/\/www.diarioimagen.net\/index.php?rest_route=\/wp\/v2\/types\/post"}],"author":[{"embeddable":true,"href":"https:\/\/www.diarioimagen.net\/index.php?rest_route=\/wp\/v2\/users\/3"}],"replies":[{"embeddable":true,"href":"https:\/\/www.diarioimagen.net\/index.php?rest_route=%2Fwp%2Fv2%2Fcomments&post=414854"}],"version-history":[{"count":0,"href":"https:\/\/www.diarioimagen.net\/index.php?rest_route=\/wp\/v2\/posts\/414854\/revisions"}],"wp:attachment":[{"href":"https:\/\/www.diarioimagen.net\/index.php?rest_route=%2Fwp%2Fv2%2Fmedia&parent=414854"}],"wp:term":[{"taxonomy":"category","embeddable":true,"href":"https:\/\/www.diarioimagen.net\/index.php?rest_route=%2Fwp%2Fv2%2Fcategories&post=414854"},{"taxonomy":"post_tag","embeddable":true,"href":"https:\/\/www.diarioimagen.net\/index.php?rest_route=%2Fwp%2Fv2%2Ftags&post=414854"}],"curies":[{"name":"wp","href":"https:\/\/api.w.org\/{rel}","templated":true}]}}