{"id":414930,"date":"2019-02-13T00:08:02","date_gmt":"2019-02-13T06:08:02","guid":{"rendered":"https:\/\/www.diarioimagen.net\/?p=414930"},"modified":"2019-02-13T23:43:21","modified_gmt":"2019-02-14T05:43:21","slug":"lopez-obrador-va-contra-funcionarios-chapulines-fifis","status":"publish","type":"post","link":"https:\/\/www.diarioimagen.net\/?p=414930","title":{"rendered":"L\u00f3pez Obrador va contra funcionarios <em>chapulines fif\u00eds<\/em>"},"content":{"rendered":"<ul>\n<li><strong><em>Ser\u00edan 10 a\u00f1os para poder trabajar en la IP<\/em><\/strong><\/li>\n<li><strong><em>Busca que no sucedan casos como el que ocurri\u00f3 con el ex presidente Zedillo<\/em><\/strong><\/li>\n<\/ul>\n<p>&nbsp;<\/p>\n<p>&nbsp;<\/p>\n<div id=\"attachment_414931\" style=\"width: 470px\" class=\"wp-caption aligncenter\"><img loading=\"lazy\" decoding=\"async\" aria-describedby=\"caption-attachment-414931\" class=\"wp-image-414931 size-large\" src=\"https:\/\/www.diarioimagen.net\/wp-content\/uploads\/2019\/02\/AMLO13-PORTAL-460x268.jpg\" alt=\"\" width=\"460\" height=\"268\" srcset=\"https:\/\/www.diarioimagen.net\/wp-content\/uploads\/2019\/02\/AMLO13-PORTAL-460x268.jpg 460w, https:\/\/www.diarioimagen.net\/wp-content\/uploads\/2019\/02\/AMLO13-PORTAL-240x140.jpg 240w, https:\/\/www.diarioimagen.net\/wp-content\/uploads\/2019\/02\/AMLO13-PORTAL.jpg 480w\" sizes=\"auto, (max-width: 460px) 100vw, 460px\" \/><p id=\"caption-attachment-414931\" class=\"wp-caption-text\">Andr\u00e9s Manuel L\u00f3pez Obrador se\u00f1al\u00f3 que se buscar\u00e1 por ley que ex funcionarios no puedan pasar de un cargo p\u00fablico a la iniciativa privada relacionada con un \u00e1rea con su encargo.<\/p><\/div>\n<p>&nbsp;<\/p>\n<p>El presidente Andr\u00e9s Manuel L\u00f3pez Obrador se\u00f1al\u00f3 que se buscar\u00e1 por ley que los funcionarios no puedan pasar de un cargo p\u00fablico a la iniciativa privada, relacionada con un \u00e1rea con su encargo en el servicio p\u00fablico, sino hasta despu\u00e9s de 10 a\u00f1os, luego de finalizar su encomienda.<\/p>\n<p>Con ello, dijo, se busca que no sucedan casos como el que ocurri\u00f3 con el ex presidente Ernesto Zedillo, quien estuvo trabajando como consejero en bancos que incluso fueron rescatados por el Fondo Bancario de Protecci\u00f3n al Ahorro (Fobaproa).<\/p>\n<p>En ese sentido, puntualiz\u00f3 \u201clo mismo se va a hacer con los funcionarios p\u00fablicos que terminaban su desempe\u00f1o en un cargo, que luego pasan de <em>chapulines a chapulines fif\u00eds<\/em>, brincan a <em>chapulines conservadores<\/em> a trabajar en las empresas relacionadas con ellos, con el desempe\u00f1o que ten\u00edan\u201d.<\/p>\n<p>En conferencia de prensa matutina, insisti\u00f3 en que si bien esto no es ilegal, es inmoral, \u201cy es una verg\u00fcenza porque ni en Estados Unidos, donde hay la costumbre de mayor interacci\u00f3n entre sector p\u00fablico y privado, se presentan casos como lo que sucedi\u00f3 durante el periodo neoliberal\u201d.<\/p>\n<p>Mencion\u00f3 que los organismos aut\u00f3nomos en el pasado contribu\u00edan a operar la entrega de contratos y permisos a empresas particulares.<\/p>\n<p>\u201cEn todos esos organismos la mayor\u00eda de los consejeros representaban a los grupos de inter\u00e9s creados, por lo que ante la corrupci\u00f3n de gobiernos anteriores se resolv\u00eda el problema creando estos organismos aut\u00f3nomos, con tambi\u00e9n caracter\u00edsticas especiales, los sueldos de los consejeros de los organismos aut\u00f3nomos por las nubes\u201d, subray\u00f3.<\/p>\n<p>De esta manera, el mandatario reafirm\u00f3 tambi\u00e9n su compromiso de no dar un paso atr\u00e1s en el combate a la corrupci\u00f3n y detall\u00f3 que muchos de los abusos del pasado \u201cde falta de moralidad, se presentaron por la mescolanza entre el poder p\u00fablico y el poder privado, o sea, no hab\u00eda frontera, no hab\u00eda separaci\u00f3n en el gobierno, estaba convertido en un comit\u00e9 al servicio de los hombres y mujeres de negocios\u201d.<\/p>\n<p>Indic\u00f3 que se comprometi\u00f3 a terminar con la simulaci\u00f3n de administraciones anteriores, al hacer p\u00fablicos los bienes de sus colaboradores y adelant\u00f3 que tambi\u00e9n se transparentar\u00e1 la n\u00f3mina del gobierno.<\/p>\n<p>En conferencia de prensa, acompa\u00f1ado por la secretaria de la Funci\u00f3n P\u00fablica, Irma Er\u00e9ndira Sandoval, el mandatario destac\u00f3 que \u00e9ste \u201ces un acto voluntario de todos los servidores p\u00fablicos\u201d y adem\u00e1s fue muy claro, el que no lo aceptara no iba a poder trabajar en este gobierno, \u201cporque no somos lo mismo y tenemos que dar el ejemplo\u201d.<\/p>\n<p>En Palacio Nacional aprovech\u00f3 para agradecer a los servidores p\u00fablicos que \u201cpor primera vez en la historia dan a conocer sus bienes, por primera vez en la historia de M\u00e9xico se hace esto\u201d, al tiempo que adelant\u00f3 que se va a transparentar toda la n\u00f3mina del gobierno, \u201calgo que nunca se ha hecho en la historia de la administraci\u00f3n p\u00fablica\u201d.<\/p>\n<p>L\u00f3pez Obrador record\u00f3 que la ley no exig\u00eda que se transparentaran dichos bienes, \u201cpero hay una iniciativa que enviamos, que est\u00e1 en la C\u00e1mara de Diputados, que es la Ley de Austeridad Republicana, donde se establece que se transparenten los patrimonios\u201d.<\/p>\n<p>De manera que, antes de que se apruebe esta ley, la administraci\u00f3n federal ya est\u00e1 cumpliendo con estas acciones, dijo y pidi\u00f3 a los legisladores que se atienda dicha iniciativa.<\/p>\n<p>En este sentido, L\u00f3pez Obrador puntualiz\u00f3 que su administraci\u00f3n cumplir\u00e1 con la ley en el caso de los gasoductos detenidos, por lo que se dirigi\u00f3 a las empresas relacionadas, a quienes insisti\u00f3 en que \u00e9ste \u201ces un llamado a que ayuden, que contribuyan, que entiendan que es injusto, aunque sea legal que el gobierno les est\u00e9 pagando, sin que est\u00e9n ofreciendo el servicio\u201d.<\/p>\n<p>Reconoci\u00f3 que \u201cen efecto, es una responsabilidad del gobierno el que se liberen los tramos porque as\u00ed se estableci\u00f3 en el contrato, porque el contrato es leonino\u201d.<\/p>\n<p>Adelant\u00f3 que hablar\u00e1 con quienes tienen detenidas estas obras para \u201cexplicarles lo que nos est\u00e1 costando, lo que debi\u00f3 haber hecho el gobierno anterior, la misma empresa darlo a conocer\u201d.<\/p>\n<p>En otro tema, L\u00f3pez Obrador dio a conocer las cuatro ternas que enviar\u00e1 para la Comisi\u00f3n Reguladora de Energ\u00eda, organismo fundamental en el sector, y explic\u00f3 que los senadores iniciar\u00e1n un proceso para entrevistar a las personas propuestas para luego elegir a quien la representar\u00e1, pero si despu\u00e9s de un tiempo no llegan a un consenso, es facultad de Ejecutivo decidir al representante.<\/p>\n<p>Manifest\u00f3 que todas estas acciones est\u00e1n encaminadas a lograr una verdadera transformaci\u00f3n, y que en caso de que en el futuro se modifique el r\u00e9gimen de gobierno, los ciudadanos conozcan y defiendan las medidas implementadas en beneficio de la sociedad y no permitan que se den retrocesos en los avances que procuran bienestar para la poblaci\u00f3n.<\/p>\n<p style=\"text-align: center;\"><strong>Descarta pelear con empresas<\/strong><\/p>\n<p>El Presidente dijo que se van a respetar los contratos de empresas encargadas de construir gasoductos y que no habr\u00e1 sanciones.<\/p>\n<p>\u201cNo somos leguleyos, este es un asunto de Estado y tiene que ver con la moral de quienes formamos parte de la sociedad mexicana, no es un asunto legal\u201d.<\/p>\n<p>\u201cQue nadie se espante, que nadie se inquiete, que nadie se ponga nervioso, se van a respetar los contratos porque son compromisos que se firmaron en situaciones muy especiales\u201d.<\/p>\n<p>Agreg\u00f3 que lo que hizo fue un llamado a revisar los contratos, pero que no se va a poner a pelear con la empresas.<\/p>\n<p>\u201cLo que hice ayer fue un llamado a que pueda haber un procedimiento, respetando los contratos, no me voy a poner a pelear con las empresas que tienen muy buenos abogados, de primera, que han sacado de la c\u00e1rcel a quien uno pensar\u00eda que no podr\u00eda salir de la c\u00e1rcel, o son tan buenos que evitan que vayan a la c\u00e1rcel los que deben ir a la c\u00e1rcel\u201d.<\/p>\n<p style=\"text-align: center;\"><strong>Afirma que mercado castiga \u2018actitud indebida\u2019<\/strong><\/p>\n<p>Cuestionado sobre la ca\u00edda en la Bolsa Mexicana de Valores de las empresas que se\u00f1al\u00f3 el gobierno por tener gasoductos detenidos, el mandatario federal dijo que el mercado castiga actitudes indebidas.<\/p>\n<p>\u201cAyer no cay\u00f3 la Bolsa en general, o sea, gan\u00f3 la Bolsa, puede ser que algunas de estas empresas sus acciones cayeron, pero esto demuestra que estamos ante un sector financiero bastante responsable e inteligente, o sea, se castiga, si es que fue as\u00ed, no lo he visto, por lo que considera el mercado una actitud irregular indebida pero la Bolsa gan\u00f3 ayer, seg\u00fan el dato que tengo\u201d, concluy\u00f3.<\/p>\n","protected":false},"excerpt":{"rendered":"<p>El presidente Andr\u00e9s Manuel L\u00f3pez Obrador se\u00f1al\u00f3 que se buscar\u00e1 por ley que los funcionarios no puedan pasar de un cargo p\u00fablico a la iniciativa privada, relacionada con un \u00e1rea con su encargo en el servicio p\u00fablico, sino hasta despu\u00e9s de 10 a\u00f1os, luego de finalizar su encomienda.<\/p>\n","protected":false},"author":5,"featured_media":414931,"comment_status":"open","ping_status":"open","sticky":false,"template":"","format":"standard","meta":{"_monsterinsights_skip_tracking":false,"_monsterinsights_sitenote_active":false,"_monsterinsights_sitenote_note":"","_monsterinsights_sitenote_category":0,"footnotes":""},"categories":[3],"tags":[82765,1352,82814,82766,9904,10491,81020,43673,82767],"class_list":["post-414930","post","type-post","status-publish","format-standard","has-post-thumbnail","hentry","category-nacional","tag-chapulines-fifis","tag-andres-manuel-lopez-obrador","tag-chapulines","tag-ex-presidente-ernesto-zedillo","tag-fobaproa","tag-funcionarios","tag-lopez-obrador","tag-nacional","tag-trabajar-en-la-ip"],"_links":{"self":[{"href":"https:\/\/www.diarioimagen.net\/index.php?rest_route=\/wp\/v2\/posts\/414930","targetHints":{"allow":["GET"]}}],"collection":[{"href":"https:\/\/www.diarioimagen.net\/index.php?rest_route=\/wp\/v2\/posts"}],"about":[{"href":"https:\/\/www.diarioimagen.net\/index.php?rest_route=\/wp\/v2\/types\/post"}],"author":[{"embeddable":true,"href":"https:\/\/www.diarioimagen.net\/index.php?rest_route=\/wp\/v2\/users\/5"}],"replies":[{"embeddable":true,"href":"https:\/\/www.diarioimagen.net\/index.php?rest_route=%2Fwp%2Fv2%2Fcomments&post=414930"}],"version-history":[{"count":0,"href":"https:\/\/www.diarioimagen.net\/index.php?rest_route=\/wp\/v2\/posts\/414930\/revisions"}],"wp:featuredmedia":[{"embeddable":true,"href":"https:\/\/www.diarioimagen.net\/index.php?rest_route=\/wp\/v2\/media\/414931"}],"wp:attachment":[{"href":"https:\/\/www.diarioimagen.net\/index.php?rest_route=%2Fwp%2Fv2%2Fmedia&parent=414930"}],"wp:term":[{"taxonomy":"category","embeddable":true,"href":"https:\/\/www.diarioimagen.net\/index.php?rest_route=%2Fwp%2Fv2%2Fcategories&post=414930"},{"taxonomy":"post_tag","embeddable":true,"href":"https:\/\/www.diarioimagen.net\/index.php?rest_route=%2Fwp%2Fv2%2Ftags&post=414930"}],"curies":[{"name":"wp","href":"https:\/\/api.w.org\/{rel}","templated":true}]}}