{"id":414938,"date":"2019-02-13T00:04:13","date_gmt":"2019-02-13T06:04:13","guid":{"rendered":"https:\/\/www.diarioimagen.net\/?p=414938"},"modified":"2019-02-12T23:59:43","modified_gmt":"2019-02-13T05:59:43","slug":"retira-caem-microalgas-de-lago-de-valle-de-bravo","status":"publish","type":"post","link":"https:\/\/www.diarioimagen.net\/?p=414938","title":{"rendered":"Retira CAEM microalgas de lago de Valle de Bravo"},"content":{"rendered":"<ul>\n<li><em><strong>Apoyan trabajos voluntarios y prestadores de servicios lancheros<\/strong><\/em><\/li>\n<\/ul>\n<p>&nbsp;<\/p>\n<div id=\"attachment_414939\" style=\"width: 470px\" class=\"wp-caption aligncenter\"><img loading=\"lazy\" decoding=\"async\" aria-describedby=\"caption-attachment-414939\" class=\"size-large wp-image-414939\" src=\"https:\/\/www.diarioimagen.net\/wp-content\/uploads\/2019\/02\/VALLE13-portal-460x268.jpg\" alt=\"\" width=\"460\" height=\"268\" srcset=\"https:\/\/www.diarioimagen.net\/wp-content\/uploads\/2019\/02\/VALLE13-portal-460x268.jpg 460w, https:\/\/www.diarioimagen.net\/wp-content\/uploads\/2019\/02\/VALLE13-portal-240x140.jpg 240w, https:\/\/www.diarioimagen.net\/wp-content\/uploads\/2019\/02\/VALLE13-portal.jpg 480w\" sizes=\"auto, (max-width: 460px) 100vw, 460px\" \/><p id=\"caption-attachment-414939\" class=\"wp-caption-text\">Apoyan trabajos voluntarios y prestadores de servicios lancheros en la extracci\u00f3n de 408 metros c\u00fabicos de microalgas.<\/p><\/div>\n<p>&nbsp;<\/p>\n<p><strong>Valle de Bravo, Estado de M\u00e9xico<\/strong>.- Para preservar la integridad ambiental del lago de Valle de Bravo y mejorar la imagen de uno de los destinos tur\u00edsticos emblem\u00e1ticos de la entidad, la Comisi\u00f3n del Agua del Estado de M\u00e9xico (CAEM) retir\u00f3 408 metros c\u00fabicos de microalgas.<\/p>\n<p>Durante dos semanas, m\u00e1s de 30 trabajadores capacitados de la CAEM, con el apoyo de dos camiones de presi\u00f3n-succi\u00f3n, llevaron a cabo esta labor, a la que no dudaron en sumarse voluntarios y prestadores de servicios lancheros de este Pueblo M\u00e1gico.<\/p>\n<p>Alfredo P\u00e9rez Guzm\u00e1n, Vocal Ejecutivo de la CAEM, coment\u00f3 que con el apoyo de los pobladores del muelle, quienes vieron con entusiasmo este trabajo, se pudieron realizar 34 viajes de camiones, con capacidad de 12 metros c\u00fabicos cada uno.<\/p>\n<p>Con estas acciones, la CAEM refrenda su compromiso de trabajar para mantener la salud de los ecosistemas que se desarrollan en torno a los cuerpos de agua y que, como en el caso del lago de Valle de Bravo, su preservaci\u00f3n es vital para la econom\u00eda de la regi\u00f3n.<\/p>\n","protected":false},"excerpt":{"rendered":"<p>Para preservar la integridad ambiental del lago de Valle de Bravo y mejorar la imagen de uno de los destinos tur\u00edsticos emblem\u00e1ticos de la entidad, la Comisi\u00f3n del Agua del Estado de M\u00e9xico (CAEM) retir\u00f3 408 metros c\u00fabicos de microalgas.<\/p>\n","protected":false},"author":5,"featured_media":414939,"comment_status":"open","ping_status":"open","sticky":false,"template":"","format":"standard","meta":{"_monsterinsights_skip_tracking":false,"_monsterinsights_sitenote_active":false,"_monsterinsights_sitenote_note":"","_monsterinsights_sitenote_category":0,"footnotes":""},"categories":[5],"tags":[82574,82770,43675,1458,82771],"class_list":["post-414938","post","type-post","status-publish","format-standard","has-post-thumbnail","hentry","category-estado-de-mexico","tag-alfredo-perez-guzman","tag-caem-microalgas","tag-estado-de-mexico","tag-valle-de-bravo","tag-vocal-ejecutivo-de-la-caem"],"_links":{"self":[{"href":"https:\/\/www.diarioimagen.net\/index.php?rest_route=\/wp\/v2\/posts\/414938","targetHints":{"allow":["GET"]}}],"collection":[{"href":"https:\/\/www.diarioimagen.net\/index.php?rest_route=\/wp\/v2\/posts"}],"about":[{"href":"https:\/\/www.diarioimagen.net\/index.php?rest_route=\/wp\/v2\/types\/post"}],"author":[{"embeddable":true,"href":"https:\/\/www.diarioimagen.net\/index.php?rest_route=\/wp\/v2\/users\/5"}],"replies":[{"embeddable":true,"href":"https:\/\/www.diarioimagen.net\/index.php?rest_route=%2Fwp%2Fv2%2Fcomments&post=414938"}],"version-history":[{"count":0,"href":"https:\/\/www.diarioimagen.net\/index.php?rest_route=\/wp\/v2\/posts\/414938\/revisions"}],"wp:featuredmedia":[{"embeddable":true,"href":"https:\/\/www.diarioimagen.net\/index.php?rest_route=\/wp\/v2\/media\/414939"}],"wp:attachment":[{"href":"https:\/\/www.diarioimagen.net\/index.php?rest_route=%2Fwp%2Fv2%2Fmedia&parent=414938"}],"wp:term":[{"taxonomy":"category","embeddable":true,"href":"https:\/\/www.diarioimagen.net\/index.php?rest_route=%2Fwp%2Fv2%2Fcategories&post=414938"},{"taxonomy":"post_tag","embeddable":true,"href":"https:\/\/www.diarioimagen.net\/index.php?rest_route=%2Fwp%2Fv2%2Ftags&post=414938"}],"curies":[{"name":"wp","href":"https:\/\/api.w.org\/{rel}","templated":true}]}}