{"id":414987,"date":"2019-02-13T00:07:08","date_gmt":"2019-02-13T06:07:08","guid":{"rendered":"https:\/\/www.diarioimagen.net\/?p=414987"},"modified":"2019-02-13T23:43:06","modified_gmt":"2019-02-14T05:43:06","slug":"viven-fiesta-de-identidad-con-pasarela-de-indumentaria","status":"publish","type":"post","link":"https:\/\/www.diarioimagen.net\/?p=414987","title":{"rendered":"Viven fiesta de identidad con pasarela de indumentaria"},"content":{"rendered":"<h2>Arco Norte<\/h2>\n<h5>Jos\u00e9 Luis Monta\u00f1ez Aguilar<\/h5>\n<p>&nbsp;<\/p>\n<p><a href=\"https:\/\/www.diarioimagen.net\/?attachment_id=415074\" rel=\"attachment wp-att-415074\"><img loading=\"lazy\" decoding=\"async\" class=\"aligncenter size-large wp-image-415074\" src=\"https:\/\/www.diarioimagen.net\/wp-content\/uploads\/2019\/02\/arco-3-460x259.jpg\" alt=\"\" width=\"460\" height=\"259\" srcset=\"https:\/\/www.diarioimagen.net\/wp-content\/uploads\/2019\/02\/arco-3-460x259.jpg 460w, https:\/\/www.diarioimagen.net\/wp-content\/uploads\/2019\/02\/arco-3-240x135.jpg 240w, https:\/\/www.diarioimagen.net\/wp-content\/uploads\/2019\/02\/arco-3-235x132.jpg 235w, https:\/\/www.diarioimagen.net\/wp-content\/uploads\/2019\/02\/arco-3-202x114.jpg 202w, https:\/\/www.diarioimagen.net\/wp-content\/uploads\/2019\/02\/arco-3-350x196.jpg 350w, https:\/\/www.diarioimagen.net\/wp-content\/uploads\/2019\/02\/arco-3-220x123.jpg 220w, https:\/\/www.diarioimagen.net\/wp-content\/uploads\/2019\/02\/arco-3-237x132.jpg 237w, https:\/\/www.diarioimagen.net\/wp-content\/uploads\/2019\/02\/arco-3.jpg 480w\" sizes=\"auto, (max-width: 460px) 100vw, 460px\" \/><\/a><\/p>\n<p>&nbsp;<\/p>\n<p>Uno de los m\u00e1s vistosos motivos de identidad para las y los mexicanos son los trajes t\u00edpicos de cada regi\u00f3n, los cuales cuentan, a trav\u00e9s de sus colores, bordados, formas y estilos, las costumbres y tradiciones de su lugar de origen.<\/p>\n<p>Bajo esta idea y en el marco de la exposici\u00f3n \u201cVestidos de tradici\u00f3n.<\/p>\n<p>Por amor a M\u00e9xico\u201d, la cual est\u00e1 compuesta por 578 mu\u00f1ecas ataviadas con trajes t\u00edpicos de nuestro pa\u00eds y forman parte de la colecci\u00f3n de la se\u00f1ora Mar\u00eda Esther Zuno de Echeverr\u00eda, el Museo de Culturas Populares organiz\u00f3 una \u201cPasarela de indumentaria ind\u00edgena y mestiza\u201d, la cual estuvo conformada por 40 piezas.<\/p>\n<p>Este desfile fue toda una fiesta de folclor, m\u00fasica e identidad, gracias al trabajo conjunto entre la Secretar\u00eda de Cultura, el Instituto de Investigaci\u00f3n y Difusi\u00f3n de la Danza Mexicana y el ingeniero Marco Antonio Izquierdo Kuntz, quien fue el encargado de compartir las costumbres y tradiciones alrededor de la indumentaria, mediante cuadros acompa\u00f1ados de m\u00fasica representativa de cada regi\u00f3n.<\/p>\n<p>\u201cSe trat\u00f3 de una pasarela fuera de lo com\u00fan, con 40 indumentarias masculinas y femeninas, un poco de baile y una amplia explicaci\u00f3n.<\/p>\n<p>Asistieron, por ejemplo, Los Charros de Chimalhuac\u00e1n, bailando tal cual lo hacen en el carnaval de Chimalhuac\u00e1n y otras partes de la Rep\u00fablica mexicana como Totonacapan, regi\u00f3n de Veracruz con trajes antiguos y actuales, y el Istmo de Tehuantepec, en Oaxaca, con las tehuanas, con una completa demostraci\u00f3n de la indumentaria de las zapotecas, ropa cotidiana, de lujo, medio lujo, boda y luto, entre otros\u201d, detall\u00f3 Nieves Arias, directora del Museo de Culturas Populares.<\/p>\n<p>La siguiente actividad que se realizar\u00e1 en el marco de esta exposici\u00f3n tendr\u00e1 lugar el pr\u00f3ximo 21 de febrero y ser\u00e1 para celebrar el D\u00eda Internacional de la Lengua Materna.<\/p>\n<p>Se recibir\u00e1n a ni\u00f1as y ni\u00f1os de escuelas de Temoaya y p\u00fablico en general, con quienes se organizar\u00e1n actividades l\u00fadicas como rallies, con la oportunidad de interactuar con las mu\u00f1ecas de la muestra \u201cVestidos de tradici\u00f3n.<\/p>\n<p>Por amor a M\u00e9xico\u201d y sus diferentes indumentarias.<\/p>\n<p>Posteriormente, el 14 de marzo habr\u00e1 una conferencia a cargo de Rosario Ram\u00edrez, titulada \u201cIndumentaria y memoria ind\u00edgena\u201d y se cerrar\u00e1 el 24 de marzo con una demostraci\u00f3n de telares ind\u00edgenas del Estado de M\u00e9xico.<\/p>\n<p><em><a href=\"mailto:montanezaguilar@gmail.com\" target=\"_blank\" rel=\"noopener\">montanezaguilar@gmail.com<\/a><\/em><\/p>\n","protected":false},"excerpt":{"rendered":"<p><span style=\"color: #005497;\">Jos\u00e9 Luis Monta\u00f1ez Aguilar<\/span><br \/>\n<br \/>\nUno de los m\u00e1s vistosos motivos de identidad para las y los mexicanos son los trajes t\u00edpicos de cada regi\u00f3n, los cuales cuentan, a trav\u00e9s de sus colores, bordados, formas y estilos, las costumbres y tradiciones de su lugar de origen.<\/p>\n","protected":false},"author":3,"featured_media":415074,"comment_status":"open","ping_status":"open","sticky":false,"template":"","format":"standard","meta":{"_monsterinsights_skip_tracking":false,"_monsterinsights_sitenote_active":false,"_monsterinsights_sitenote_note":"","_monsterinsights_sitenote_category":0,"footnotes":""},"categories":[5],"tags":[13284,43704,43674],"class_list":["post-414987","post","type-post","status-publish","format-standard","has-post-thumbnail","hentry","category-estado-de-mexico","tag-arco-norte","tag-jose-luis-montanez-aguilar","tag-opinion"],"_links":{"self":[{"href":"https:\/\/www.diarioimagen.net\/index.php?rest_route=\/wp\/v2\/posts\/414987","targetHints":{"allow":["GET"]}}],"collection":[{"href":"https:\/\/www.diarioimagen.net\/index.php?rest_route=\/wp\/v2\/posts"}],"about":[{"href":"https:\/\/www.diarioimagen.net\/index.php?rest_route=\/wp\/v2\/types\/post"}],"author":[{"embeddable":true,"href":"https:\/\/www.diarioimagen.net\/index.php?rest_route=\/wp\/v2\/users\/3"}],"replies":[{"embeddable":true,"href":"https:\/\/www.diarioimagen.net\/index.php?rest_route=%2Fwp%2Fv2%2Fcomments&post=414987"}],"version-history":[{"count":0,"href":"https:\/\/www.diarioimagen.net\/index.php?rest_route=\/wp\/v2\/posts\/414987\/revisions"}],"wp:featuredmedia":[{"embeddable":true,"href":"https:\/\/www.diarioimagen.net\/index.php?rest_route=\/wp\/v2\/media\/415074"}],"wp:attachment":[{"href":"https:\/\/www.diarioimagen.net\/index.php?rest_route=%2Fwp%2Fv2%2Fmedia&parent=414987"}],"wp:term":[{"taxonomy":"category","embeddable":true,"href":"https:\/\/www.diarioimagen.net\/index.php?rest_route=%2Fwp%2Fv2%2Fcategories&post=414987"},{"taxonomy":"post_tag","embeddable":true,"href":"https:\/\/www.diarioimagen.net\/index.php?rest_route=%2Fwp%2Fv2%2Ftags&post=414987"}],"curies":[{"name":"wp","href":"https:\/\/api.w.org\/{rel}","templated":true}]}}