{"id":414999,"date":"2019-02-13T00:10:14","date_gmt":"2019-02-13T06:10:14","guid":{"rendered":"https:\/\/www.diarioimagen.net\/?p=414999"},"modified":"2019-02-13T07:27:48","modified_gmt":"2019-02-13T13:27:48","slug":"arrecia-la-critica-contra-los-organos-autonomos","status":"publish","type":"post","link":"https:\/\/www.diarioimagen.net\/?p=414999","title":{"rendered":"Arrecia la cr\u00edtica contra los \u00f3rganos aut\u00f3nomos"},"content":{"rendered":"<p><a href=\"https:\/\/www.diarioimagen.net\/?attachment_id=415083\" rel=\"attachment wp-att-415083\"><img loading=\"lazy\" decoding=\"async\" class=\"aligncenter size-large wp-image-415083\" src=\"https:\/\/www.diarioimagen.net\/wp-content\/uploads\/2019\/02\/inai-460x259.jpg\" alt=\"\" width=\"460\" height=\"259\" srcset=\"https:\/\/www.diarioimagen.net\/wp-content\/uploads\/2019\/02\/inai-460x259.jpg 460w, https:\/\/www.diarioimagen.net\/wp-content\/uploads\/2019\/02\/inai-240x135.jpg 240w, https:\/\/www.diarioimagen.net\/wp-content\/uploads\/2019\/02\/inai-235x132.jpg 235w, https:\/\/www.diarioimagen.net\/wp-content\/uploads\/2019\/02\/inai-202x114.jpg 202w, https:\/\/www.diarioimagen.net\/wp-content\/uploads\/2019\/02\/inai-350x196.jpg 350w, https:\/\/www.diarioimagen.net\/wp-content\/uploads\/2019\/02\/inai-220x123.jpg 220w, https:\/\/www.diarioimagen.net\/wp-content\/uploads\/2019\/02\/inai-237x132.jpg 237w, https:\/\/www.diarioimagen.net\/wp-content\/uploads\/2019\/02\/inai.jpg 480w\" sizes=\"auto, (max-width: 460px) 100vw, 460px\" \/><\/a><\/p>\n<p>&nbsp;<\/p>\n<p>El presidente Andr\u00e9s Manuel L\u00f3pez Obrador arreci\u00f3 su cr\u00edtica a los organismos aut\u00f3nomos; cuestion\u00f3 los elevados sueldos de sus funcionarios e incluso dijo que se les permiti\u00f3 cometer il\u00edcitos y que se les pagaban sus fianzas.<\/p>\n<p>\u201cMuchas de estas cosas de abusos, de falta de moralidad, se presentaron por la mescolanza entre poder p\u00fablico y poder privado, o sea no hab\u00eda frontera, no hab\u00eda separaci\u00f3n, el gobierno estaba convertido en un comit\u00e9 al servicio de los hombres de negocios, mujeres y hombres de negocios, m\u00e1s hombres que mujeres, entonces ya hay esta separaci\u00f3n que es sana para todos\u201d, dijo en su conferencia de prensa ma\u00f1anera.<\/p>\n<p>\u201cHubo mucha simulaci\u00f3n, se crearon diversos organismos supuestamente aut\u00f3nomos, independientes, toda una constelaci\u00f3n de organismos independientes, aut\u00f3nomos, otro gobierno, para operar el saqueo, para facilitar el robo, para entregar contratos, permisos a empresas particulares y en todos esos organismos la mayor\u00eda de los consejeros representaban a los grupos de intereses creados y nos vendieron la idea de que esto era la independencia, la autonom\u00eda, la llamada sociedad civil, que eran gente decente porque los del gobierno eran unos corruptos\u201d.<\/p>\n<p>L\u00f3pez Obrador asegur\u00f3 que no est\u00e1 en contra de la iniciativa privada, sino de la corrupci\u00f3n, por lo que pidi\u00f3 apoyar s\u00f3lo a empresas con \u00e9tica.<\/p>\n<p>\u201cQuiero volver a dejar en claro que no estamos en contra del sector privado, estamos en contra de la corrupci\u00f3n y son los momentos tambi\u00e9n para que las organizaciones del sector privado se deslinden, que hagan el compromiso de apoyar a empresas con dimensi\u00f3n \u00e9tica, a verdaderos empresarios, no a corruptos que se han dedicado a da\u00f1ar al pa\u00eds a saquear a la hacienda p\u00fablica, entonces pedirles eso, estoy seguro que va a haber una muy buena respuesta del sector privado\u201d, manifest\u00f3.<\/p>\n<p>\u201cAfortunadamente, se vencieron plazos en estos organismos aut\u00f3nomos o algunos renunciaron porque ya no les parecieron los sueldos y ahora, de acuerdo con la ley, nos corresponde proponer al Senado a quienes van a estar en estos organismos, se decidi\u00f3 no cancelarlos para no dar pretextos o excusas porque siempre recurren, les dec\u00eda yo que gritan como pregoneros que se esta afectando al sector privado, no, nosotros necesitamos la participaci\u00f3n del sector privado\u201d.<\/p>\n<p>El mandatario sostuvo que la simulaci\u00f3n en gobiernos anteriores tambi\u00e9n se evidenci\u00f3 creando organismos como el Instituto Nacional de Transparencia (INAI).<\/p>\n<p>\u201c\u00bfCu\u00e1l fue la primera decisi\u00f3n que toma cuando crearon ese organismo, en el tiempo de (Vicente) Fox, la primera decisi\u00f3n, del organismo de la transparencia? Que se mantengan en secreto las condonaciones de impuestos a las grandes empresas\u201d, expuso.<\/p>\n<p>\u201cImag\u00ednense, entonces para qu\u00e9 crearon el Instituto de Transparencia, la primera decisi\u00f3n es que se mantengan en secreto las devoluciones que hace el Gobierno de Fox a los grandes contribuyentes, hasta este a\u00f1o se van a poder abrir, hasta el 19, pero fue una resoluci\u00f3n del Instituto de la Transparencia\u201d.<\/p>\n<p>En la actualidad, dijo el Jefe del Ejecutivo, lo mismo sucedi\u00f3 con el caso Odebrecht.<\/p>\n<p>\u201cEl Instituto de la Transparencia planteando que se mantuviese en secreto la investigaci\u00f3n sobre Odebrecht, en pocas palabras, pura ya no voy a usar el otro, pura simulaci\u00f3n, pura simulaci\u00f3n. Entonces se acaba eso\u201d, asegur\u00f3.<\/p>\n","protected":false},"excerpt":{"rendered":"<p>El presidente Andr\u00e9s Manuel L\u00f3pez Obrador arreci\u00f3 su cr\u00edtica a los organismos aut\u00f3nomos; cuestion\u00f3 los elevados sueldos de sus funcionarios e incluso dijo que se les permiti\u00f3 cometer il\u00edcitos y que se les pagaban sus fianzas.<\/p>\n","protected":false},"author":3,"featured_media":415083,"comment_status":"open","ping_status":"open","sticky":false,"template":"","format":"standard","meta":{"_monsterinsights_skip_tracking":false,"_monsterinsights_sitenote_active":false,"_monsterinsights_sitenote_note":"","_monsterinsights_sitenote_category":0,"footnotes":""},"categories":[3],"tags":[1352,82815,43673,15916],"class_list":["post-414999","post","type-post","status-publish","format-standard","has-post-thumbnail","hentry","category-nacional","tag-andres-manuel-lopez-obrador","tag-autonomos","tag-nacional","tag-organos"],"_links":{"self":[{"href":"https:\/\/www.diarioimagen.net\/index.php?rest_route=\/wp\/v2\/posts\/414999","targetHints":{"allow":["GET"]}}],"collection":[{"href":"https:\/\/www.diarioimagen.net\/index.php?rest_route=\/wp\/v2\/posts"}],"about":[{"href":"https:\/\/www.diarioimagen.net\/index.php?rest_route=\/wp\/v2\/types\/post"}],"author":[{"embeddable":true,"href":"https:\/\/www.diarioimagen.net\/index.php?rest_route=\/wp\/v2\/users\/3"}],"replies":[{"embeddable":true,"href":"https:\/\/www.diarioimagen.net\/index.php?rest_route=%2Fwp%2Fv2%2Fcomments&post=414999"}],"version-history":[{"count":0,"href":"https:\/\/www.diarioimagen.net\/index.php?rest_route=\/wp\/v2\/posts\/414999\/revisions"}],"wp:featuredmedia":[{"embeddable":true,"href":"https:\/\/www.diarioimagen.net\/index.php?rest_route=\/wp\/v2\/media\/415083"}],"wp:attachment":[{"href":"https:\/\/www.diarioimagen.net\/index.php?rest_route=%2Fwp%2Fv2%2Fmedia&parent=414999"}],"wp:term":[{"taxonomy":"category","embeddable":true,"href":"https:\/\/www.diarioimagen.net\/index.php?rest_route=%2Fwp%2Fv2%2Fcategories&post=414999"},{"taxonomy":"post_tag","embeddable":true,"href":"https:\/\/www.diarioimagen.net\/index.php?rest_route=%2Fwp%2Fv2%2Ftags&post=414999"}],"curies":[{"name":"wp","href":"https:\/\/api.w.org\/{rel}","templated":true}]}}