{"id":415016,"date":"2019-02-13T00:06:10","date_gmt":"2019-02-13T06:06:10","guid":{"rendered":"https:\/\/www.diarioimagen.net\/?p=415016"},"modified":"2019-02-13T07:45:00","modified_gmt":"2019-02-13T13:45:00","slug":"gobierno-de-tlalnepantla-entrega-7-mil-406-becas-en-todos-los-niveles","status":"publish","type":"post","link":"https:\/\/www.diarioimagen.net\/?p=415016","title":{"rendered":"Gobierno de Tlalnepantla entrega 7 mil 406 becas en todos los niveles"},"content":{"rendered":"<ul>\n<li><strong><em>Son bimestrales y se incrementar\u00e1n<\/em><\/strong><\/li>\n<\/ul>\n<p>&nbsp;<\/p>\n<div id=\"attachment_415116\" style=\"width: 470px\" class=\"wp-caption aligncenter\"><a href=\"https:\/\/www.diarioimagen.net\/?attachment_id=415116\" rel=\"attachment wp-att-415116\"><img loading=\"lazy\" decoding=\"async\" aria-describedby=\"caption-attachment-415116\" class=\"size-large wp-image-415116\" src=\"https:\/\/www.diarioimagen.net\/wp-content\/uploads\/2019\/02\/TLALNEPANTLA-13-460x259.jpg\" alt=\"\" width=\"460\" height=\"259\" srcset=\"https:\/\/www.diarioimagen.net\/wp-content\/uploads\/2019\/02\/TLALNEPANTLA-13-460x259.jpg 460w, https:\/\/www.diarioimagen.net\/wp-content\/uploads\/2019\/02\/TLALNEPANTLA-13-240x135.jpg 240w, https:\/\/www.diarioimagen.net\/wp-content\/uploads\/2019\/02\/TLALNEPANTLA-13-235x132.jpg 235w, https:\/\/www.diarioimagen.net\/wp-content\/uploads\/2019\/02\/TLALNEPANTLA-13-202x114.jpg 202w, https:\/\/www.diarioimagen.net\/wp-content\/uploads\/2019\/02\/TLALNEPANTLA-13-350x196.jpg 350w, https:\/\/www.diarioimagen.net\/wp-content\/uploads\/2019\/02\/TLALNEPANTLA-13-220x123.jpg 220w, https:\/\/www.diarioimagen.net\/wp-content\/uploads\/2019\/02\/TLALNEPANTLA-13-237x132.jpg 237w, https:\/\/www.diarioimagen.net\/wp-content\/uploads\/2019\/02\/TLALNEPANTLA-13.jpg 480w\" sizes=\"auto, (max-width: 460px) 100vw, 460px\" \/><\/a><p id=\"caption-attachment-415116\" class=\"wp-caption-text\">Se incrementar\u00e1 el n\u00famero de beneficiarios que bimestralmente reciben dicho apoyo educativo, se\u00f1al\u00f3 Raciel P\u00e9rez Cruz, alcalde de Tlalnepantla.<\/p><\/div>\n<p>&nbsp;<\/p>\n<p><strong>Tlalnepantla, Estado de M\u00e9xico<\/strong>.- La inseguridad afecta de manera directa a las ni\u00f1os de nuestra ciudad, \u00a0pone en peligro su futuro, por lo que sociedad y gobierno debemos involucrarnos en el combate a la delincuencia, afirm\u00f3 el presidente municipal, Raciel P\u00e9rez Cruz, al iniciar la entrega de becas municipales a 7 mil 406 estudiantes de diferentes niveles.<\/p>\n<p>En la primaria Benito Ju\u00e1rez, de la colonia L\u00e1zaro C\u00e1rdenas, el alcalde se\u00f1al\u00f3 que a pesar de que el gobierno municipal no tiene la obligaci\u00f3n constitucional de apoyar a la educaci\u00f3n, estamos comprometidos para hacer de esta generaci\u00f3n de ni\u00f1os, ciudadanos de bien que ayuden a transformar nuestro municipio y el pa\u00eds.<\/p>\n<p>\u201cCada vez que veo el rostro de un ni\u00f1o o de una ni\u00f1a, veo en ellos la esperanza, veo las ganas de superarse, las ganas de ser, en un futuro, ciudadanas y ciudadanos comprometidos con su pa\u00eds, con su comunidad, con su patria\u201d, por lo que se incrementar\u00e1 el n\u00famero de beneficiarios que bimestralmente reciben dicho apoyo educativo, se\u00f1al\u00f3 Raciel P\u00e9rez Cruz.<\/p>\n<p>Expres\u00f3 que esta comunidad padece los estragos de la inseguridad, estamoconscientes de ello y hemos comenzado a resolverla, porque \u201cs\u00e9 del dolor, de la impotencia que genera, y queremos que las ni\u00f1as, los ni\u00f1os, los j\u00f3venes puedan crecer en un ambiente libre de la violencia, este es nuestro compromiso\u201d.<\/p>\n<p>El Programa Municipal de Becas contempla los rubros de apoyo social, excelencia y discapacidad, favoreciendo en este ciclo escolar a alumnos de primaria, secundaria, nivel medio y superior, quienes bimestralmente reciben un monto que va de los 600 a los mil 600 pesos, dependiendo el grado educativo.<\/p>\n","protected":false},"excerpt":{"rendered":"<p>La inseguridad afecta de manera directa a las ni\u00f1os de nuestra ciudad,  pone en peligro su futuro, por lo que sociedad y gobierno debemos involucrarnos en el combate a la delincuencia, afirm\u00f3 el presidente municipal, Raciel P\u00e9rez Cruz, al iniciar la entrega de becas municipales a 7 mil 406 estudiantes de diferentes niveles.<\/p>\n","protected":false},"author":3,"featured_media":415116,"comment_status":"open","ping_status":"open","sticky":false,"template":"","format":"standard","meta":{"_monsterinsights_skip_tracking":false,"_monsterinsights_sitenote_active":false,"_monsterinsights_sitenote_note":"","_monsterinsights_sitenote_category":0,"footnotes":""},"categories":[35155],"tags":[11642,24769,43675,169],"class_list":["post-415016","post","type-post","status-publish","format-standard","has-post-thumbnail","hentry","category-estado-de-mexico-estado-de-mexico","tag-becas","tag-entrega","tag-estado-de-mexico","tag-tlalnepantla"],"_links":{"self":[{"href":"https:\/\/www.diarioimagen.net\/index.php?rest_route=\/wp\/v2\/posts\/415016","targetHints":{"allow":["GET"]}}],"collection":[{"href":"https:\/\/www.diarioimagen.net\/index.php?rest_route=\/wp\/v2\/posts"}],"about":[{"href":"https:\/\/www.diarioimagen.net\/index.php?rest_route=\/wp\/v2\/types\/post"}],"author":[{"embeddable":true,"href":"https:\/\/www.diarioimagen.net\/index.php?rest_route=\/wp\/v2\/users\/3"}],"replies":[{"embeddable":true,"href":"https:\/\/www.diarioimagen.net\/index.php?rest_route=%2Fwp%2Fv2%2Fcomments&post=415016"}],"version-history":[{"count":0,"href":"https:\/\/www.diarioimagen.net\/index.php?rest_route=\/wp\/v2\/posts\/415016\/revisions"}],"wp:featuredmedia":[{"embeddable":true,"href":"https:\/\/www.diarioimagen.net\/index.php?rest_route=\/wp\/v2\/media\/415116"}],"wp:attachment":[{"href":"https:\/\/www.diarioimagen.net\/index.php?rest_route=%2Fwp%2Fv2%2Fmedia&parent=415016"}],"wp:term":[{"taxonomy":"category","embeddable":true,"href":"https:\/\/www.diarioimagen.net\/index.php?rest_route=%2Fwp%2Fv2%2Fcategories&post=415016"},{"taxonomy":"post_tag","embeddable":true,"href":"https:\/\/www.diarioimagen.net\/index.php?rest_route=%2Fwp%2Fv2%2Ftags&post=415016"}],"curies":[{"name":"wp","href":"https:\/\/api.w.org\/{rel}","templated":true}]}}