{"id":415040,"date":"2019-02-13T00:01:50","date_gmt":"2019-02-13T06:01:50","guid":{"rendered":"https:\/\/www.diarioimagen.net\/?p=415040"},"modified":"2019-02-13T00:33:58","modified_gmt":"2019-02-13T06:33:58","slug":"puebla-le-sigue-resultando-muy-incomodo-a-amlo","status":"publish","type":"post","link":"https:\/\/www.diarioimagen.net\/?p=415040","title":{"rendered":"Puebla le sigue resultando muy inc\u00f3modo a AMLO"},"content":{"rendered":"<h2>La Retaguardia<\/h2>\n<h5>Adriana Moreno Cordero<\/h5>\n<p><em>\u00a0<\/em><\/p>\n<ul>\n<li><strong><em>Hasta Bartlett ha metido mano<\/em><\/strong><\/li>\n<li><strong><em>Armenta se sigue perfilando<\/em><\/strong><\/li>\n<\/ul>\n<p>&nbsp;<\/p>\n<p>&nbsp;<\/p>\n<p>Un asunto se ventil\u00f3 ayer en el Senado de la Rep\u00fablica que de seguro le sigue resultando muy, pero muy inc\u00f3modo al presidente <strong>Andr\u00e9s Manuel L\u00f3pez Obrador<\/strong> y que en uno de estos d\u00edas sacar\u00e1 a relucir en alguna de sus conferencias ma\u00f1aneras, quej\u00e1ndose de que es un \u201ccompl\u00f3\u201d en su contra y pidi\u00e9ndole a sus seguidores que tapen este expediente y no le causen malestar alguno.<\/p>\n<p>Y se trata ni m\u00e1s ni menos que de la instalaci\u00f3n de la Comisi\u00f3n Especial para dar seguimiento a los hechos ocurridos el 24 de diciembre de 2018 en el estado de Puebla, en los que perdieron la vida la gobernadora de Puebla, <strong>Martha Erika Alonso<\/strong> y su esposo, el hasta entonces coordinador del PAN en el Senado de la Rep\u00fablica, <strong>Rafael Moreno Valle<\/strong>.<\/p>\n<p>Muchas interrogantes hay a\u00fan en torno a esta tragedia y para diversos analistas pasar\u00e1 un buen tiempo para aclarar este caso.<\/p>\n<p>Sin embargo, la presidenta de dicha Comisi\u00f3n, <strong>Nadia Navarro Acevedo<\/strong> fue enf\u00e1tica a se\u00f1alar que la Comisi\u00f3n no ser\u00e1 un foro que se utilice para golpetear medi\u00e1ticamente.<\/p>\n<p>No hace falta, porque los \u00e1nimos en la entidad poblana siguen muy encendidos a pesar de que en medio de no pocas tensiones, de manera interina ocupa la gubernatura el pri\u00edsta <strong>Guillermo Pacheco Pulido<\/strong>, de ah\u00ed que se hablara de una alianza ya muy conocida como PRIMOR y seg\u00fan se sabe, hasta el flamante director de la Comisi\u00f3n Federal de Electricidad, <strong>Manuel Bartlett<\/strong>, ha metido la mano en el tema. \u00bfSer\u00e1?<\/p>\n<p>El caso es que la senadora panista hizo m\u00e1s compromisos: \u201c\u00bfQu\u00e9 no va a hacer esta Comisi\u00f3n?: Es caminar y hablar sin la verdad y sin la documentaci\u00f3n sostenida de manera institucional\u201d.<\/p>\n<p>Ah\u00ed estuvieron entre otros coordinadores, el morenista <strong>Ricardo Monreal<\/strong>; <strong>Dante Delgado<\/strong>, de Movimiento Ciudadano; <strong>Miguel Angel Mancera<\/strong>, del PRD y el pri\u00edsta <strong>Manuel A\u00f1orve<\/strong>.<\/p>\n<p>Se supone que este mosaico plural, estar\u00eda mandando \u201cun mensaje de unidad a las y los poblanos y al pa\u00eds\u201d, concluy\u00f3 la senadora Navarro.<\/p>\n<p>Pero se reitera, a como est\u00e1n las cosas en Puebla, se ve dif\u00edcil. Adem\u00e1s, las pugnas est\u00e1n tambi\u00e9n a la orden de d\u00eda a lo interno de los partidos pol\u00edticos que participar\u00e1n en los comicios extraordinarios.<\/p>\n<p>Lo anterior va indefectiblemente ligado a otro hecho que revela que la dirigente de Morena, <strong>Yeidckol Polevnsky<\/strong>, es una mujer muy obstinada y de eso, no cabe duda ya que sigue empecinada en destapar y \u201credestapar\u201d al ex senador <strong>Luis Miguel Barbosa Huerta<\/strong> como el candidato de ese partido al gobierno poblano, cuando resulta dif\u00edcil que el morenista se recupere del golpe que le caus\u00f3 a sus aspiraciones la muerte de la gobernadora Alonso.<\/p>\n<p>Apenas la semana pasada, senadores de Morena\u00a0 hicieron p\u00fablico su apoyo y respaldo a <strong>Alejandro Armenta Mier<\/strong>, quien se sigue perfilando porque parece estar ubicado en el lugar y posici\u00f3n id\u00f3nea y desde hace tiempo cabildea no solo en la C\u00e1mara Alta.<\/p>\n<p>Ah\u00ed est\u00e1 como muestra que hoy, en un conocido lugar ubicado en la capital poblana, participar\u00e1 en la presentaci\u00f3n de un libro cuyo t\u00edtulo es revelador para sus aspiraciones, \u201cEstrategias de Campa\u00f1a. Sobre Aguas Turbulentas\u201d, de <strong>Javier S\u00e1nchez Galicia<\/strong>, junto con quien se dice que podr\u00eda participar en las elecciones extraordinarias, <strong>Enrique Doger Guerrero<\/strong>, pero los m\u00e1s, no le ven posibilidades y el panista <strong>Humberto Aguilar Coronado<\/strong>.<\/p>\n<p>El primero en respaldar al senador Armenta, es el coordinador Ricardo Monreal, quien se pronuncia adem\u00e1s porque haya un proceso interno en Morena para seleccionar a su candidato, pero habr\u00e1 que ver si la necedad de la se\u00f1ora Polevnsky puede m\u00e1s.<\/p>\n<p>Al respecto, el zacatecano manifest\u00f3 que no estaba interesado en polemizar con la l\u00edder morenista.<\/p>\n<p>\u201cQue Dios la ayude\u201d, sentenci\u00f3 Monreal Avila y agreg\u00f3 que Polevnsky \u201cpuede decir lo que ella crea conveniente, nosotros le expresamos nuestro deseo de que le vaya bien\u201d.<\/p>\n<p style=\"text-align: center;\"><strong>Municiones<\/strong><\/p>\n<p>*** \u201cQue todos los servidores p\u00fablicos del gobierno federal manifestaron sus bienes y son p\u00fablicos para todos los mexicanos\u201d, esa fue una de las\u00a0 cosas que anunci\u00f3 en su conferencia ma\u00f1anera el presidente L\u00f3pez Obrador y pretendi\u00f3 hacerlo como acostumbra, \u201ccon bombo y platillo\u201d.<\/p>\n<p>Le falt\u00f3 agregar que por fin; no obstante habr\u00eda que acotar que en el asunto del secretario de Comunicaciones y Transportes, <strong>Javier Jim\u00e9nez Spri\u00fa<\/strong> no ha habido toda la transparencia requerida y todo, por la premura con la que el secretario perteneciente a la tercera edad y a la llamada Cuarta Transformaci\u00f3n, hizo todo con tal de zafarse de la propiedad del ahora conocido departamento en Houston y como dice un cl\u00e1sico, en Houston, seguimos teniendo m\u00e1s de un problema, \u00bfo no?<\/p>\n<p>*** En el mismo tema, por su parte, la secretaria de la Funci\u00f3n P\u00fablica, <strong>Irma Er\u00e9ndira Sandoval<\/strong>, declar\u00f3 delante de su jefe que todo el gabinete l\u00f3pezobradorista, ya se comprometi\u00f3 a transparentar al ciento por ciento su respectiva declaraci\u00f3n.<\/p>\n<p>De hecho -inform\u00f3 la titular de la SFP-, ya hasta los \u201cs\u00faperdelegados\u201d est\u00e1n concluyendo su tr\u00e1mite de hacer p\u00fablica su declaraci\u00f3n. Pero, los m\u00e1s esc\u00e9pticos estiman que es precisamente en el tema de los controvertidos \u201cs\u00faperdelegados\u201d que AMLO ha impuesto a lo largo y ancho del pa\u00eds, donde pueden salir algunas cuestiones interesantes, sobre todo ahora que el gobernador de Michoac\u00e1n, <strong>Silvano Aureoles<\/strong>, acaba de interponer una controversia constitucional ante la Suprema Corte de Justicia de la Naci\u00f3n por esta controvertida figura, surgida de lo m\u00e1s hondo de la llamada Cuarta Transformaci\u00f3n y de alguna manera, la posici\u00f3n de Aureoles Conejo refleja la de todos los gobernadores que, ojo, no son de Morena.<\/p>\n<p>*** En la C\u00e1mara de Diputados estaba el PRD dando una conferencia de prensa sobre la grave situaci\u00f3n por la que pasan las estancias infantiles, cuando el coordinador de la bancada del PRI, <strong>Ren\u00e9 Ju\u00e1rez<\/strong>, se \u201ccol\u00f3\u201d para decir varias cosas que no tienen desperdicio: \u201csi usted\u00a0 Presidente est\u00e1 a favor de los pobres,\u00a0 entonces no hay congruencia, cancelar el sistema de estancias infantiles es un error garrafal. Se equivoc\u00f3\u2026 expuso el guerrerense que\u00a0 los ni\u00f1os y ni\u00f1as no entienden de clientelismo electoral, son inocentes, indefensos y no tienen posibilidad de hablar, por eso debes rectificar Presidente de la Rep\u00fablica tu decisi\u00f3n de cercenar el futuro y desarrollo de esos infantes, al tomar el dinero de las estancias y lo que te quede, repartirlo a las madres de familia\u201d.<\/p>\n<p>Insisti\u00f3 el coordinador pri\u00edsta en que AMLO \u201cse lleva entre las patas a las ni\u00f1as y ni\u00f1os mexicanos en su ambici\u00f3n desmedida de clientelismo electoral\u201d; nosotros lo advertimos, \u201csiempre pensando en la elecci\u00f3n no en la naci\u00f3n por eso la toma de decisiones llenas de soberbia,\u00a0 arrogancia, miop\u00eda e ignorancia\u201d. \u00bfAs\u00ed o m\u00e1s claro?<\/p>\n<p><a href=\"mailto:morcora@gmail.com\" target=\"_blank\" rel=\"noopener\"><em>morcora@gmail.com<\/em><\/a><\/p>\n","protected":false},"excerpt":{"rendered":"<p><span style=\"color: #005497;\"><strong>Adriana Moreno Cordero<\/strong><\/span><\/p>\n","protected":false},"author":3,"featured_media":0,"comment_status":"open","ping_status":"open","sticky":false,"template":"","format":"standard","meta":{"_monsterinsights_skip_tracking":false,"_monsterinsights_sitenote_active":false,"_monsterinsights_sitenote_note":"","_monsterinsights_sitenote_category":0,"footnotes":""},"categories":[69370],"tags":[69369,69368,43674],"class_list":["post-415040","post","type-post","status-publish","format-standard","hentry","category-adriana-moreno-cordero","tag-adriana-moreno-cordero","tag-la-retaguardia","tag-opinion"],"_links":{"self":[{"href":"https:\/\/www.diarioimagen.net\/index.php?rest_route=\/wp\/v2\/posts\/415040","targetHints":{"allow":["GET"]}}],"collection":[{"href":"https:\/\/www.diarioimagen.net\/index.php?rest_route=\/wp\/v2\/posts"}],"about":[{"href":"https:\/\/www.diarioimagen.net\/index.php?rest_route=\/wp\/v2\/types\/post"}],"author":[{"embeddable":true,"href":"https:\/\/www.diarioimagen.net\/index.php?rest_route=\/wp\/v2\/users\/3"}],"replies":[{"embeddable":true,"href":"https:\/\/www.diarioimagen.net\/index.php?rest_route=%2Fwp%2Fv2%2Fcomments&post=415040"}],"version-history":[{"count":0,"href":"https:\/\/www.diarioimagen.net\/index.php?rest_route=\/wp\/v2\/posts\/415040\/revisions"}],"wp:attachment":[{"href":"https:\/\/www.diarioimagen.net\/index.php?rest_route=%2Fwp%2Fv2%2Fmedia&parent=415040"}],"wp:term":[{"taxonomy":"category","embeddable":true,"href":"https:\/\/www.diarioimagen.net\/index.php?rest_route=%2Fwp%2Fv2%2Fcategories&post=415040"},{"taxonomy":"post_tag","embeddable":true,"href":"https:\/\/www.diarioimagen.net\/index.php?rest_route=%2Fwp%2Fv2%2Ftags&post=415040"}],"curies":[{"name":"wp","href":"https:\/\/api.w.org\/{rel}","templated":true}]}}