{"id":415042,"date":"2019-02-13T00:00:31","date_gmt":"2019-02-13T06:00:31","guid":{"rendered":"https:\/\/www.diarioimagen.net\/?p=415042"},"modified":"2019-02-13T01:38:52","modified_gmt":"2019-02-13T07:38:52","slug":"nueva-ley-de-alcoholes-pone-en-pie-de-guerra-a-sector-restaurantero","status":"publish","type":"post","link":"https:\/\/www.diarioimagen.net\/?p=415042","title":{"rendered":"Nueva Ley de Alcoholes pone  en pie de guerra a sector restaurantero"},"content":{"rendered":"<h2>Derecho de r\u00e9plica<\/h2>\n<p>&nbsp;<\/p>\n<ul>\n<li><strong><em>Empresarios se amparar\u00e1n por las restricciones y requisitos<\/em><\/strong><\/li>\n<\/ul>\n<p>&nbsp;<\/p>\n<p>&nbsp;<\/p>\n<p>Los integrantes de la C\u00e1mara Nacional de la Industria de Restaurantes de Alimentos Condimentados de los municipios de Oth\u00f3n P. Blanco y Solidaridad, se amparar\u00e1n por las restricciones y requisitos en la Ley de Alcoholes.<\/p>\n<p>El domingo antepasado entr\u00f3 en vigor la nueva legislaci\u00f3n que limita la venta de bebidas alcoh\u00f3licas hasta las 23:00 horas y cualquier ampliaci\u00f3n de horario, que puede llegar hasta las 03:00 am, se puede realizar s\u00f3lo si se cubre el pago por extensi\u00f3n de horario, lo que significa un gasto adicional a los restauranteros o el corte del servicio que, a las 11 de la noche apenas comienza a dar las ganancias que esperan, despu\u00e9s de invertir m\u00e1s de 300 mil pesos, tan s\u00f3lo en la licencia para la venta de alcohol.<\/p>\n<p>Empero, adem\u00e1s del pago extra por extensi\u00f3n de horario, los empresarios tendr\u00e1n que hacer un gasto adicional para poder ser acreedor a que se les otorgue el permiso para vender alcohol despu\u00e9s de las once de la noche.<\/p>\n<p>La nueva ley exige a los empresarios, que instalen c\u00e1maras de seguridad, que tengan un software de grabaci\u00f3n que aguante un hist\u00f3rico de tres meses; adem\u00e1s de arcos detectores de metales en las entradas de su negocio y que exista un responsable de seguridad dentro y fuera del local.<\/p>\n<p>Estas medidas, si bien, pueden considerarse como una mejora en la seguridad, que beneficiar\u00e1 a las empresas, sus trabajadores y a sus clientes, representa un gasto para quienes no cuentan con ello, que tendr\u00e1n que realizar, sin pr\u00f3rroga, si pretenden obtener una extensi\u00f3n de horario.<\/p>\n<p style=\"text-align: center;\"><strong>Sin idea<\/strong><\/p>\n<p>Para colmo, los interesados en pagar una ampliaci\u00f3n de horario para la venta de alcohol, al menos en Chetumal, no lo pueden hacer, pese a que cumplan con los requerimientos establecidos por la legislaci\u00f3n, pues los empleados municipales no tienen ni idea de qu\u00e9\u00a0<em>onda<\/em>\u00a0con ese permiso, ni quien lo tiene que otorgar.<\/p>\n<p>Desde inicio de semana, los propietarios de restaurantes y bares de Chetumal, iniciaron un viacrucis, pues acudieron al ayuntamiento de Oth\u00f3n P. Blanco a solicitar la ampliaci\u00f3n de horario, pero, el personal de la Tesorer\u00eda Municipal y Secretar\u00eda General asegur\u00f3 que ahora es responsabilidad de la Secretar\u00eda de Finanzas y Planeaci\u00f3n conceder este tipo de permisos.<\/p>\n<p>Sin embargo, de la Sefiplan, en la Direcci\u00f3n de Licencias de V\u00edas Alcoh\u00f3licas, los regresaron al ayuntamiento, lo que provoc\u00f3 que los empresarios se <em>encabritaran<\/em> y piensen ya en amparase e iniciar una acci\u00f3n de inconstitucionalidad.<\/p>\n<p style=\"text-align: center;\"><strong>Abogados<em> cachirules<\/em><\/strong><\/p>\n<p>Si usted ha tenido la pena de ir a la Fiscal\u00eda General a realizar una denuncia y ha tenido la sensaci\u00f3n de que el Ministerio P\u00fablico o vicefiscal que lo atendi\u00f3 no ten\u00eda ni p\u2026oquita idea de su trabajo, tiene usted raz\u00f3n, pues tal vez lo atendi\u00f3 un MP <em>cachirul<\/em>. \u00a1Da pena ajena!<\/p>\n<p>El fiscal general de Quintana Roo, \u00d3scar Montes de Oca Rosales, revel\u00f3 que durante la revisi\u00f3n de la dependencia a su cargo, ha detectado 64 personas que no cubren con el perfil id\u00f3neo para laborar ah\u00ed, pues \u00a1no son abogados!<\/p>\n<p>Arquitectos, pedagogos, y no se sorprenda usted que incluso se descubra que alguien s\u00f3lo con la secundaria o preparatoria tiene el puesto, que, por el perfil, deber\u00eda ocupar un abogado.<\/p>\n<p>Sin embargo, Montes de Oca Rosales, asegur\u00f3 que no los correr\u00e1n de la FGE, para no perjudicar a nadie (\u00bf?) sino que, les buscar\u00e1n un \u00e1rea para que contin\u00faen ganado su quincena del erario, pese a no saber de leyes ni p\u00edo.<\/p>\n<p>O sea, \u00bfc\u00f3mo?, \u00bfa los pedagogos los pondr\u00e1n a dar clases? \u00bfA los arquitectos los pondr\u00e1n a hacer planos? \u00bfO de qu\u00e9 se trata esta burla?, la Fiscal\u00eda General del Estado tiene un rezago importante en la resoluci\u00f3n de casos, por lo que es urgente que personal con los conocimientos necesarios, se integre al trabajo.<\/p>\n<p>Ahora, resulta que no los despedir\u00e1n para contratar abogados, por no perjudicarlos, que sea el sufrido pueblo de Quintana Roo el que se perjudique, al tener en puestos tan importantes a personas que deber\u00edan estar en un aula o en la construcci\u00f3n de una casa\u2026.o sea, fri\u00e9guese usted, y yo, tambi\u00e9n.<\/p>\n<p style=\"text-align: center;\"><strong>Maestros ganan reinstalaci\u00f3n\u00a0<\/strong><\/p>\n<p>Cinco docentes ser\u00e1n reinstalados en sus centros de trabajo y le costar\u00e1n a la federaci\u00f3n 4 millones de pesos en salarios ca\u00eddos, as\u00ed lo dictamin\u00f3 un juez federal.<\/p>\n<p>Hace tres a\u00f1os fueron despedidos 29 maestros de los municipios de Solidaridad, Oth\u00f3n P. Blanco y Benito Ju\u00e1rez, como consecuencia de haberse\u00a0negado a realizar la evaluaci\u00f3n docente,\u00a0que fue promovida tras la llamada\u00a0reforma educativa\u00a0del gobierno federal durante marzo del 2015.<\/p>\n<p>Sin embargo, la secretaria estatal de Educaci\u00f3n, Ana Isabel V\u00e1zquez, aclar\u00f3 que las plazas son federales y por lo que ya se dio vista a la federaci\u00f3n para la instalaci\u00f3n de ellos y su respectivo pago de salarios ca\u00eddos y lo que el juez dictamine, seg\u00fan los primeros datos, los cinco docentes recuperar\u00e1n unos 4 millones de pesos por salarios y prestaciones que no recibieron estos tres a\u00f1os.<\/p>\n<p>Los primeros ser\u00e1n reinstalados esta semana, sin embargo, m\u00e1s de una veintena de maestros pr\u00f3fugos de la evaluaci\u00f3n docente, est\u00e1n en espera de que el juez federal emita la sentencia de sus casos, por lo que la indemnizaci\u00f3n que la federaci\u00f3n tendr\u00e1 que pagar superar\u00e1 los 20 millones de pesos.<\/p>\n<p>Adem\u00e1s de la inmediata reinstalaci\u00f3n de todos ellos en lugares, que ya son ocupados por otros maestros que s\u00ed realizaron los ex\u00e1menes de evaluaci\u00f3n docente y los pasaron. En fin, as\u00ed es este bello M\u00e9xico.<\/p>\n<p style=\"text-align: center;\"><strong>CJ entrega reconocimientos a j\u00f3venes deportistas<\/strong><\/p>\n<p>El gobernador, Carlos Joaqu\u00edn entreg\u00f3 reconocimientos a j\u00f3venes quintanarroenses que aportaron 7 medallas a la Selecci\u00f3n Nacional y contribuyeron para que M\u00e9xico quede en el primer lugar de la tabla de medallas de los Juegos Centroamericanos y del Caribe Barranquilla 2018<\/p>\n<p>Durante la entrega de reconocimientos, Carlos Joaqu\u00edn felicit\u00f3 al grupo de atletas y lo exhort\u00f3 para seguir adelante en su preparaci\u00f3n y poner en alto el nombre de Quintana Roo.<\/p>\n<p>Recibieron reconocimiento:<\/p>\n<p>Javier L\u00f3pez Quintero, 2 medallas de oro en canotaje.<br \/>\nIgnacio Berenguer, medalla de plata en vela.<br \/>\nCarlos Sansores, medalla de plata en tae kwon do.<br \/>\nJorge Gustavo Guti\u00e9rrez Paz, medalla de bronce en canotaje.<br \/>\nDar\u00edo Arce, medalla de bronce en tenis de mesa.<br \/>\nMargely Angulo Duarte, medalla de bronce en rugby7.<br \/>\nZoe Tuyu Salcedo, medalla de bronce en rugby7.<br \/>\nFernando Betanzos, 4to lugar en Nataci\u00f3n en Aguas Abiertas.<br \/>\nF\u00e1tima Crisanto Ayil, quinto lugar en Luchas Asociadas.<\/p>\n","protected":false},"excerpt":{"rendered":"<p><span style=\"color: #005497;\"><strong>Derecho de r\u00e9plica<\/strong><\/span><\/p>\n","protected":false},"author":3,"featured_media":0,"comment_status":"open","ping_status":"open","sticky":false,"template":"","format":"standard","meta":{"_monsterinsights_skip_tracking":false,"_monsterinsights_sitenote_active":false,"_monsterinsights_sitenote_note":"","_monsterinsights_sitenote_category":0,"footnotes":""},"categories":[62907],"tags":[47840,43674],"class_list":["post-415042","post","type-post","status-publish","format-standard","hentry","category-derecho-de-replica","tag-derecho-de-replica","tag-opinion"],"_links":{"self":[{"href":"https:\/\/www.diarioimagen.net\/index.php?rest_route=\/wp\/v2\/posts\/415042","targetHints":{"allow":["GET"]}}],"collection":[{"href":"https:\/\/www.diarioimagen.net\/index.php?rest_route=\/wp\/v2\/posts"}],"about":[{"href":"https:\/\/www.diarioimagen.net\/index.php?rest_route=\/wp\/v2\/types\/post"}],"author":[{"embeddable":true,"href":"https:\/\/www.diarioimagen.net\/index.php?rest_route=\/wp\/v2\/users\/3"}],"replies":[{"embeddable":true,"href":"https:\/\/www.diarioimagen.net\/index.php?rest_route=%2Fwp%2Fv2%2Fcomments&post=415042"}],"version-history":[{"count":0,"href":"https:\/\/www.diarioimagen.net\/index.php?rest_route=\/wp\/v2\/posts\/415042\/revisions"}],"wp:attachment":[{"href":"https:\/\/www.diarioimagen.net\/index.php?rest_route=%2Fwp%2Fv2%2Fmedia&parent=415042"}],"wp:term":[{"taxonomy":"category","embeddable":true,"href":"https:\/\/www.diarioimagen.net\/index.php?rest_route=%2Fwp%2Fv2%2Fcategories&post=415042"},{"taxonomy":"post_tag","embeddable":true,"href":"https:\/\/www.diarioimagen.net\/index.php?rest_route=%2Fwp%2Fv2%2Ftags&post=415042"}],"curies":[{"name":"wp","href":"https:\/\/api.w.org\/{rel}","templated":true}]}}