{"id":415054,"date":"2019-02-13T00:04:26","date_gmt":"2019-02-13T06:04:26","guid":{"rendered":"https:\/\/www.diarioimagen.net\/?p=415054"},"modified":"2019-02-13T00:49:59","modified_gmt":"2019-02-13T06:49:59","slug":"yerros-morenos-clavan-a-amlo","status":"publish","type":"post","link":"https:\/\/www.diarioimagen.net\/?p=415054","title":{"rendered":"Yerros \u201cmorenos\u201d clavan a AMLO"},"content":{"rendered":"<h2>Espacio Electoral<\/h2>\n<h5>Eleazar Flores<\/h5>\n<p>&nbsp;<\/p>\n<p><strong>Y TAN CAMPANTES<\/strong>.- Un d\u00eda s\u00ed y otro tambi\u00e9n, los senectos funcionarios de primer nivel de la cuarta transformaci\u00f3n, ponen en entredicho la informaci\u00f3n que el presidente Andr\u00e9s Manuel\u00a0 L\u00f3pez Obrador da en sus conferencias ma\u00f1aneras, cada vez con menos credibilidad.<\/p>\n<p>Eso de \u201cquemar\u201d a ex funcionarios de sexenios pasados y antepasados dizque por \u201cconflicto de intereses\u201d al aceptar \u00e9stos, trabajos tras varios a\u00f1os de dejar el sector p\u00fablico, no se vale. Evidencia por otro lado ignorancia del Ejecutivo por resaltar hechos no condenables. No se trata de defender a funcionario alguno, simplemente no hay ilegalidad en los trabajos de los ex.<\/p>\n<p>Con lo anterior, no se trata de defender a equis o zeta ex funcionario, pues ellos lo har\u00e1n ante las instancias correspondientes, mejor destacar el \u00e1ngulo de ignorancia de los funcionarios de la cuarta transformaci\u00f3n, cuyas carreras pol\u00edticas no empezaron ayer, siendo ejemplo acabado de ello el ex secretario de Estado, ex gobernador poblano y ex legislador, Manuel Bartlett D\u00edaz.<\/p>\n<p>Denunciar conflicto de intereses de destacados pol\u00edticos, como el ex presidente Felipe Calder\u00f3n y el pol\u00edtico de innegable capacidad intelectual y fama p\u00fablica bien ganada, como Jes\u00fas Reyes Heroles, no es cosa menor, sobre todo porque se han externado reclamos por inexactitudes en el desempe\u00f1o p\u00fablico de los dos citados y muchos aspectos m\u00e1s.<\/p>\n<p>Lo raro de todo lo anterior, es la postura del propio Presidente de la Rep\u00fablica, que sugiere al propio Carlos Slim no llegar a la demanda a cambio de sentarse a la mesa para negociar el asunto de la empresa CARSO, que incumpli\u00f3 la ejecuci\u00f3n de obras, pero por culpa del gobierno, no del empresario. AMLO invoca moralidad antes que legalidad en estas operaciones.<\/p>\n<p>Admirador de Benito Ju\u00e1rez, para la soluci\u00f3n de conflictos en los que lo han metido sus colaboradores, L\u00f3pez Obrador busca anteponer la moralidad a la legalidad, cuando el estadista oaxaque\u00f1o actu\u00f3 en todo momento con estricto apego a la ley. Una \u201cpeque\u00f1a\u201d diferencia entre Benito Ju\u00e1rez Garc\u00eda y Andr\u00e9s Manuel L\u00f3pez Obrador.<\/p>\n<p>De seguir el ritmo de inexactitudes que vienen cometiendo los funcionarios de primer nivel del gobierno federal, pronto habr\u00e1 necesidad de que los chicos de la fuente abran en sus portales la primera versi\u00f3n de las ma\u00f1aneras y las r\u00e9plicas que dan los afectados en el transcurso del mismo d\u00eda. En materia de comunicaci\u00f3n social cada vez vamos m\u00e1s en reversa.<\/p>\n<p>Ante todo este panorama ni se preocupe, Morena y su presidente est\u00e1n hechos de otra madera, pues en el peor de los escenarios mantienen su grado de aceptaci\u00f3n, as\u00ed que vengan m\u00e1s yerros.<\/p>\n<p><a href=\"mailto:elefa44@gmail.com\" target=\"_blank\" rel=\"noopener\"><em>elefa44@gmail.com<\/em><\/a><\/p>\n","protected":false},"excerpt":{"rendered":"<p><span style=\"color: #005497;\"><strong>Eleazar Flores<\/strong><\/span><\/p>\n","protected":false},"author":3,"featured_media":0,"comment_status":"open","ping_status":"open","sticky":false,"template":"","format":"standard","meta":{"_monsterinsights_skip_tracking":false,"_monsterinsights_sitenote_active":false,"_monsterinsights_sitenote_note":"","_monsterinsights_sitenote_category":0,"footnotes":""},"categories":[81743],"tags":[81744,81776,43674],"class_list":["post-415054","post","type-post","status-publish","format-standard","hentry","category-eleazar-flores","tag-eleazar-flores","tag-espacio-electoral","tag-opinion"],"_links":{"self":[{"href":"https:\/\/www.diarioimagen.net\/index.php?rest_route=\/wp\/v2\/posts\/415054","targetHints":{"allow":["GET"]}}],"collection":[{"href":"https:\/\/www.diarioimagen.net\/index.php?rest_route=\/wp\/v2\/posts"}],"about":[{"href":"https:\/\/www.diarioimagen.net\/index.php?rest_route=\/wp\/v2\/types\/post"}],"author":[{"embeddable":true,"href":"https:\/\/www.diarioimagen.net\/index.php?rest_route=\/wp\/v2\/users\/3"}],"replies":[{"embeddable":true,"href":"https:\/\/www.diarioimagen.net\/index.php?rest_route=%2Fwp%2Fv2%2Fcomments&post=415054"}],"version-history":[{"count":0,"href":"https:\/\/www.diarioimagen.net\/index.php?rest_route=\/wp\/v2\/posts\/415054\/revisions"}],"wp:attachment":[{"href":"https:\/\/www.diarioimagen.net\/index.php?rest_route=%2Fwp%2Fv2%2Fmedia&parent=415054"}],"wp:term":[{"taxonomy":"category","embeddable":true,"href":"https:\/\/www.diarioimagen.net\/index.php?rest_route=%2Fwp%2Fv2%2Fcategories&post=415054"},{"taxonomy":"post_tag","embeddable":true,"href":"https:\/\/www.diarioimagen.net\/index.php?rest_route=%2Fwp%2Fv2%2Ftags&post=415054"}],"curies":[{"name":"wp","href":"https:\/\/api.w.org\/{rel}","templated":true}]}}