{"id":415058,"date":"2019-02-13T00:08:26","date_gmt":"2019-02-13T06:08:26","guid":{"rendered":"https:\/\/www.diarioimagen.net\/?p=415058"},"modified":"2019-02-13T00:53:45","modified_gmt":"2019-02-13T06:53:45","slug":"la-pobreza-no-es-una-virtud","status":"publish","type":"post","link":"https:\/\/www.diarioimagen.net\/?p=415058","title":{"rendered":"La pobreza no es una virtud"},"content":{"rendered":"<h2>Detr\u00e1s del Poder<\/h2>\n<h5>Jos\u00e9 Antonio L\u00f3pez Sosa<\/h5>\n<p>&nbsp;<\/p>\n<p>En nuestra sociedad del siglo XXI, la pobreza econ\u00f3mica no es una virtud. La pobreza que vivimos en nuestros d\u00edas obedece a una serie de circunstancias por lo general injustas, donde la repartici\u00f3n de la riqueza ha sido completamente inequitativa, adem\u00e1s donde la corrupci\u00f3n y la impunidad han sido el eje de la multiplicaci\u00f3n de esa pobreza.<\/p>\n<p>El sistema econ\u00f3mico que tenemos, da en teor\u00eda (y s\u00f3lo en teor\u00eda) oportunidades igualitarias para que con el esfuerzo propio, se pueda superar esa pobreza econ\u00f3mica, sin embargo en t\u00e9rminos reales y de acuerdo a los n\u00fameros en nuestro pa\u00eds, cada d\u00eda hay m\u00e1s pobres por lo que algo no est\u00e1 funcionando del todo.<\/p>\n<p>Ahora bien, las recurrentes declaraciones del presidente L\u00f3pez Obrador, parecieran destacar la pobreza econ\u00f3mica como virtud, aunque en el discurso se diga que por el bien de todos, primero los pobres, aunque en el discurso se propongan combatir la pobreza con robustos programas sociales.<\/p>\n<p>\u00bfTener dinero es malo?, definitivamente no, lo malo es haberlo acumulado quebrando la ley y no es el caso de una gran cantidad de empresarios mexicanos de todos los tama\u00f1os.<\/p>\n<p>En contraste hay pol\u00edticos y empresarios que s\u00ed han hecho ese dinero a la mala, luego entonces las cr\u00edticas a quien tiene dinero debieran ser bien espec\u00edficas y no en general, porque lo \u00fanico que se logra con eso es polarizar a la sociedad y hacer creer que todo aquel que tiene dinero es corrupto, no lo merece o simplemente, es malo.<\/p>\n<p>La pobreza econ\u00f3mica no es una virtud, es una desgracia.<\/p>\n<p>El pobre no es bueno o malo por su condici\u00f3n econ\u00f3mica, como en otro sentido mucha gente con dinero cree.<\/p>\n<p>El pobre anhela dejar de serlo tan solo para tener una vida con mayores satisfactores, en t\u00e9rminos coloquiales, una mejor vida.<\/p>\n<p>El que el presidente pretenda colocar en el discurso a la pobreza econ\u00f3mica como una virtud, no ayuda en nada a nuestra sociedad y mucho menos al pa\u00eds.<\/p>\n<p>Lo importante no es cuanto tiene el empresario, es c\u00f3mo ha amasado esa fortuna (dentro de la ley).<\/p>\n<p>Lo importante no es ser pobre virtuoso, sino generar las condiciones para que transite a una clase media.<\/p>\n<p>Lo importante en un gobierno no es que act\u00fae como gobierno pobre, sino que se maneje con honestidad.<\/p>\n<p>La honestidad s\u00ed es una virtud, no la pobreza econ\u00f3mica.<\/p>\n<p><em><a href=\"http:\/\/www.lopezsosa.com\" target=\"_blank\" rel=\"noopener\">www.lopezsosa.com<\/a><\/em><br \/>\n<em><a href=\"mailto:joseantonio@lopezsosa.com\" target=\"_blank\" rel=\"noopener\">joseantonio@lopezsosa.com<\/a><\/em><br \/>\n<em><a href=\"http:\/\/twitter.com\/joseantonio1977\" target=\"_blank\" rel=\"noopener\">@joseantonio197<\/a><\/em><\/p>\n","protected":false},"excerpt":{"rendered":"<p><span style=\"color: #005497;\"><strong>Jos\u00e9 Antonio L\u00f3pez Sosa<\/strong><\/span><\/p>\n","protected":false},"author":3,"featured_media":0,"comment_status":"open","ping_status":"open","sticky":false,"template":"","format":"standard","meta":{"_monsterinsights_skip_tracking":false,"_monsterinsights_sitenote_active":false,"_monsterinsights_sitenote_note":"","_monsterinsights_sitenote_category":0,"footnotes":""},"categories":[637],"tags":[638,43690,43674],"class_list":["post-415058","post","type-post","status-publish","format-standard","hentry","category-jose-antonio-lopez-sosa","tag-detras-del-poder","tag-jose-antonio-lopez-sosa","tag-opinion"],"_links":{"self":[{"href":"https:\/\/www.diarioimagen.net\/index.php?rest_route=\/wp\/v2\/posts\/415058","targetHints":{"allow":["GET"]}}],"collection":[{"href":"https:\/\/www.diarioimagen.net\/index.php?rest_route=\/wp\/v2\/posts"}],"about":[{"href":"https:\/\/www.diarioimagen.net\/index.php?rest_route=\/wp\/v2\/types\/post"}],"author":[{"embeddable":true,"href":"https:\/\/www.diarioimagen.net\/index.php?rest_route=\/wp\/v2\/users\/3"}],"replies":[{"embeddable":true,"href":"https:\/\/www.diarioimagen.net\/index.php?rest_route=%2Fwp%2Fv2%2Fcomments&post=415058"}],"version-history":[{"count":0,"href":"https:\/\/www.diarioimagen.net\/index.php?rest_route=\/wp\/v2\/posts\/415058\/revisions"}],"wp:attachment":[{"href":"https:\/\/www.diarioimagen.net\/index.php?rest_route=%2Fwp%2Fv2%2Fmedia&parent=415058"}],"wp:term":[{"taxonomy":"category","embeddable":true,"href":"https:\/\/www.diarioimagen.net\/index.php?rest_route=%2Fwp%2Fv2%2Fcategories&post=415058"},{"taxonomy":"post_tag","embeddable":true,"href":"https:\/\/www.diarioimagen.net\/index.php?rest_route=%2Fwp%2Fv2%2Ftags&post=415058"}],"curies":[{"name":"wp","href":"https:\/\/api.w.org\/{rel}","templated":true}]}}