{"id":415067,"date":"2019-02-13T00:11:53","date_gmt":"2019-02-13T06:11:53","guid":{"rendered":"https:\/\/www.diarioimagen.net\/?p=415067"},"modified":"2019-02-13T07:50:19","modified_gmt":"2019-02-13T13:50:19","slug":"polevnsky-envenena-la-contienda-interna-en-morena-por-puebla","status":"publish","type":"post","link":"https:\/\/www.diarioimagen.net\/?p=415067","title":{"rendered":"Polevnsky envenena la contienda interna en Morena por Puebla"},"content":{"rendered":"<h2>Tras la puerta del poder<\/h2>\n<h5>Roberto Vizca\u00edno<\/h5>\n<p>&nbsp;<\/p>\n<div id=\"attachment_415124\" style=\"width: 470px\" class=\"wp-caption aligncenter\"><a href=\"https:\/\/www.diarioimagen.net\/?attachment_id=415124\" rel=\"attachment wp-att-415124\"><img loading=\"lazy\" decoding=\"async\" aria-describedby=\"caption-attachment-415124\" class=\"size-large wp-image-415124\" src=\"https:\/\/www.diarioimagen.net\/wp-content\/uploads\/2019\/02\/LUIS-XAVIER-1-460x349.jpg\" alt=\"\" width=\"460\" height=\"349\" srcset=\"https:\/\/www.diarioimagen.net\/wp-content\/uploads\/2019\/02\/LUIS-XAVIER-1-460x349.jpg 460w, https:\/\/www.diarioimagen.net\/wp-content\/uploads\/2019\/02\/LUIS-XAVIER-1-240x182.jpg 240w, https:\/\/www.diarioimagen.net\/wp-content\/uploads\/2019\/02\/LUIS-XAVIER-1-768x583.jpg 768w, https:\/\/www.diarioimagen.net\/wp-content\/uploads\/2019\/02\/LUIS-XAVIER-1.jpg 1200w\" sizes=\"auto, (max-width: 460px) 100vw, 460px\" \/><\/a><p id=\"caption-attachment-415124\" class=\"wp-caption-text\">Todo por el rescate&#8230; | Luis Xavier<\/p><\/div>\n<p>&nbsp;<\/p>\n<p>Para la presidenta de Morena, <strong>Yeidckol Polevnsky<\/strong>, no existe otro candidato a gobernador en las extraordinarias de mediados de a\u00f1o en Puebla que <strong>Miguel Barbosa<\/strong>.<\/p>\n<p>Enfadada, intransigente, consider\u00f3 ayer como <strong><em>\u201cuna necedad\u201d<\/em><\/strong> que 55 senadores de su partido &#8211;entre quienes se encuentra <strong>Ricardo Monreal,<\/strong> l\u00edder de la bancada&#8211;, propongan a su vez al ex alcalde de Acatzingo y ex diputado local y federal hoy senador <strong>Alejandro Armenta Mier <\/strong>como la mejor carta.<\/p>\n<p>Al persistir en imponer a <strong>Barbosa<\/strong> y en desechar a <strong>Armenta Mier<\/strong> en contra de los estatutos de Morena, la amargosa de <strong>Polevnsky<\/strong> no s\u00f3lo lleva el proceso interno por la candidatura a gobernador en Puebla a un levantamiento senatorial en su contra, sino que amenaza con llevar a que sea el Tribunal Electoral del Poder Judicial de la Federaci\u00f3n quien finalmente decida qui\u00e9n de, entre <strong>Barbosa <\/strong>y <strong>Armenta,<\/strong> representa a este partido en las extraordinarias de mediados de este a\u00f1o para sustituir a la gobernadora panista <strong>Martha Erika Alonso<\/strong>, quien falleci\u00f3 el pasado 24 de diciembre en un accidente no aclarado de helic\u00f3ptero en viaje de Puebla a la Ciudad de M\u00e9xico.<\/p>\n<p>Si la dirigente no abre la contienda interna como lo establecen los estatutos de Morena, indicaron los simpatizantes del senador <strong>Armenta Mier,<\/strong> estar\u00eda obligando al legislador a interponer un recurso de derechos ante el Trife.<\/p>\n<p>Y por lo que se ve, do\u00f1a <strong>Citali<\/strong>\u2026 perd\u00f3n, <strong>Yeidckol no est\u00e1 dispuesta a que se le contradiga.<\/strong><\/p>\n<p>\u201cSi no tuvi\u00e9ramos candidato, o si estuviera muy d\u00e9bil, pues voy de acuerdo, pero todas las encuestas encaminan a <strong>Miguel Barbosa<\/strong> como ganador indiscutible\u2026 resulta hasta una necedad\u2026\u201d, dijo.<\/p>\n<p>Pero 55 senadores de un total de 59 que forman la fracci\u00f3n de Morena, consideran que <strong>Polevnsky<\/strong> debe abrir la contienda interna para incluir en el proceso a <strong>Armenta Mier.<\/strong><\/p>\n<p>El encargado de hacer la petici\u00f3n fue el senador <strong>Salom\u00f3n Jara<\/strong>, vocero de Morena en el Senado.<\/p>\n<p>Pero <strong>Yeidckol <\/strong>no se rinde f\u00e1cilmente. Para ella Barbosa ya tiene asegurada la candidatura.<\/p>\n<p>\u201c\u00c9l gan\u00f3 la primera encuesta, le gan\u00f3 a todos para ser candidato, y luego gan\u00f3 como gobernador, eso es una realidad, y ahora en todas las encuestas que se han hecho lo vuelven a poner como el m\u00e1s conocido y tambi\u00e9n el favorito para ganar otra vez la elecci\u00f3n\u201d, insisti\u00f3.<\/p>\n<p>Y agreg\u00f3:<\/p>\n<p>\u201c(Ahora) todos quieren ser candidatos\u2026 y se quieren montar en la ola, no s\u00f3lo del Presidente <strong>L\u00f3pez Obrador<\/strong>\u2026no hay condiciones ni necesidad alguna de cambiar de candidato.<\/p>\n<p>Si todas las encuestas plantean que es <strong>Barbosa<\/strong> el que tiene todas las posibilidades de ganar, \u00bfpues cu\u00e1l es la raz\u00f3n de pensar en alguien m\u00e1s?\u201d.<\/p>\n<p>Frente a la argumentaci\u00f3n y los calificativos de <strong>Polevnsky, el l\u00edder de los senadores de Morena, Ricardo Monreal, respondi\u00f3:<\/strong><\/p>\n<p>\u201cQue Dios la ayude\u2026 ella puede decir lo que ella crea conveniente. Nosotros, al contrario, le expresamos nuestro respeto y nuestro deseo de que le vaya bien.<\/p>\n<p>\u201cPero nos vamos a conducir de acuerdo con los estatutos, programa de acci\u00f3n, la declaraci\u00f3n de principios de Morena\u2026 los \u00f3rganos locales, electorales de Morena, son los que van a decidir\u201d, subray\u00f3.<\/p>\n<p>Y mientras tanto el senador <strong>Armenta Mier <\/strong>s\u00f3lo reiter\u00f3 que no declinar\u00e1 en su intenci\u00f3n de lograr la candidatura de Morena y advirti\u00f3 que acudir\u00e1 a todas las instancias previstas por la Ley para lograrlo.<\/p>\n<p style=\"text-align: center;\"><strong>Resistencias<\/strong><\/p>\n<p>En otro escenario del mismo Senado, en el de las audiencias p\u00fablicas sobre el debate de la Guardia Nacional, los esfuerzos del presidente de la Junta de Coordinaci\u00f3n Pol\u00edtica, Ricardo Monreal, por lograr consensos para avanzar en la minuta que d\u00e9 vida lo m\u00e1s pronto posible a ese cuerpo policial de \u00e9lite, sufrieron duros embates.<\/p>\n<p>Uno de ellos vino del presidente de la Comisi\u00f3n Nacional de Derechos Humanos <strong>Luis Ra\u00fal Gonz\u00e1lez P\u00e9rez, <\/strong>quien no s\u00f3lo propuso establecer un grupo de an\u00e1lisis especializado y plural que construya una propuesta s\u00f3lida de un sistema de seguridad p\u00fablica sino que contemple la participaci\u00f3n temporal de las Fuerzas Armadas, pero sin que ello represente una amenaza a los derechos humanos.<\/p>\n<p><strong>Gonz\u00e1lez P\u00e9rez<\/strong> insisti\u00f3 en que, tal como hoy se plantea la Guardia Nacional, \u201cno garantiza justicia y marca una ruta para militarizar \u00e1reas hasta ahora reservadas a las instituciones civiles, y omite establecer claramente una ruta en sentido contrario\u201d.<\/p>\n<p>Indic\u00f3 que la naturaleza y caracter\u00edsticas h\u00edbridas del cuerpo que se pretende crear, \u201cm\u00e1s que dar certezas generar\u00e1 confusi\u00f3n y abrir\u00e1 espacios de vulnerabilidad para su integraci\u00f3n y operaci\u00f3n, e implica un riesgo elevado de que se verifiquen potenciales violaciones a los derechos humanos\u201d.<\/p>\n<p>Y concluy\u00f3:<\/p>\n<p>\u201cDesde la perspectiva de los derechos humanos, la propuesta para la Guardia Nacional no es pertinente ni viable, ya que tampoco garantiza ni contribuye sustantivamente a terminar con la impunidad, debilita la institucionalidad civil y democr\u00e1tica, y contraviene sentencias, principios, recomendaciones y criterios formulados por instancias internacionales en materia de derechos humanos que nuestro pa\u00eds est\u00e1 obligado a cumplir\u201d.<\/p>\n<p style=\"text-align: center;\"><strong>Osorio, \u201cvamos, pero con cambios\u201d<\/strong><\/p>\n<p>M\u00e1s o menos en el mismo sentido, <strong>Miguel \u00c1ngel Osorio Chong<\/strong>, coordinador de la minibancada del PRI, pero con legisladores suficientes como para construir mayor\u00edas calificadas si se suman a los de Morena y sus aliados del PT y PES, indic\u00f3 que los tricolores \u201cno vamos a ser quienes eviten que la estrategia (de seguridad) del nuevo gobierno se venga abajo\u201d.<\/p>\n<p>Pero subray\u00f3 que los tricolores aceptar\u00e1n la creaci\u00f3n de la Guardia Nacional, siempre y cuando \u201cno trasgreda nuestros acuerdos internacionales de derechos humanos, porque no queremos afectaciones en derechos humanos, ni nuestro sistema federal\u201d.<\/p>\n<p>Ello significa, dijo, que la minuta que les envi\u00f3 la C\u00e1mara de Diputados y que est\u00e1 a discusi\u00f3n en el Senado, sea modificada, ajustada.<\/p>\n<p>Lo que quieren los priistas, dijo, es que \u201clos acuerdos suscritos en el 2011, que est\u00e1n en nuestra Carta Magna en el tema de derechos humanos, no se lastimen, no se trasgredan, y no violemos nuestros propios acuerdos\u201d.<\/p>\n<p><em><a href=\"http:\/\/endirecto.mx\" target=\"_blank\" rel=\"noopener\">www.endirecto.mx<\/a><\/em><br \/>\n<em><a href=\"https:\/\/twitter.com\/_rvizcaino\" target=\"_blank\" rel=\"noopener\">@_RVizcaino<\/a><\/em><br \/>\n<a href=\"https:\/\/www.facebook.com\/rvizcainoa\" target=\"_blank\" rel=\"noopener\">f<em>acebook.com\/rvizcainoa<\/em><\/a><\/p>\n","protected":false},"excerpt":{"rendered":"<p><span style=\"color: #005497;\"><strong>Roberto Vizca\u00edno<\/strong><\/span><br \/>\n<br \/>\nPara la presidenta de Morena, <strong>Yeidckol Polevnsky<\/strong>, no existe otro candidato a gobernador en las extraordinarias de mediados de a\u00f1o en Puebla que <strong>Miguel Barbosa<\/strong>.<\/p>\n","protected":false},"author":3,"featured_media":415124,"comment_status":"open","ping_status":"open","sticky":false,"template":"","format":"standard","meta":{"_monsterinsights_skip_tracking":false,"_monsterinsights_sitenote_active":false,"_monsterinsights_sitenote_note":"","_monsterinsights_sitenote_category":0,"footnotes":""},"categories":[136],"tags":[43674,93,94],"class_list":["post-415067","post","type-post","status-publish","format-standard","has-post-thumbnail","hentry","category-roberto-vizcaino-opinion","tag-opinion","tag-roberto-vizcaino","tag-tras-la-puerta-del-poder"],"_links":{"self":[{"href":"https:\/\/www.diarioimagen.net\/index.php?rest_route=\/wp\/v2\/posts\/415067","targetHints":{"allow":["GET"]}}],"collection":[{"href":"https:\/\/www.diarioimagen.net\/index.php?rest_route=\/wp\/v2\/posts"}],"about":[{"href":"https:\/\/www.diarioimagen.net\/index.php?rest_route=\/wp\/v2\/types\/post"}],"author":[{"embeddable":true,"href":"https:\/\/www.diarioimagen.net\/index.php?rest_route=\/wp\/v2\/users\/3"}],"replies":[{"embeddable":true,"href":"https:\/\/www.diarioimagen.net\/index.php?rest_route=%2Fwp%2Fv2%2Fcomments&post=415067"}],"version-history":[{"count":0,"href":"https:\/\/www.diarioimagen.net\/index.php?rest_route=\/wp\/v2\/posts\/415067\/revisions"}],"wp:featuredmedia":[{"embeddable":true,"href":"https:\/\/www.diarioimagen.net\/index.php?rest_route=\/wp\/v2\/media\/415124"}],"wp:attachment":[{"href":"https:\/\/www.diarioimagen.net\/index.php?rest_route=%2Fwp%2Fv2%2Fmedia&parent=415067"}],"wp:term":[{"taxonomy":"category","embeddable":true,"href":"https:\/\/www.diarioimagen.net\/index.php?rest_route=%2Fwp%2Fv2%2Fcategories&post=415067"},{"taxonomy":"post_tag","embeddable":true,"href":"https:\/\/www.diarioimagen.net\/index.php?rest_route=%2Fwp%2Fv2%2Ftags&post=415067"}],"curies":[{"name":"wp","href":"https:\/\/api.w.org\/{rel}","templated":true}]}}