{"id":415132,"date":"2019-02-14T00:09:57","date_gmt":"2019-02-14T06:09:57","guid":{"rendered":"https:\/\/www.diarioimagen.net\/?p=415132"},"modified":"2019-02-14T23:05:29","modified_gmt":"2019-02-15T05:05:29","slug":"lopez-obrador-llama-a-transparentar-investigacion-sobre-caso-odebrecht","status":"publish","type":"post","link":"https:\/\/www.diarioimagen.net\/?p=415132","title":{"rendered":"Ordena AMLO dar a conocer todo lo relacionado a caso Odebrecht"},"content":{"rendered":"<ul>\n<li><strong><em>Pide a Fiscal\u00eda General transparentar investigaci\u00f3n<\/em><\/strong><\/li>\n<li><strong><em>Critica el Presidente a las ONG por poner trabas a la Guardia Nacional<\/em><\/strong><\/li>\n<\/ul>\n<h6>Jos\u00e9 Luis Monta\u00f1ez<\/h6>\n<p>&nbsp;<\/p>\n<div id=\"attachment_415133\" style=\"width: 470px\" class=\"wp-caption aligncenter\"><img loading=\"lazy\" decoding=\"async\" aria-describedby=\"caption-attachment-415133\" class=\"size-large wp-image-415133\" src=\"https:\/\/www.diarioimagen.net\/wp-content\/uploads\/2019\/02\/AMLO14-portal-460x268.jpg\" alt=\"\" width=\"460\" height=\"268\" srcset=\"https:\/\/www.diarioimagen.net\/wp-content\/uploads\/2019\/02\/AMLO14-portal-460x268.jpg 460w, https:\/\/www.diarioimagen.net\/wp-content\/uploads\/2019\/02\/AMLO14-portal-240x140.jpg 240w, https:\/\/www.diarioimagen.net\/wp-content\/uploads\/2019\/02\/AMLO14-portal.jpg 480w\" sizes=\"auto, (max-width: 460px) 100vw, 460px\" \/><p id=\"caption-attachment-415133\" class=\"wp-caption-text\">Andr\u00e9s Manuel L\u00f3pez Obrador exhort\u00f3 al fiscal general de la Rep\u00fablica a dar a conocer todo lo relacionado con el caso Odebrecht.<\/p><\/div>\n<p>&nbsp;<\/p>\n<p>&nbsp;<\/p>\n<p>El presidente Andr\u00e9s Manuel L\u00f3pez Obrador se\u00f1al\u00f3 que en gobiernos pasados se crearon diversos organismos para simular que se combatir\u00eda la corrupci\u00f3n y que habr\u00eda transparencia, como fue el caso del INAI, que le cuesta al pueblo mantenerlo mil millones de pesos al a\u00f1o, y entre sus decisiones estuvo la de dejar en reserva la informaci\u00f3n sobre el caso Odebrecht.<\/p>\n<p>Ante ello, exhort\u00f3 al fiscal general de la Rep\u00fablica, Alejandro Gertz Manero, a dar a conocer todo lo relacionado con ese tema, \u201cpara que se entienda mejor, yo no voy, en casos de corrupci\u00f3n, a sudar calenturas ajenas\u201d.<\/p>\n<p>\u201cTodo el que se meta en un caso de corrupci\u00f3n tiene que asumir su responsabilidad, yo no voy a proteger a nadie, lo subrayo en casos de corrupci\u00f3n, si se trata de justicia, ah\u00ed s\u00ed sudo las calenturas ajenas\u201d, subray\u00f3 en su conferencia de prensa matutina.<\/p>\n<p>Indic\u00f3 que en los casos de Petr\u00f3leos Mexicanos (Pemex) y de la Comisi\u00f3n Federal de Electricidad (CFE) \u201cno vamos a ocultar absolutamente nada y se va a proceder legalmente siempre. No vamos a proteger a nadie\u201d, advirti\u00f3. Adem\u00e1s, dijo, se revisar\u00e1n casos de incrementos en el precio de la luz en lugares como Nayarit, para verificar que no se est\u00e1n elaborando recibos con precios elevados, \u201cpara echarnos la culpa. Estoy revisando todo eso\u201d.<\/p>\n<p>El Presidente reiter\u00f3 su postura de mirar hacia adelante y que si se puede castigar los errores del pasado, lo mejor es evitar los delitos del futuro, \u201cyo soy partidario de ver hacia adelante y que nosotros iniciemos una etapa nueva sin corrupci\u00f3n, sin impunidad\u201d.<\/p>\n<p>Por lo que si se decide por una consulta, dijo, entre todos para abrir expedientes, no se castigar\u00e1 como en el pasado a \u201cchivos expiatorios\u201d sino que si existen elementos para enjuiciar se har\u00e1 desde arriba, desde los ex presidentes Carlos Salinas hasta Enrique Pe\u00f1a Nieto, pasando por Ernesto Zedillo, Vicente Fox y Felipe Calder\u00f3n.<\/p>\n<p>Sin embargo, asegur\u00f3: \u201csoy partidario de condenar al r\u00e9gimen, me importa m\u00e1s que se desnude lo que fue el r\u00e9gimen neoliberal, la pol\u00edtica de pillaje, de saqueo, el enga\u00f1o; c\u00f3mo se apoderaron del gobierno, c\u00f3mo secuestraron al gobierno para ponerlo al servicio de una minor\u00eda rapaz; esa condena me importa m\u00e1s que otras cosas\u201d. Ello, indic\u00f3, a fin de que en el futuro no regresen esas pr\u00e1cticas si es que el pueblo decide por un cambio de r\u00e9gimen.<\/p>\n<p style=\"text-align: center;\"><strong>Critica a ONG por poner trabas a Guardia Nacional<\/strong><\/p>\n<p>L\u00f3pez Obrador critic\u00f3 que \u201cla llamada sociedad civil\u201d se ha dedicado a analizar la realidad sin transformarla y ahora que el gobierno busca atender el problema de la inseguridad y la violencia \u201cest\u00e1 nada m\u00e1s poni\u00e9ndonos trabas\u201d para que no se apruebe la Guardia Nacional.<\/p>\n<p>Luego de que el presidente de la Comisi\u00f3n Nacional de Derechos Humanos (CNDH) insisti\u00f3 en los riesgos que implicar\u00eda dar el control de la seguridad p\u00fablica a un mando militar, el Presidente critic\u00f3 que varios organismos insistan en negarse a una Guardia Nacional, que es indispensable para el pa\u00eds.<\/p>\n<p>\u201cLo que pasa es que ellos se quedaron en el antiguo modelo y lo sabe el titular de la Comisi\u00f3n de Derechos Humanos, miles de asesinatos y m\u00e1s de un mill\u00f3n de v\u00edctimas de la violencia, 40 mil desaparecidos y ahora que queremos atender este problema grav\u00edsimo en vez de que ayuden nos est\u00e1n poniendo trabas, porque esa es la verdad. Ojal\u00e1 los legisladores le hagan caso a la gente, porque al final de cuentas sirven al pueblo porque siempre opinan los de la llamada sociedad civil y el pueblo raso no es tomado en cuenta, como si no existieran o como si no superan, ya que se acabe el elitismo\u201d.<\/p>\n<p>Asegur\u00f3 que tiene una encuesta en la que entre el 80 y 90 por ciento de los mexicanos aprueban la creaci\u00f3n de la Guardia Nacional, por lo que confi\u00f3 en que los legisladores se guiar\u00e1n por lo que necesita la sociedad.<\/p>\n<p>\u201cYo estoy a favor de la guardia porque se necesita, deben existir las polic\u00edas municipales y estatales, pero se necesita una guardia, eso existe en todo el mundo ll\u00e1mese c\u00f3mo se llame, c\u00f3mo es posible que en M\u00e9xico no tengamos elementos para los delitos que m\u00e1s afectan a la gente\u201d.<\/p>\n<p>Recalc\u00f3 que es il\u00f3gico que habiendo 230 mil elementos del Ej\u00e9rcito el gobierno federal no pueda hacer uso de ellos para garantizar la pacificaci\u00f3n del pa\u00eds, porque no lo permite la Constituci\u00f3n y s\u00f3lo cuente con 20 mil polic\u00edas federales para todo el pa\u00eds.<\/p>\n<p>\u201cPor eso, los expertos y los de las organizaciones no s\u00e9 qu\u00e9 est\u00e9n pensando, porque ya basta tambi\u00e9n de la simulaci\u00f3n, de estar nada m\u00e1s habiendo an\u00e1lisis de la realidad sin transformarla, puro experto, puro diagn\u00f3stico pero no hacen nada por cambiar las cosas. La guardia es urgente\u201d.<\/p>\n<p>Recalc\u00f3 que la Guardia Nacional garantizar\u00e1 que se disminuya la violencia en el pa\u00eds y se eviten casos como las fosas clandestinas encontradas en Colima o los recientes asesinatos.<\/p>\n<p style=\"text-align: center;\"><strong>Llama a no tomar el camino del narcotr\u00e1fico<\/strong><\/p>\n<p>En Palacio Nacional, llam\u00f3 a los distintos actores de la sociedad para que entre todos impulsen una campa\u00f1a en donde se llame a los j\u00f3venes a no caer en el consumo de drogas.<\/p>\n<p>\u201cEl problema de inseguridad y de violencia lo podemos enfrentar si evitamos, entre otras cosas, que siga creciendo el consumo al interior del pa\u00eds y eso podemos controlarlo porque en nuestro pa\u00eds por nuestra historia, por nuestra cultura, hay muchos valores, hay una gran reserva de valores morales, culturales y espirituales\u201d, consider\u00f3.<\/p>\n<p>En este sentido, coment\u00f3 que la reciente resoluci\u00f3n de la justicia de Estados Unidos en contra de Joaqu\u00edn \u201cEl Chapo\u201d Guzm\u00e1n Loera, que \u00e9sta fue una decisi\u00f3n de aqu\u00e9l pa\u00eds y \u201cnosotros somos respetuosos de esos procesos legales\u201d.<\/p>\n<p>No obstante, aprovech\u00f3 la oportunidad para pedir a quienes toman esos caminos, \u201crecapaciten y piensen que es un don muy preciado la libertad y que no se debe afectar a otros, no se le debe causar da\u00f1o al pr\u00f3jimo y no hay que caus\u00e1rselo a uno mismo y a los familiares\u201d.<\/p>\n<p>De manera, que pueda servir como ense\u00f1anza para que se piense que la felicidad verdadera no es el dinero, no es lo material, no es el lujo barato, no es la fama, sino que la verdadera felicidad es estar bien con uno mismo y estar bien con nuestra conciencia y con el pr\u00f3jimo, factores que tambi\u00e9n servir\u00e1n para la se\u00f1alada campa\u00f1a para enfrentar el problema en el aumento al consumo de drogas, puntualiz\u00f3.<\/p>\n<p style=\"text-align: center;\"><strong>Difundir\u00e1n lista de estancias infantiles con irregularidades<\/strong><\/p>\n<p>En otro tema, L\u00f3pez Obrador anunci\u00f3 que se difundir\u00e1, en pr\u00f3ximos d\u00edas, la lista de las estancias infantiles en las que se detectaron irregularidades en su operaci\u00f3n; insisti\u00f3 en que eran un riesgo para los ni\u00f1os porque no ten\u00edan ning\u00fan control de seguridad.<\/p>\n<p>\u201cYa dije que tenemos pruebas de que se daba ayuda, no mucha y el dinero no llegaba o llegaba con moche. Vamos a presentarlas, conste que hemos actuado con prudencia, pero ustedes quieren saber todo. Vamos a dar a conocer las pruebas de todo lo que se entregaba y no llegaba; vamos a presentar el reporte y tambi\u00e9n les digo que recib\u00edan menos de lo que vamos a dar ahora\u201d.<\/p>\n<p>Insisti\u00f3 en que no s\u00f3lo los apoyos que mandaba el gobierno a estos espacios no llegaban sino que los ni\u00f1os estaban en riesgo.<\/p>\n<p>\u201cEsto era con las guarder\u00edas del Seguro Social y ya sabemos lo que pas\u00f3 con el caso de la guarder\u00eda ABC y no queremos eso. Hay reportes de los encargados de la fiscalizaci\u00f3n de que no hab\u00eda normatividad ni vigilancia, era un riesgo para los ni\u00f1os y ahora lo que queremos es que sean los padres los que asuman la responsabilidad que ellos tengan el apoyo y decidan libremente\u201d.<\/p>\n<p>Reiter\u00f3 que el dinero se entregar\u00e1 directamente a los padres y ser\u00e1n ellos quienes decidan d\u00f3nde y con qui\u00e9n dejan a sus hijos, sin que esto sea responsabilidad del gobierno, en caso de que ocurra alg\u00fan accidente.<\/p>\n<p>L\u00f3pez Obrador recalc\u00f3 que aunque permanezcan las manifestaciones la decisi\u00f3n est\u00e1 tomada y est\u00e1 basada en salvaguardar la integridad de los ni\u00f1os y garantizar que se acabe la corrupci\u00f3n en el manejo de estos recursos.<\/p>\n<p>En otro tema, el Presidente de la Rep\u00fablica, mencion\u00f3 que la directora del Conacyt, Mar\u00eda Elena \u00c1lvarez, aclarar\u00e1 la situaci\u00f3n de Edith Arrieta Meza, quien est\u00e1 al frente de la Comisi\u00f3n de Biodiversidad y es se\u00f1alada de ser dise\u00f1adora de modas.\u00a0 Sin embargo, afirm\u00f3 que si se comprueba que toda la informaci\u00f3n que sali\u00f3 en medios de comunicaci\u00f3n sobre Arrieta es cierta, hasta hoy ser\u00e1 funcionaria p\u00fablica.<\/p>\n<p>En el marco del 60 aniversario de la Comisi\u00f3n Nacional de Libros de Texto Gratuitos y acompa\u00f1ado por el secretario de Educaci\u00f3n P\u00fablica, Esteban Moctezuma Barrag\u00e1n, el mandatario destac\u00f3 que \u201cmuchos de nosotros tuvimos la oportunidad de estudiar en esos libros\u201d.<\/p>\n<p>Libros que llegaban hasta los pueblos m\u00e1s apartados de M\u00e9xico y record\u00f3 la aportaci\u00f3n que hizo en este sentido el presidente Adolfo L\u00f3pez Mateos y record\u00f3 tambi\u00e9n que en su momento existi\u00f3 oposici\u00f3n de los conservadores que no quer\u00edan estos textos, pero se logr\u00f3 llevar a cabo esta acci\u00f3n de gobierno.<\/p>\n","protected":false},"excerpt":{"rendered":"<p><span style=\"color: #005497;\">Jos\u00e9 Luis Monta\u00f1ez<\/span><br \/>\n<br \/>\nEl presidente Andr\u00e9s Manuel L\u00f3pez Obrador se\u00f1al\u00f3 que en gobiernos pasados se crearon diversos organismos para simular que se combatir\u00eda la corrupci\u00f3n y que habr\u00eda transparencia, como fue el caso del INAI, que le cuesta al pueblo mantenerlo mil millones de pesos al a\u00f1o, y entre sus decisiones estuvo la de dejar en reserva la informaci\u00f3n sobre el caso Odebrecht.<\/p>\n","protected":false},"author":5,"featured_media":415133,"comment_status":"open","ping_status":"open","sticky":false,"template":"","format":"standard","meta":{"_monsterinsights_skip_tracking":false,"_monsterinsights_sitenote_active":false,"_monsterinsights_sitenote_note":"","_monsterinsights_sitenote_category":0,"footnotes":""},"categories":[3],"tags":[2545,70733,82821,82869,52224,81020,64252,82868,82822],"class_list":["post-415132","post","type-post","status-publish","format-standard","has-post-thumbnail","hentry","category-nacional","tag-amlo","tag-caso","tag-caso-odebrecht","tag-conocer","tag-inai","tag-lopez-obrador","tag-odebrecht","tag-relacionado","tag-transparentar-investigacion"],"_links":{"self":[{"href":"https:\/\/www.diarioimagen.net\/index.php?rest_route=\/wp\/v2\/posts\/415132","targetHints":{"allow":["GET"]}}],"collection":[{"href":"https:\/\/www.diarioimagen.net\/index.php?rest_route=\/wp\/v2\/posts"}],"about":[{"href":"https:\/\/www.diarioimagen.net\/index.php?rest_route=\/wp\/v2\/types\/post"}],"author":[{"embeddable":true,"href":"https:\/\/www.diarioimagen.net\/index.php?rest_route=\/wp\/v2\/users\/5"}],"replies":[{"embeddable":true,"href":"https:\/\/www.diarioimagen.net\/index.php?rest_route=%2Fwp%2Fv2%2Fcomments&post=415132"}],"version-history":[{"count":0,"href":"https:\/\/www.diarioimagen.net\/index.php?rest_route=\/wp\/v2\/posts\/415132\/revisions"}],"wp:featuredmedia":[{"embeddable":true,"href":"https:\/\/www.diarioimagen.net\/index.php?rest_route=\/wp\/v2\/media\/415133"}],"wp:attachment":[{"href":"https:\/\/www.diarioimagen.net\/index.php?rest_route=%2Fwp%2Fv2%2Fmedia&parent=415132"}],"wp:term":[{"taxonomy":"category","embeddable":true,"href":"https:\/\/www.diarioimagen.net\/index.php?rest_route=%2Fwp%2Fv2%2Fcategories&post=415132"},{"taxonomy":"post_tag","embeddable":true,"href":"https:\/\/www.diarioimagen.net\/index.php?rest_route=%2Fwp%2Fv2%2Ftags&post=415132"}],"curies":[{"name":"wp","href":"https:\/\/api.w.org\/{rel}","templated":true}]}}