{"id":415138,"date":"2019-02-14T00:05:11","date_gmt":"2019-02-14T06:05:11","guid":{"rendered":"https:\/\/www.diarioimagen.net\/?p=415138"},"modified":"2019-02-14T00:33:34","modified_gmt":"2019-02-14T06:33:34","slug":"llama-issemym-a-realizar-acciones-preventivas-para-evitar-cancer-de-mama","status":"publish","type":"post","link":"https:\/\/www.diarioimagen.net\/?p=415138","title":{"rendered":"Llama ISSEMyM a realizar acciones preventivas para evitar c\u00e1ncer de mama"},"content":{"rendered":"<ul>\n<li><em><strong>Primera causa de muerte entre las mujeres mexicanas<\/strong><\/em><\/li>\n<\/ul>\n<p>&nbsp;<\/p>\n<div id=\"attachment_415139\" style=\"width: 470px\" class=\"wp-caption aligncenter\"><img loading=\"lazy\" decoding=\"async\" aria-describedby=\"caption-attachment-415139\" class=\"size-large wp-image-415139\" src=\"https:\/\/www.diarioimagen.net\/wp-content\/uploads\/2019\/02\/CANCER14-portal-460x268.jpg\" alt=\"\" width=\"460\" height=\"268\" srcset=\"https:\/\/www.diarioimagen.net\/wp-content\/uploads\/2019\/02\/CANCER14-portal-460x268.jpg 460w, https:\/\/www.diarioimagen.net\/wp-content\/uploads\/2019\/02\/CANCER14-portal-240x140.jpg 240w, https:\/\/www.diarioimagen.net\/wp-content\/uploads\/2019\/02\/CANCER14-portal.jpg 480w\" sizes=\"auto, (max-width: 460px) 100vw, 460px\" \/><p id=\"caption-attachment-415139\" class=\"wp-caption-text\">El ISSEMyM llama a la poblaci\u00f3n a realizar acciones de prevenci\u00f3n y de detecci\u00f3n temprana de c\u00e1ncer de mama.<\/p><\/div>\n<p>&nbsp;<\/p>\n<p><strong>Toluca, Estado de M\u00e9xico<\/strong>.- A nivel mundial cada dos minutos se diagnostica un nuevo caso de c\u00e1ncer de mama y en nuestro pa\u00eds es la primera causa de muerte entre las mujeres mexicanas.<\/p>\n<p>Por ello, el Instituto de Seguridad Social del Estado de M\u00e9xico y Municipios (ISSEMyM), llama a la poblaci\u00f3n a realizar acciones de prevenci\u00f3n y de detecci\u00f3n temprana de este padecimiento.<\/p>\n<p>Rodrigo Serrano Ortiz, cirujano onc\u00f3logo del ISSEMyM, mencion\u00f3 que entre los factores de riesgo para el desarrollo de esta enfermedad se encuentran consumir alcohol y tabaco, contar con alto \u00edndice de masa corporal o realizar poca actividad f\u00edsica.<\/p>\n<p>El especialista enfatiz\u00f3 que la autoexploraci\u00f3n continua es esencial para detectar a tiempo cualquier anomal\u00eda y tener mayor probabilidad de sobrevivir, en caso de un diagn\u00f3stico positivo.<\/p>\n<p>De acuerdo con la estad\u00edstica de este Instituto, de enero a diciembre de 2018 se realizaron m\u00e1s de 66 mil detecciones de c\u00e1ncer de mama a trav\u00e9s de exploraciones cl\u00ednicas realizadas en consulta externa, especializada y en unidades m\u00f3viles, cifra que super\u00f3 en 12 por ciento la expectativa de acci\u00f3n programada para dicho periodo.<\/p>\n<p>Serrano Ortiz agreg\u00f3 que en el a\u00f1o anterior, el ISSEMyM brind\u00f3 tratamiento a 115 mujeres, tanto derechohabientes como del Seguro Popular, y detall\u00f3 que en promedio, s\u00f3lo 10 por ciento de los nuevos casos llega en etapa uno, 60 por ciento en etapa dos o tres, y el resto lo hacen en la etapa 4, cuando ya es dif\u00edcil revertir el da\u00f1o y la posibilidad de muerte aumenta.<\/p>\n<p>Detall\u00f3 que el ISSEMyM lleva a cabo esfuerzos constantes para otorgar una atenci\u00f3n integral a las pacientes, y para ello cuenta con una unidad funcional integrada por un cirujano onc\u00f3logo, un m\u00e9dico onc\u00f3logo, un m\u00e9dico en radiolog\u00eda de intervenci\u00f3n mixta, un psic\u00f3logo, as\u00ed como de personal de enfermer\u00eda y trabajo social, quienes juntos apoyan el tratamiento de cada una de ellas.<\/p>\n<p>Rodrigo Serrano mencion\u00f3 que este tipo de procedimientos tiene un alto costo en la iniciativa privada, ya que puede alcanzar los 600 mil pesos, dependiendo de la etapa del paciente y agreg\u00f3 que para el a\u00f1o 2030 la incidencia de c\u00e1ncer de mama en Am\u00e9rica puede aumentar 46 por ciento.<\/p>\n","protected":false},"excerpt":{"rendered":"<p>A nivel mundial cada dos minutos se diagnostica un nuevo caso de c\u00e1ncer de mama y en nuestro pa\u00eds es la primera causa de muerte entre las mujeres mexicanas.<\/p>\n","protected":false},"author":5,"featured_media":415139,"comment_status":"open","ping_status":"open","sticky":false,"template":"","format":"standard","meta":{"_monsterinsights_skip_tracking":false,"_monsterinsights_sitenote_active":false,"_monsterinsights_sitenote_note":"","_monsterinsights_sitenote_category":0,"footnotes":""},"categories":[18863],"tags":[2515,43675,699,82826,452],"class_list":["post-415138","post","type-post","status-publish","format-standard","has-post-thumbnail","hentry","category-salud-edomex","tag-cancer-de-mama","tag-estado-de-mexico","tag-issemym","tag-mujeres-mexicanas","tag-toluca"],"_links":{"self":[{"href":"https:\/\/www.diarioimagen.net\/index.php?rest_route=\/wp\/v2\/posts\/415138","targetHints":{"allow":["GET"]}}],"collection":[{"href":"https:\/\/www.diarioimagen.net\/index.php?rest_route=\/wp\/v2\/posts"}],"about":[{"href":"https:\/\/www.diarioimagen.net\/index.php?rest_route=\/wp\/v2\/types\/post"}],"author":[{"embeddable":true,"href":"https:\/\/www.diarioimagen.net\/index.php?rest_route=\/wp\/v2\/users\/5"}],"replies":[{"embeddable":true,"href":"https:\/\/www.diarioimagen.net\/index.php?rest_route=%2Fwp%2Fv2%2Fcomments&post=415138"}],"version-history":[{"count":0,"href":"https:\/\/www.diarioimagen.net\/index.php?rest_route=\/wp\/v2\/posts\/415138\/revisions"}],"wp:featuredmedia":[{"embeddable":true,"href":"https:\/\/www.diarioimagen.net\/index.php?rest_route=\/wp\/v2\/media\/415139"}],"wp:attachment":[{"href":"https:\/\/www.diarioimagen.net\/index.php?rest_route=%2Fwp%2Fv2%2Fmedia&parent=415138"}],"wp:term":[{"taxonomy":"category","embeddable":true,"href":"https:\/\/www.diarioimagen.net\/index.php?rest_route=%2Fwp%2Fv2%2Fcategories&post=415138"},{"taxonomy":"post_tag","embeddable":true,"href":"https:\/\/www.diarioimagen.net\/index.php?rest_route=%2Fwp%2Fv2%2Ftags&post=415138"}],"curies":[{"name":"wp","href":"https:\/\/api.w.org\/{rel}","templated":true}]}}