{"id":415193,"date":"2019-02-14T00:11:39","date_gmt":"2019-02-14T06:11:39","guid":{"rendered":"https:\/\/www.diarioimagen.net\/?p=415193"},"modified":"2019-02-14T07:21:52","modified_gmt":"2019-02-14T13:21:52","slug":"en-la-uaem-congreso-sobre-medicina-paliativa","status":"publish","type":"post","link":"https:\/\/www.diarioimagen.net\/?p=415193","title":{"rendered":"En la UAEM, congreso sobre medicina paliativa"},"content":{"rendered":"<ul>\n<li><strong><em>Para mejorar calidad de vida de los pacientes<\/em><\/strong><\/li>\n<\/ul>\n<p>&nbsp;<\/p>\n<div id=\"attachment_415255\" style=\"width: 470px\" class=\"wp-caption aligncenter\"><a href=\"https:\/\/www.diarioimagen.net\/?attachment_id=415255\" rel=\"attachment wp-att-415255\"><img loading=\"lazy\" decoding=\"async\" aria-describedby=\"caption-attachment-415255\" class=\"size-large wp-image-415255\" src=\"https:\/\/www.diarioimagen.net\/wp-content\/uploads\/2019\/02\/UAEM-14-460x259.jpg\" alt=\"\" width=\"460\" height=\"259\" srcset=\"https:\/\/www.diarioimagen.net\/wp-content\/uploads\/2019\/02\/UAEM-14-460x259.jpg 460w, https:\/\/www.diarioimagen.net\/wp-content\/uploads\/2019\/02\/UAEM-14-240x135.jpg 240w, https:\/\/www.diarioimagen.net\/wp-content\/uploads\/2019\/02\/UAEM-14-235x132.jpg 235w, https:\/\/www.diarioimagen.net\/wp-content\/uploads\/2019\/02\/UAEM-14-202x114.jpg 202w, https:\/\/www.diarioimagen.net\/wp-content\/uploads\/2019\/02\/UAEM-14-350x196.jpg 350w, https:\/\/www.diarioimagen.net\/wp-content\/uploads\/2019\/02\/UAEM-14-220x123.jpg 220w, https:\/\/www.diarioimagen.net\/wp-content\/uploads\/2019\/02\/UAEM-14-237x132.jpg 237w, https:\/\/www.diarioimagen.net\/wp-content\/uploads\/2019\/02\/UAEM-14.jpg 480w\" sizes=\"auto, (max-width: 460px) 100vw, 460px\" \/><\/a><p id=\"caption-attachment-415255\" class=\"wp-caption-text\">El director de la Facultad de Medicina de la UAEM, Salvador L\u00f3pez Rodr\u00edguez, inaugur\u00f3 el Primer Congreso \u201cRetos multidisciplinarios en enfermedades cr\u00f3nico degenerativas, cuidados paliativos\u201d.<\/p><\/div>\n<p>&nbsp;<\/p>\n<p><strong>Toluca, Estado de M\u00e9xico<\/strong>.\u2013 De acuerdo con datos de la Organizaci\u00f3n Mundial de la Salud (OMS), anualmente 40 millones de personas requieren de cuidados paliativos para enfrentar enfermedades cr\u00f3nico-degenerativas e incurables; sin embargo, s\u00f3lo 14 por ciento tiene acceso a dicha atenci\u00f3n, destac\u00f3 el director de la Facultad de Medicina de la Universidad Aut\u00f3noma del Estado de M\u00e9xico, Salvador L\u00f3pez Rodr\u00edguez.<\/p>\n<p>Al inaugurar el Primer Congreso \u201cRetos multidisciplinarios en enfermedades cr\u00f3nico degenerativas, cuidados paliativos\u201d, el universitario subray\u00f3 la necesidad de incluir en la formaci\u00f3n de los nuevos profesionistas de la salud los cuidados paliativos, \u00e1rea de la medicina que busca mejorar la calidad de la vida de los pacientes, a trav\u00e9s de la atenci\u00f3n de equipos multidisciplinarios.<\/p>\n<p>El coordinador de Salud del Instituto de Salud del Estado de M\u00e9xico, Carlos\u00a0Esteban Aranza Doniz, detall\u00f3 que como especialidad, la medicina paliativa surgi\u00f3 para dar seguimiento a pacientes oncol\u00f3gicos, aunque en la actualidad tiene la finalidad de proporcionar calidad de vida por medio de la identificaci\u00f3n temprana de enfermedades, evaluaci\u00f3n y tratamiento del dolor.<\/p>\n<p>En presencia de la coordinadora de Voluntades Anticipadas y Responsable del Programa Estatal de Medicina y Cuidados Paliativos, Celina Casta\u00f1eda de la Lanza, el servidor mexiquense abund\u00f3 que 26 hospitales de ISEM cuentan con \u00e1reas de cuidados paliativos y en 2018 ofrecieron 26 mil intervenciones a pacientes y sus familiares.<\/p>\n<p>Cabe destacar que en este ejercicio acad\u00e9mico participaron m\u00e9dicos del Instituto de Salud del Estado de M\u00e9xico e instituciones de educaci\u00f3n superior, quienes presentaron ponencias y conferencias magistrales o asistieron a mesas de discusi\u00f3n y talleres, con la finalidad de contar con nuevas herramientas para mejorar la calidad de vida de sus pacientes.<\/p>\n","protected":false},"excerpt":{"rendered":"<p>De acuerdo con datos de la Organizaci\u00f3n Mundial de la Salud (OMS), anualmente 40 millones de personas requieren de cuidados paliativos para enfrentar enfermedades cr\u00f3nico-degenerativas e incurables; sin embargo, s\u00f3lo 14 por ciento tiene acceso a dicha atenci\u00f3n, destac\u00f3 el director de la Facultad de Medicina de la Universidad Aut\u00f3noma del Estado de M\u00e9xico, Salvador L\u00f3pez Rodr\u00edguez.<\/p>\n","protected":false},"author":3,"featured_media":415255,"comment_status":"open","ping_status":"open","sticky":false,"template":"","format":"standard","meta":{"_monsterinsights_skip_tracking":false,"_monsterinsights_sitenote_active":false,"_monsterinsights_sitenote_note":"","_monsterinsights_sitenote_category":0,"footnotes":""},"categories":[5],"tags":[43675,82866,452],"class_list":["post-415193","post","type-post","status-publish","format-standard","has-post-thumbnail","hentry","category-estado-de-mexico","tag-estado-de-mexico","tag-medicina-paliativa","tag-toluca"],"_links":{"self":[{"href":"https:\/\/www.diarioimagen.net\/index.php?rest_route=\/wp\/v2\/posts\/415193","targetHints":{"allow":["GET"]}}],"collection":[{"href":"https:\/\/www.diarioimagen.net\/index.php?rest_route=\/wp\/v2\/posts"}],"about":[{"href":"https:\/\/www.diarioimagen.net\/index.php?rest_route=\/wp\/v2\/types\/post"}],"author":[{"embeddable":true,"href":"https:\/\/www.diarioimagen.net\/index.php?rest_route=\/wp\/v2\/users\/3"}],"replies":[{"embeddable":true,"href":"https:\/\/www.diarioimagen.net\/index.php?rest_route=%2Fwp%2Fv2%2Fcomments&post=415193"}],"version-history":[{"count":0,"href":"https:\/\/www.diarioimagen.net\/index.php?rest_route=\/wp\/v2\/posts\/415193\/revisions"}],"wp:featuredmedia":[{"embeddable":true,"href":"https:\/\/www.diarioimagen.net\/index.php?rest_route=\/wp\/v2\/media\/415255"}],"wp:attachment":[{"href":"https:\/\/www.diarioimagen.net\/index.php?rest_route=%2Fwp%2Fv2%2Fmedia&parent=415193"}],"wp:term":[{"taxonomy":"category","embeddable":true,"href":"https:\/\/www.diarioimagen.net\/index.php?rest_route=%2Fwp%2Fv2%2Fcategories&post=415193"},{"taxonomy":"post_tag","embeddable":true,"href":"https:\/\/www.diarioimagen.net\/index.php?rest_route=%2Fwp%2Fv2%2Ftags&post=415193"}],"curies":[{"name":"wp","href":"https:\/\/api.w.org\/{rel}","templated":true}]}}