{"id":415209,"date":"2019-02-14T00:10:13","date_gmt":"2019-02-14T06:10:13","guid":{"rendered":"https:\/\/www.diarioimagen.net\/?p=415209"},"modified":"2019-02-14T07:22:48","modified_gmt":"2019-02-14T13:22:48","slug":"sufre-primer-reves-en-la-scjn-por-ley-de-salarios","status":"publish","type":"post","link":"https:\/\/www.diarioimagen.net\/?p=415209","title":{"rendered":"Sufre primer rev\u00e9s en la SCJN por \u201cley de salarios\u201d"},"content":{"rendered":"<p><a href=\"https:\/\/www.diarioimagen.net\/?attachment_id=415260\" rel=\"attachment wp-att-415260\"><img loading=\"lazy\" decoding=\"async\" class=\"aligncenter size-large wp-image-415260\" src=\"https:\/\/www.diarioimagen.net\/wp-content\/uploads\/2019\/02\/SALARIOS14-460x259.jpg\" alt=\"\" width=\"460\" height=\"259\" srcset=\"https:\/\/www.diarioimagen.net\/wp-content\/uploads\/2019\/02\/SALARIOS14-460x259.jpg 460w, https:\/\/www.diarioimagen.net\/wp-content\/uploads\/2019\/02\/SALARIOS14-240x135.jpg 240w, https:\/\/www.diarioimagen.net\/wp-content\/uploads\/2019\/02\/SALARIOS14-235x132.jpg 235w, https:\/\/www.diarioimagen.net\/wp-content\/uploads\/2019\/02\/SALARIOS14-202x114.jpg 202w, https:\/\/www.diarioimagen.net\/wp-content\/uploads\/2019\/02\/SALARIOS14-350x196.jpg 350w, https:\/\/www.diarioimagen.net\/wp-content\/uploads\/2019\/02\/SALARIOS14-220x123.jpg 220w, https:\/\/www.diarioimagen.net\/wp-content\/uploads\/2019\/02\/SALARIOS14-237x132.jpg 237w, https:\/\/www.diarioimagen.net\/wp-content\/uploads\/2019\/02\/SALARIOS14.jpg 480w\" sizes=\"auto, (max-width: 460px) 100vw, 460px\" \/><\/a><\/p>\n<p>&nbsp;<\/p>\n<p>El presidente Andr\u00e9s Manuel L\u00f3pez Obrador recibi\u00f3 su primer rev\u00e9s en la Suprema Corte de Justicia de la Naci\u00f3n (SCJN), porque sus intenciones de dejar sin efecto la suspensi\u00f3n que impide la aplicaci\u00f3n de la Ley Federal de Remuneraciones de Servidores P\u00fablicos fue declarado infundado.<\/p>\n<p>Ante la ausencia de la ministra Margarita Luna Ramos, la Segunda Sala de la Corte tuvo que pedir la presencia del ministro decano de la Primera Sala, Luis Mar\u00eda Aguilar Morales, para analizar tres recursos de reclamaci\u00f3n interpuestos contra el acuerdo del ministro Alberto P\u00e9rez Day\u00e1n, quien en diciembre otorg\u00f3 una suspensi\u00f3n a la minor\u00eda del Senado de la Rep\u00fablica que congel\u00f3 dicha ley.<\/p>\n<p>El ministro Aguilar Morales explic\u00f3 que las suspensiones en acciones de inconstitucionalidad s\u00ed son procedentes, esto ante la pol\u00e9mica que ha generado el tema, porque constitucionalistas y legisladores federales tienen una opini\u00f3n distinta.<\/p>\n<p>Con tres votos contra dos, la Segunda Sala declar\u00f3 infundados los recursos de reclamaci\u00f3n de Andr\u00e9s Manuel L\u00f3pez Obrador y de las c\u00e1maras de Diputados y Senadores. El mencionado estatuto establece que nadie puede ganar m\u00e1s que el Presidente, es decir, 108 mil pesos.<\/p>\n<p>Hace unas semanas, el ministro Javier Laynez Potisek propuso levantar la suspensi\u00f3n concedida a las fracciones parlamentarias del PRI, PAN, PRD y Movimiento Ciudadano, y al senador independiente Emilio \u00c1lvarez Icaza, pero su proyecto no prosper\u00f3.<\/p>\n<p>Este caso ha enfrentado al presidente Andr\u00e9s Manuel L\u00f3pez Obrador con el Poder Judicial de la Federaci\u00f3n. La decisi\u00f3n de Day\u00e1n fue calificada de pol\u00e9mica, porque la Ley Reglamentaria del art\u00edculo 105 constitucional, proh\u00edbe expresamente otorgar la suspensi\u00f3n, en el caso de las acciones de inconstitucionalidad.<\/p>\n<p>El 7 de diciembre de 2018, el ministro P\u00e9rez Day\u00e1n admiti\u00f3 a tr\u00e1mite la acci\u00f3n de inconstitucionalidad que present\u00f3 la minor\u00eda del Senado representada por el PRI, PAN, PRD y Movimiento Ciudadano, adem\u00e1s del senador Emilio \u00c1lvarez Icaza, quienes solicitaron la suspensi\u00f3n.<\/p>\n<p>P\u00e9rez Day\u00e1n se\u00f1al\u00f3 en su acuerdo que \u201ccon el fin de preservar la materia del juicio y evitar que se cause un da\u00f1o irreparable\u201d, proced\u00eda a conceder la suspensi\u00f3n solicitada \u201cpara el efecto de que las remuneraciones que perciban los servidores p\u00fablicos de los Poderes de la Uni\u00f3n y de todos los dem\u00e1s entes p\u00fablicos para el ejercicio de 2019, no sean fijados en t\u00e9rminos de la ley reclamada, hasta en tanto se resuelva el fondo de la controversia\u2026\u201d Lo anterior oblig\u00f3 al Congreso de la Uni\u00f3n elaborar el Presupuesto de Egresos de la Federaci\u00f3n 2019, igual que lo hizo con el ejercicio fiscal 2018, con base a los art\u00edculos 75, 94 y 127 de la Constituci\u00f3n, as\u00ed como tercero transitorio del decreto de reforma constitucional publicado en el Diario Oficial de la Federaci\u00f3n en 2009, donde se estableci\u00f3 el sueldo del presidente de la Rep\u00fablica como tope.<\/p>\n","protected":false},"excerpt":{"rendered":"<p>El presidente Andr\u00e9s Manuel L\u00f3pez Obrador recibi\u00f3 su primer rev\u00e9s en la Suprema Corte de Justicia de la Naci\u00f3n (SCJN), porque sus intenciones de dejar sin efecto la suspensi\u00f3n que impide la aplicaci\u00f3n de la Ley Federal de Remuneraciones de Servidores P\u00fablicos fue declarado infundado.<\/p>\n","protected":false},"author":3,"featured_media":415260,"comment_status":"open","ping_status":"open","sticky":false,"template":"","format":"standard","meta":{"_monsterinsights_skip_tracking":false,"_monsterinsights_sitenote_active":false,"_monsterinsights_sitenote_note":"","_monsterinsights_sitenote_category":0,"footnotes":""},"categories":[3],"tags":[1352,82870,43673,2852],"class_list":["post-415209","post","type-post","status-publish","format-standard","has-post-thumbnail","hentry","category-nacional","tag-andres-manuel-lopez-obrador","tag-ley-de-salarios","tag-nacional","tag-scjn"],"_links":{"self":[{"href":"https:\/\/www.diarioimagen.net\/index.php?rest_route=\/wp\/v2\/posts\/415209","targetHints":{"allow":["GET"]}}],"collection":[{"href":"https:\/\/www.diarioimagen.net\/index.php?rest_route=\/wp\/v2\/posts"}],"about":[{"href":"https:\/\/www.diarioimagen.net\/index.php?rest_route=\/wp\/v2\/types\/post"}],"author":[{"embeddable":true,"href":"https:\/\/www.diarioimagen.net\/index.php?rest_route=\/wp\/v2\/users\/3"}],"replies":[{"embeddable":true,"href":"https:\/\/www.diarioimagen.net\/index.php?rest_route=%2Fwp%2Fv2%2Fcomments&post=415209"}],"version-history":[{"count":0,"href":"https:\/\/www.diarioimagen.net\/index.php?rest_route=\/wp\/v2\/posts\/415209\/revisions"}],"wp:featuredmedia":[{"embeddable":true,"href":"https:\/\/www.diarioimagen.net\/index.php?rest_route=\/wp\/v2\/media\/415260"}],"wp:attachment":[{"href":"https:\/\/www.diarioimagen.net\/index.php?rest_route=%2Fwp%2Fv2%2Fmedia&parent=415209"}],"wp:term":[{"taxonomy":"category","embeddable":true,"href":"https:\/\/www.diarioimagen.net\/index.php?rest_route=%2Fwp%2Fv2%2Fcategories&post=415209"},{"taxonomy":"post_tag","embeddable":true,"href":"https:\/\/www.diarioimagen.net\/index.php?rest_route=%2Fwp%2Fv2%2Ftags&post=415209"}],"curies":[{"name":"wp","href":"https:\/\/api.w.org\/{rel}","templated":true}]}}