{"id":415287,"date":"2019-02-14T00:11:29","date_gmt":"2019-02-14T06:11:29","guid":{"rendered":"https:\/\/www.diarioimagen.net\/?p=415287"},"modified":"2019-02-14T07:37:06","modified_gmt":"2019-02-14T13:37:06","slug":"hay-territorios-completos-en-manos-del-crimen-urge-guardia-nacional-monreal","status":"publish","type":"post","link":"https:\/\/www.diarioimagen.net\/?p=415287","title":{"rendered":"Hay territorios completos en manos del crimen, urge Guardia Nacional: Monreal"},"content":{"rendered":"<h2>Tras la puerta del poder<\/h2>\n<h5>Roberto Vizca\u00edno<\/h5>\n<p>&nbsp;<\/p>\n<div id=\"attachment_415288\" style=\"width: 470px\" class=\"wp-caption aligncenter\"><a href=\"https:\/\/www.diarioimagen.net\/?attachment_id=415288\" rel=\"attachment wp-att-415288\"><img loading=\"lazy\" decoding=\"async\" aria-describedby=\"caption-attachment-415288\" class=\"size-large wp-image-415288\" src=\"https:\/\/www.diarioimagen.net\/wp-content\/uploads\/2019\/02\/no-os-preocupeis-LUIS-XAVIER-460x354.jpg\" alt=\"\" width=\"460\" height=\"354\" srcset=\"https:\/\/www.diarioimagen.net\/wp-content\/uploads\/2019\/02\/no-os-preocupeis-LUIS-XAVIER-460x354.jpg 460w, https:\/\/www.diarioimagen.net\/wp-content\/uploads\/2019\/02\/no-os-preocupeis-LUIS-XAVIER-240x185.jpg 240w, https:\/\/www.diarioimagen.net\/wp-content\/uploads\/2019\/02\/no-os-preocupeis-LUIS-XAVIER-768x591.jpg 768w, https:\/\/www.diarioimagen.net\/wp-content\/uploads\/2019\/02\/no-os-preocupeis-LUIS-XAVIER.jpg 1200w\" sizes=\"auto, (max-width: 460px) 100vw, 460px\" \/><\/a><p id=\"caption-attachment-415288\" class=\"wp-caption-text\">No os preocup\u00e9is&#8230; | Luis Xavier<\/p><\/div>\n<p>&nbsp;<\/p>\n<p><b>Ricardo Monreal<\/b> no encuentra ya c\u00f3mo hablarles a los de la oposici\u00f3n en el Senado.<\/p>\n<p>Y es que mientras las oposiciones representadas por PAN, PRI, PRD y MC cuestionan, debaten, exigen cambios y alargan, o de plano posponen la aprobaci\u00f3n del dictamen para crear ya, ahora, la Guardia Nacional que propone el presidente <b>Andr\u00e9s Manuel L\u00f3pez Obrador<\/b>, indica el l\u00edder de la mayor\u00eda de Morena, <b>Ricardo Monreal<\/b>, en el pa\u00eds avanza el crimen organizado a sangre y fuego, dejando decenas, cientos, miles y miles de ejecutados en su camino, consolidando territorios enteros bajo su dominio.<\/p>\n<p>\u201cEl problema de inseguridad en el pa\u00eds es tan grave\u2026 la herencia que recibi\u00f3 el presidente <b>L\u00f3pez Obrador<\/b> es tan grave, que hay territorios completos en manos del crimen organizado, sin control ni operaci\u00f3n institucional\u201d, subraya enfatizando su sentir con ademanes de exasperaci\u00f3n.<\/p>\n<p>Y suelta, propone, sugiere:<\/p>\n<p>\u201cAunque sea temporal, pero se necesita construir ya la Guardia Nacional\u201d.<\/p>\n<p>Luego de largos encuentros, negociaciones con sus pares de las otras fracciones en busca de conseguir los 10 votos que le faltan a Morena y sus aliados PVEM, PES y PT para alcanzar la mayor\u00eda calificada que requiere para aprobar la creaci\u00f3n de la Guardia Nacional, el zacatecano persiste.<\/p>\n<p>Ha llegado a hablar de modificar la minuta aprobada ya por los diputados a fin de que la oposici\u00f3n en el Senado ceda y se apruebe de una vez por todas la Guardia Nacional.<\/p>\n<p>En b\u00fasqueda de eso, <b>Monreal <\/b>ha convencido a <b>AMLO <\/b>de pedirles a sus secretarios de Defensa y Marina acudan ante el pleno para exponerles a los legisladores la gravedad del asunto.<span class=\"Apple-converted-space\">\u00a0<\/span><\/p>\n<p>El paso dado no es menor. Esos secretarios nunca se hab\u00edan abierto, expuesto tanto. Ellos, titulares de las Fuerzas Armadas, representan el eje no de la seguridad p\u00fablica en M\u00e9xico, sino de la seguridad nacional.<\/p>\n<p>Son y han sido a lo largo de decenios un poder casi aut\u00f3nomo con el que nadie, desde las filas de los tres poderes de la Uni\u00f3n, se mete.<\/p>\n<p>Esa comparecencia se dio a fines de hace dos semanas, y las oposiciones no ceden. En los hechos haber conversado directo, en su propio recinto con los titulares de Marina y Defensa, de nada sirvi\u00f3.<\/p>\n<p>Desde inicios de esta semana Monreal prueba otra v\u00eda. La del parlamento abierto a fin de impulsar foros de an\u00e1lisis de expertos para insistir en la necesidad de crear la Guardia Nacional,<\/p>\n<p>Para sustentar lo que en el foro se dice, el zacatecano insiste en el grave momento de inseguridad en M\u00e9xico.<\/p>\n<p>El mecanismo del parlamento abierto, dice, s\u00f3lo narra un proceso de emergencia nacional en el cual hay cuerpos de polic\u00edas civiles completos (o casi completos) permeados, dominados por el crimen organizado.<\/p>\n<p>As\u00ed, ayer, durante el tercer d\u00eda del parlamento abierto, el gobernador pri\u00edsta de Hidalgo, <b>Omar Fayad<\/b>, ratific\u00f3 lo que dice <b>Monreal.<\/b><\/p>\n<p>Cierto, indic\u00f3, el Congreso tiene la responsabilidad y facultad de darle vida a un nuevo cuerpo de seguridad dentro de la mayor pulcritud legislativa y constitucional.<\/p>\n<p>Se requiere eso para que la Guardia Nacional \u201cnazca con todo lo que necesita para lograr el respeto irrestricto a los derechos humanos\u201d, agreg\u00f3.<\/p>\n<p>Pero les record\u00f3 a los legisladores que en la otra punta de esa decisi\u00f3n est\u00e1 la responsabilidad del Presidente de la Rep\u00fablica.<\/p>\n<p>\u201cYo no le escatimar\u00eda la posibilidad de apoyarlo en este esfuerzo, para que cumpla una misi\u00f3n que tiene a nivel constitucional\u2026 \u00bfQueremos apoyar al Ejecutivo Federal?&#8230; Cuando menos mi estado, s\u00ed\u201d, dijo clara y contundentemente.<\/p>\n<p>Ayer junto con <b>Fayad<\/b> participaron adem\u00e1s un nutrido grupo de empresarios, acad\u00e9micos y representantes de organizaciones no gubernamentales.<\/p>\n<p>Ah\u00ed la senadora <b>Alejandra Lagunes,<\/b> del PVEM, consider\u00f3 que esta reforma constitucional es uno de los asuntos m\u00e1s trascendentes para nuestra democracia y el proceso de pacificaci\u00f3n de M\u00e9xico.<\/p>\n<p><b>Jessica Zarkin,<\/b> de Construyendo Polic\u00edas Eficaces, Resilientes y Confiables en M\u00e9xico, pidi\u00f3 a senadores no confundir seguridad nacional con seguridad interior.<\/p>\n<p>Y subray\u00f3 que las fuerzas armadas son las \u00fanicas que pueden hoy enfrentar las amenazas de la inseguridad.<\/p>\n<p>La investigadora <b>Mar\u00eda Araceli de Hass<\/b>, afirm\u00f3 que al \u00fanico que no le conviene la creaci\u00f3n de la Guardia Nacional, es al crimen organizado.<\/p>\n<p>Do\u00f1a <b>Mar\u00eda Elena Morera,<\/b> presidenta de \u201cCausa Com\u00fan\u201d, afirm\u00f3 que no se opone a la creaci\u00f3n de esta Guardia Nacional, siempre que sea civil a la que se integren los militares.<\/p>\n<p><b>Mar\u00eda Novoa<\/b>, de Justicia de M\u00e9xico Eval\u00faa por su parte asegur\u00f3 que \u201cla Guardia Nacional\u201d atenta contra nuestros derechos y estos no se negocian.<\/p>\n<p>Y mientras el debate avanza, <b>Monreal <\/b>se sumerge en los laberintos de la negociaci\u00f3n pol\u00edtica.<\/p>\n<p style=\"text-align: center;\"><b>Cuau va tras Graco<\/b><\/p>\n<p>Nom\u00e1s como para no dejar, por apenas un desv\u00edo de 22 millones de pesos, el futbolista, <b>Cuauht\u00e9moc Blanco<\/b>, en su calidad de gobernador de Morelos, present\u00f3 ayer una denuncia ante la Fiscal\u00eda de la Naci\u00f3n que encabeza el octogenario <b>Alejandro Gertz Manero en contra del ex gobernador Graco Ram\u00edrez, su esposa Elena Cepeda y el hijo de ella, Rodrigo Gayosso<\/b> as\u00ed como contra el ex titular de administraci\u00f3n <b>Javier Barona<\/b>.<\/p>\n<p style=\"text-align: center;\"><b>No a la intimidaci\u00f3n de Yeidckol<\/b><\/p>\n<p>El senador de Morena, <b>Alejandro Armenta,<\/b> aspirante a la gubernatura de Puebla,<span class=\"Apple-converted-space\">\u00a0 <\/span>reiter\u00f3 su intenci\u00f3n de ir contra la imposici\u00f3n de la candidatura de <b>Miguel Barbosa <\/b>por parte de la dirigente nacional morenista, la empresaria mexiquense <b>Yeidckol Polevnsky.<\/b><\/p>\n<p>Lo m\u00ednimo que exijo, afirm\u00f3, es que se abra la contienda interna como lo establecen los estatutos para que democr\u00e1ticamente se decida qui\u00e9n debe ser quien represente a Morena en las elecciones extraordinarias a gobernador en Puebla.<\/p>\n<p><b>Armenta<\/b>, presidente de la Comisi\u00f3n de Hacienda del Senado de la Rep\u00fablica insisti\u00f3 que ejercer\u00e1 su derecho a participar en el proceso de selecci\u00f3n.<\/p>\n<p>\u201cSoy respetuoso de las afinidades, pero soy m\u00e1s respetuoso de la democracia. Morena es un partido democr\u00e1tico y en ese sentido voy a ejercer este principio con respeto.<\/p>\n<p>\u201cEl mismo derecho que tienen otros lo tengo yo. Soy poblano, le he servido a Puebla y tengo derecho a ejercer a plenitud mis derechos porque no estoy haciendo nada malo, indic\u00f3\u201d.<\/p>\n<p>Afirm\u00f3 que Puebla merece un gobierno din\u00e1mico, \u201cencabezado por alguien que recorra todos los municipios del estado y sea capaz de dialogar con los empresarios. Que acompa\u00f1e a los campesinos, que est\u00e9 dispuesto a seguirle el ritmo al Presidente Andr\u00e9s Manuel L\u00f3pez Obrador\u201d.<\/p>\n<p style=\"text-align: center;\"><b>Reconocimiento internacional<\/b><\/p>\n<p>La senadora pri\u00edsta <b>Vanessa Rubio, ex pieza clave en el equipo de Jos\u00e9 Antonio Meade, recibi\u00f3<\/b> la Condecoraci\u00f3n de la Orden de San Carlos en Grado de Gran Oficial, del Gobierno de Colombia.<\/p>\n<p>La Embajadora Patricia C\u00e1rdenas Santamar\u00eda destac\u00f3 que la senadora tricolor ha desempe\u00f1ado un papel determinante como vicepresidenta por M\u00e9xico ante el Parlamento Latinoamericano en el cierre de las negociaciones de la Alianza del Pac\u00edfico, con Colombia, Chile y Per\u00fa.<\/p>\n<p><em><a href=\"http:\/\/endirecto.mx\" target=\"_blank\" rel=\"noopener\">www.endirecto.mx<\/a><\/em><br \/>\n<em><a href=\"https:\/\/twitter.com\/_rvizcaino\" target=\"_blank\" rel=\"noopener\">@_RVizcaino<\/a><\/em><br \/>\n<a href=\"https:\/\/www.facebook.com\/rvizcainoa\" target=\"_blank\" rel=\"noopener\">f<em>acebook.com\/rvizcainoa<\/em><\/a><\/p>\n","protected":false},"excerpt":{"rendered":"<p><span style=\"color: #005497;\"><strong>Roberto Vizca\u00edno<\/strong><\/span><br \/>\n<br \/>\nRicardo Monreal no encuentra ya c\u00f3mo hablarles a los de la oposici\u00f3n en el Senado.<\/p>\n","protected":false},"author":1,"featured_media":415288,"comment_status":"open","ping_status":"open","sticky":false,"template":"","format":"standard","meta":{"_monsterinsights_skip_tracking":false,"_monsterinsights_sitenote_active":false,"_monsterinsights_sitenote_note":"","_monsterinsights_sitenote_category":0,"footnotes":""},"categories":[136],"tags":[43674,93,94],"class_list":["post-415287","post","type-post","status-publish","format-standard","has-post-thumbnail","hentry","category-roberto-vizcaino-opinion","tag-opinion","tag-roberto-vizcaino","tag-tras-la-puerta-del-poder"],"_links":{"self":[{"href":"https:\/\/www.diarioimagen.net\/index.php?rest_route=\/wp\/v2\/posts\/415287","targetHints":{"allow":["GET"]}}],"collection":[{"href":"https:\/\/www.diarioimagen.net\/index.php?rest_route=\/wp\/v2\/posts"}],"about":[{"href":"https:\/\/www.diarioimagen.net\/index.php?rest_route=\/wp\/v2\/types\/post"}],"author":[{"embeddable":true,"href":"https:\/\/www.diarioimagen.net\/index.php?rest_route=\/wp\/v2\/users\/1"}],"replies":[{"embeddable":true,"href":"https:\/\/www.diarioimagen.net\/index.php?rest_route=%2Fwp%2Fv2%2Fcomments&post=415287"}],"version-history":[{"count":0,"href":"https:\/\/www.diarioimagen.net\/index.php?rest_route=\/wp\/v2\/posts\/415287\/revisions"}],"wp:featuredmedia":[{"embeddable":true,"href":"https:\/\/www.diarioimagen.net\/index.php?rest_route=\/wp\/v2\/media\/415288"}],"wp:attachment":[{"href":"https:\/\/www.diarioimagen.net\/index.php?rest_route=%2Fwp%2Fv2%2Fmedia&parent=415287"}],"wp:term":[{"taxonomy":"category","embeddable":true,"href":"https:\/\/www.diarioimagen.net\/index.php?rest_route=%2Fwp%2Fv2%2Fcategories&post=415287"},{"taxonomy":"post_tag","embeddable":true,"href":"https:\/\/www.diarioimagen.net\/index.php?rest_route=%2Fwp%2Fv2%2Ftags&post=415287"}],"curies":[{"name":"wp","href":"https:\/\/api.w.org\/{rel}","templated":true}]}}