{"id":415302,"date":"2019-02-14T00:04:13","date_gmt":"2019-02-14T06:04:13","guid":{"rendered":"https:\/\/www.diarioimagen.net\/?p=415302"},"modified":"2019-02-14T07:52:47","modified_gmt":"2019-02-14T13:52:47","slug":"educacion-de-reversa-papi-moctezuma-igual-a-la-cnte","status":"publish","type":"post","link":"https:\/\/www.diarioimagen.net\/?p=415302","title":{"rendered":"Educaci\u00f3n, de reversa papi;\u00a0Moctezuma, igual a la CNTE"},"content":{"rendered":"<h2>Espacio Electoral<\/h2>\n<h5>Eleazar Flores<\/h5>\n<p>&nbsp;<\/p>\n<p>La ret\u00f3rica del secretario de Educaci\u00f3n P\u00fablica, Esteban Moctezuma Barrag\u00e1n, empleada ante las Comisiones Unidas de Educaci\u00f3n y Puntos Constitucionales del Senado de la Rep\u00fablica, es igual al lenguaje de la Coordinadora Nacional de Trabajadores de la Educaci\u00f3n.<\/p>\n<p>Sobre todo en el rubro referente a la evaluaci\u00f3n educativa, tan odiada sobre todo por los dirigentes de la CNTE, que prefieren organizar marchas y bloquear v\u00edas f\u00e9rreas antes que examinarse.<\/p>\n<p>En su comparecencia de ayer en el Senado de la Rep\u00fablica, el burgomaestre Moctezuma Barrag\u00e1n en pocas palabras calific\u00f3 de \u201cfallida\u201d a la reforma educativa del sexenio pasado.<span class=\"Apple-converted-space\">\u00a0<\/span><\/p>\n<p>Tan fallida como el paso de don Esteban por la secretar\u00eda de Gobernaci\u00f3n a inicios del sexenio del presidente Ernesto Zedillo, all\u00e1 en el lejano 1994-1995, \u00bflo recuerda?, yo tampoco.<\/p>\n<p>Pues ahora resulta que Esteban Moctezuma desecha la reforma educativa del sexenio pasado para dar cabida a una ense\u00f1anza cuya punta de la hebra se desconoce pero eso s\u00ed, insiste que M\u00e9xico es fuerte e inteligente, -se le olvid\u00f3 agregar sabio como ya saben qui\u00e9n-, y que puede hacer su propio plan educativo que dejar\u00e1 atr\u00e1s el tema de la calidad.<\/p>\n<p>Se pronunci\u00f3 ante los legisladores por contar con una educaci\u00f3n donde el M\u00e9xico tradicional conozca al M\u00e9xico moderno y<span class=\"Apple-converted-space\">\u00a0 <\/span>ambos tambi\u00e9n conozcan al M\u00e9xico ind\u00edgena.<span class=\"Apple-converted-space\">\u00a0<\/span><\/p>\n<p>L\u00e1stima que a Don Esteban no se le haya cuestionado acerca del \u201cdestacado\u201d papel que los docentes centistas de Michoac\u00e1n tuvieron<span class=\"Apple-converted-space\">\u00a0 <\/span>durante casi un mes en el bloqueo de v\u00edas f\u00e9rreas.<\/p>\n<p>Esto porque es del dominio p\u00fablico que fueron los integrantes de esta Coordinadora Nacional de Trabajadores de la Educaci\u00f3n los m\u00e1s fuertes opositores a los sistemas evaluatorios programados por el Instituto Nacional para la Evaluaci\u00f3n de la Educaci\u00f3n, durante casi todo el sexenio pasado, lo que provoc\u00f3 confrontaciones violentas, sobre todo en Oaxaca, Guerrero, Chiapas y Michoac\u00e1n.<\/p>\n<p>A partir de hoy los integrantes de la CNTE de estas y otras entidades m\u00e1s estar\u00e1n festejando los pronunciamientos del titular de la SEP, Esteban Moctezuma, quien con su genial plan de educaci\u00f3n que se pondr\u00e1 en marcha alg\u00fan d\u00eda, habr\u00e1 cero evaluaciones e incluso se reincorporar\u00e1n aquellos docentes que por reprobar evaluaciones anteriores, fueron enviados a oficinas administrativas.<\/p>\n<p>De todo lo anterior se evidencian los grandes \u201caciertos\u201d del secretario de Educaci\u00f3n P\u00fablica, similares al pronunciamiento que en d\u00edas pasados hizo en el sentido de que \u201cpara ense\u00f1ar ingl\u00e9s no es necesario que el profesor conozca el idioma\u201d.<\/p>\n<p>Siendo el suyo el mejor juicio en torno al importante tema educativo, por ser formador de las nuevas generaciones, calcule si avanzamos o retrocedemos.<span class=\"Apple-converted-space\">\u00a0<\/span><\/p>\n<p><a href=\"mailto:elefa44@gmail.com\" target=\"_blank\" rel=\"noopener\"><em>elefa44@gmail.com<\/em><\/a><\/p>\n","protected":false},"excerpt":{"rendered":"<p><span style=\"color: #005497;\"><strong>Eleazar Flores<\/strong><\/span><\/p>\n","protected":false},"author":1,"featured_media":0,"comment_status":"open","ping_status":"open","sticky":false,"template":"","format":"standard","meta":{"_monsterinsights_skip_tracking":false,"_monsterinsights_sitenote_active":false,"_monsterinsights_sitenote_note":"","_monsterinsights_sitenote_category":0,"footnotes":""},"categories":[81743],"tags":[81744,81776,43674],"class_list":["post-415302","post","type-post","status-publish","format-standard","hentry","category-eleazar-flores","tag-eleazar-flores","tag-espacio-electoral","tag-opinion"],"_links":{"self":[{"href":"https:\/\/www.diarioimagen.net\/index.php?rest_route=\/wp\/v2\/posts\/415302","targetHints":{"allow":["GET"]}}],"collection":[{"href":"https:\/\/www.diarioimagen.net\/index.php?rest_route=\/wp\/v2\/posts"}],"about":[{"href":"https:\/\/www.diarioimagen.net\/index.php?rest_route=\/wp\/v2\/types\/post"}],"author":[{"embeddable":true,"href":"https:\/\/www.diarioimagen.net\/index.php?rest_route=\/wp\/v2\/users\/1"}],"replies":[{"embeddable":true,"href":"https:\/\/www.diarioimagen.net\/index.php?rest_route=%2Fwp%2Fv2%2Fcomments&post=415302"}],"version-history":[{"count":0,"href":"https:\/\/www.diarioimagen.net\/index.php?rest_route=\/wp\/v2\/posts\/415302\/revisions"}],"wp:attachment":[{"href":"https:\/\/www.diarioimagen.net\/index.php?rest_route=%2Fwp%2Fv2%2Fmedia&parent=415302"}],"wp:term":[{"taxonomy":"category","embeddable":true,"href":"https:\/\/www.diarioimagen.net\/index.php?rest_route=%2Fwp%2Fv2%2Fcategories&post=415302"},{"taxonomy":"post_tag","embeddable":true,"href":"https:\/\/www.diarioimagen.net\/index.php?rest_route=%2Fwp%2Fv2%2Ftags&post=415302"}],"curies":[{"name":"wp","href":"https:\/\/api.w.org\/{rel}","templated":true}]}}