{"id":415312,"date":"2019-02-15T00:07:50","date_gmt":"2019-02-15T06:07:50","guid":{"rendered":"https:\/\/www.diarioimagen.net\/?p=415312"},"modified":"2019-02-17T22:52:58","modified_gmt":"2019-02-18T04:52:58","slug":"ofrece-centro-cultural-mexiquense-opciones-de-esparcimiento-familiar","status":"publish","type":"post","link":"https:\/\/www.diarioimagen.net\/?p=415312","title":{"rendered":"Ofrecen m\u00e1s opciones de esparcimiento familiar"},"content":{"rendered":"<h2>Arco Norte<\/h2>\n<h5>Jos\u00e9 Luis Monta\u00f1ez Aguilar<\/h5>\n<p>&nbsp;<\/p>\n<div id=\"attachment_415313\" style=\"width: 470px\" class=\"wp-caption aligncenter\"><img loading=\"lazy\" decoding=\"async\" aria-describedby=\"caption-attachment-415313\" class=\"size-large wp-image-415313\" src=\"https:\/\/www.diarioimagen.net\/wp-content\/uploads\/2019\/02\/CULTURAL15-PORTAL-460x268.jpg\" alt=\"\" width=\"460\" height=\"268\" srcset=\"https:\/\/www.diarioimagen.net\/wp-content\/uploads\/2019\/02\/CULTURAL15-PORTAL-460x268.jpg 460w, https:\/\/www.diarioimagen.net\/wp-content\/uploads\/2019\/02\/CULTURAL15-PORTAL-240x140.jpg 240w, https:\/\/www.diarioimagen.net\/wp-content\/uploads\/2019\/02\/CULTURAL15-PORTAL.jpg 480w\" sizes=\"auto, (max-width: 460px) 100vw, 460px\" \/><p id=\"caption-attachment-415313\" class=\"wp-caption-text\">Los mexiquenses pueden disfrutar los domingos de exposiciones, funciones de cine, talleres, cuentacuentos y entre otras actividades.<\/p><\/div>\n<p>&nbsp;<\/p>\n<p>Ubicado en la Delegaci\u00f3n San Buenaventura de la ciudad de Toluca, el Centro Cultural Mexiquense ofrece a las familias una oferta de actividades dominicales que, sin duda, ser\u00e1n del agrado de chicos y grandes.<\/p>\n<p>Este espacio est\u00e1 ubicado en lo que fuera la hacienda \u201cLa Pila\u201d, de finales del siglo XIX, y abre sus puertas todos los domingos para que los visitantes participen de las actividades que la Secretar\u00eda de Cultura prepara para ti, como parte del programa \u201cAc\u00e9rcate los domingos al Centro Cultural Mexiquense\u201d.<\/p>\n<p>Este domingo 17 de febrero comienza la jornada a las 10:00 horas, cuando los museos de Antropolog\u00eda e Historia y Culturas Populares, abran sus puertas de manera gratuita, para mostrar las exposiciones \u201cLenguaje de la indumentaria femenina.<\/p>\n<p>Arte textil mazahua\u201d y \u201cVestidos de tradici\u00f3n.<\/p>\n<p>Por amor a M\u00e9xico\u201d, que se albergan en estos espacios muse\u00edsticos.<\/p>\n<p>A partir de las 12:00 horas, la Sala 2 de la Cineteca Mexiquense se llenar\u00e1 de m\u00fasica con la presentaci\u00f3n de la Orquesta ORVI con un concierto did\u00e1ctico, cuya agrupaci\u00f3n es parte del Programa de Est\u00edmulo a la Creaci\u00f3n y Desarrollo art\u00edstico 2018-2019 y quienes brindar\u00e1n un programa especial por el mes del amor.<\/p>\n<p>Posteriormente, a las 13:00 horas, se realizar\u00e1 el taller \u201cEl n\u00e1huatl que hablamos\u201d, a cargo de M\u00f3nica San Juan Balbuena y Mariana S\u00e1nchez Romero, de la Universidad Intercultural del Estado de M\u00e9xico, en San Felipe del Progreso, donde las y los visitantes podr\u00e1n aprender acerca de la lengua de este pueblo ind\u00edgena, por medio de un espect\u00e1culo-conferencia de narraci\u00f3n oral.<\/p>\n<p>Finalmente, a las 14:00 horas, Miriam Vel\u00e1zquez Vilchis, a trav\u00e9s de la lectura infantil, llevar\u00e1 a las ni\u00f1as y ni\u00f1os por un viaje con ayuda de su imaginaci\u00f3n y dentro de una \u201cLluvia de cuentos\u201d, en la Biblioteca P\u00fablica Central Estatal.<\/p>\n<p>Cada domingo est\u00e1n disponibles en los museos los talleres de pintura en cer\u00e1mica, figuras con dulce y chocolate, pintura en caballete infantil, cero fino, bisuter\u00eda, figuras de cuentas de pl\u00e1stico, manualidades con creatividad, nieve artesanal, bordado mazahua, me late chocolate, elaboraci\u00f3n de alebrijes y tejido en palma, talleres que tienen una cuota de recuperaci\u00f3n accesible a todo p\u00fablico.<\/p>\n<p><em><a href=\"mailto:montanezaguilar@gmail.com\" target=\"_blank\" rel=\"noopener\">montanezaguilar@gmail.com<\/a><\/em><\/p>\n","protected":false},"excerpt":{"rendered":"<p><span style=\"color: #005497;\">Jos\u00e9 Luis Monta\u00f1ez Aguilar<\/span><br \/>\n<br \/>\nUbicado en la Delegaci\u00f3n San Buenaventura de la ciudad de Toluca, el Centro Cultural Mexiquense ofrece a las familias una oferta de actividades dominicales que, sin duda, ser\u00e1n del agrado de chicos y grandes.<\/p>\n","protected":false},"author":5,"featured_media":415313,"comment_status":"open","ping_status":"open","sticky":false,"template":"","format":"standard","meta":{"_monsterinsights_skip_tracking":false,"_monsterinsights_sitenote_active":false,"_monsterinsights_sitenote_note":"","_monsterinsights_sitenote_category":0,"footnotes":""},"categories":[5],"tags":[13284,8813,82876,43704,43674,452],"class_list":["post-415312","post","type-post","status-publish","format-standard","has-post-thumbnail","hentry","category-estado-de-mexico","tag-arco-norte","tag-centro-cultural-mexiquense","tag-esparcimiento-familiar","tag-jose-luis-montanez-aguilar","tag-opinion","tag-toluca"],"_links":{"self":[{"href":"https:\/\/www.diarioimagen.net\/index.php?rest_route=\/wp\/v2\/posts\/415312","targetHints":{"allow":["GET"]}}],"collection":[{"href":"https:\/\/www.diarioimagen.net\/index.php?rest_route=\/wp\/v2\/posts"}],"about":[{"href":"https:\/\/www.diarioimagen.net\/index.php?rest_route=\/wp\/v2\/types\/post"}],"author":[{"embeddable":true,"href":"https:\/\/www.diarioimagen.net\/index.php?rest_route=\/wp\/v2\/users\/5"}],"replies":[{"embeddable":true,"href":"https:\/\/www.diarioimagen.net\/index.php?rest_route=%2Fwp%2Fv2%2Fcomments&post=415312"}],"version-history":[{"count":0,"href":"https:\/\/www.diarioimagen.net\/index.php?rest_route=\/wp\/v2\/posts\/415312\/revisions"}],"wp:featuredmedia":[{"embeddable":true,"href":"https:\/\/www.diarioimagen.net\/index.php?rest_route=\/wp\/v2\/media\/415313"}],"wp:attachment":[{"href":"https:\/\/www.diarioimagen.net\/index.php?rest_route=%2Fwp%2Fv2%2Fmedia&parent=415312"}],"wp:term":[{"taxonomy":"category","embeddable":true,"href":"https:\/\/www.diarioimagen.net\/index.php?rest_route=%2Fwp%2Fv2%2Fcategories&post=415312"},{"taxonomy":"post_tag","embeddable":true,"href":"https:\/\/www.diarioimagen.net\/index.php?rest_route=%2Fwp%2Fv2%2Ftags&post=415312"}],"curies":[{"name":"wp","href":"https:\/\/api.w.org\/{rel}","templated":true}]}}