{"id":415315,"date":"2019-02-15T00:04:58","date_gmt":"2019-02-15T06:04:58","guid":{"rendered":"https:\/\/www.diarioimagen.net\/?p=415315"},"modified":"2019-02-15T00:51:44","modified_gmt":"2019-02-15T06:51:44","slug":"busca-imepi-inhibir-uso-de-fuegos-artificiales-en-menores","status":"publish","type":"post","link":"https:\/\/www.diarioimagen.net\/?p=415315","title":{"rendered":"Busca IMEPI inhibir uso de fuegos artificiales en menores"},"content":{"rendered":"<ul>\n<li><em><strong>Taller de \u201cPrevenci\u00f3n de accidentes por mal uso de pirotecnia\u201d, en primaria<\/strong><\/em><\/li>\n<\/ul>\n<p>&nbsp;<\/p>\n<div id=\"attachment_415316\" style=\"width: 470px\" class=\"wp-caption aligncenter\"><img loading=\"lazy\" decoding=\"async\" aria-describedby=\"caption-attachment-415316\" class=\"size-large wp-image-415316\" src=\"https:\/\/www.diarioimagen.net\/wp-content\/uploads\/2019\/02\/PIROTECNIA15-PORTAL-460x268.jpg\" alt=\"\" width=\"460\" height=\"268\" srcset=\"https:\/\/www.diarioimagen.net\/wp-content\/uploads\/2019\/02\/PIROTECNIA15-PORTAL-460x268.jpg 460w, https:\/\/www.diarioimagen.net\/wp-content\/uploads\/2019\/02\/PIROTECNIA15-PORTAL-240x140.jpg 240w, https:\/\/www.diarioimagen.net\/wp-content\/uploads\/2019\/02\/PIROTECNIA15-PORTAL.jpg 480w\" sizes=\"auto, (max-width: 460px) 100vw, 460px\" \/><p id=\"caption-attachment-415316\" class=\"wp-caption-text\">El Imepi imparti\u00f3 el Taller de \u201cPrevenci\u00f3n de accidentes por mal uso de pirotecnia\u201d, en la Primaria \u201cAlfredo Del Mazo\u201d, en Xalatlaco.<\/p><\/div>\n<p>&nbsp;<\/p>\n<p><strong>Xalatlaco, Estado de M\u00e9xico<\/strong>.- Para hacer visibles los riesgos que implica el manejo de la pirotecnia y alertar sobre las\u00a0consecuencias que puede tener su uso en ni\u00f1as, ni\u00f1os y adolescentes, el Instituto Mexiquense de la Pirotecnia (Imepi), imparti\u00f3 el Taller de \u201cPrevenci\u00f3n de accidentes por mal uso de pirotecnia\u201d, en la Primaria \u201cAlfredo Del Mazo\u201d,\u00a0 ubicada en el municipio de Xalatlaco.<\/p>\n<p>Con la presencia del Subdirector de Capacitaci\u00f3n e Innovaci\u00f3n Tecnol\u00f3gica del Imepi, Ram\u00f3n Calder\u00f3n Contreras, y la Presidenta del Sistema DIF Municipal, Mireya Villasana Salda\u00f1a, se capacitaron a m\u00e1s de\u00a0 900 alumnos de entre seis y 12 a\u00f1os de edad, as\u00ed como 30 profesores y personal administrativo.<\/p>\n<p>Cabe destacar que este taller ser\u00e1 impartido en todas las primarias de este municipio durante los meses de febrero, marzo, abril y mayo, donde los asistentes aprender\u00e1n medidas b\u00e1sicas de seguridad como \u00bfqui\u00e9n debe encender un artificio pirot\u00e9cnico?, \u00bfc\u00f3mo debe de encenderse?, las distancias m\u00ednimas de seguridad, as\u00ed como los posibles accidentes que pueden presentarse, entre otros temas.<\/p>\n<p>Con estas actividades, el Imepi y Protecci\u00f3n Civil municipal, colaboran para que los participantes conozcan el manejo responsable de artificios pirot\u00e9cnicos, as\u00ed como sus riesgos, pero sobre todo para dejar claro que el manejo de la pirotecnia no debe ser manipulada por los menores porque no es un juguete.<\/p>\n","protected":false},"excerpt":{"rendered":"<p>Para hacer visibles los riesgos que implica el manejo de la pirotecnia y alertar sobre las\u00a0consecuencias que puede tener su uso en ni\u00f1as, ni\u00f1os y adolescentes, el Instituto Mexiquense de la Pirotecnia (Imepi), imparti\u00f3 el Taller de \u201cPrevenci\u00f3n de accidentes por mal uso de pirotecnia\u201d, en la Primaria \u201cAlfredo Del Mazo\u201d,\u00a0 ubicada en el municipio de Xalatlaco.<\/p>\n","protected":false},"author":5,"featured_media":415316,"comment_status":"open","ping_status":"open","sticky":false,"template":"","format":"standard","meta":{"_monsterinsights_skip_tracking":false,"_monsterinsights_sitenote_active":false,"_monsterinsights_sitenote_note":"","_monsterinsights_sitenote_category":0,"footnotes":""},"categories":[35155],"tags":[82878,43675,82877,82879,3511],"class_list":["post-415315","post","type-post","status-publish","format-standard","has-post-thumbnail","hentry","category-estado-de-mexico-estado-de-mexico","tag-busca-imepi","tag-estado-de-mexico","tag-fuegos-artificiales","tag-primaria-alfredo-del-mazo","tag-xalatlaco"],"_links":{"self":[{"href":"https:\/\/www.diarioimagen.net\/index.php?rest_route=\/wp\/v2\/posts\/415315","targetHints":{"allow":["GET"]}}],"collection":[{"href":"https:\/\/www.diarioimagen.net\/index.php?rest_route=\/wp\/v2\/posts"}],"about":[{"href":"https:\/\/www.diarioimagen.net\/index.php?rest_route=\/wp\/v2\/types\/post"}],"author":[{"embeddable":true,"href":"https:\/\/www.diarioimagen.net\/index.php?rest_route=\/wp\/v2\/users\/5"}],"replies":[{"embeddable":true,"href":"https:\/\/www.diarioimagen.net\/index.php?rest_route=%2Fwp%2Fv2%2Fcomments&post=415315"}],"version-history":[{"count":0,"href":"https:\/\/www.diarioimagen.net\/index.php?rest_route=\/wp\/v2\/posts\/415315\/revisions"}],"wp:featuredmedia":[{"embeddable":true,"href":"https:\/\/www.diarioimagen.net\/index.php?rest_route=\/wp\/v2\/media\/415316"}],"wp:attachment":[{"href":"https:\/\/www.diarioimagen.net\/index.php?rest_route=%2Fwp%2Fv2%2Fmedia&parent=415315"}],"wp:term":[{"taxonomy":"category","embeddable":true,"href":"https:\/\/www.diarioimagen.net\/index.php?rest_route=%2Fwp%2Fv2%2Fcategories&post=415315"},{"taxonomy":"post_tag","embeddable":true,"href":"https:\/\/www.diarioimagen.net\/index.php?rest_route=%2Fwp%2Fv2%2Ftags&post=415315"}],"curies":[{"name":"wp","href":"https:\/\/api.w.org\/{rel}","templated":true}]}}