{"id":415318,"date":"2019-02-15T00:05:56","date_gmt":"2019-02-15T06:05:56","guid":{"rendered":"https:\/\/www.diarioimagen.net\/?p=415318"},"modified":"2019-02-15T00:51:09","modified_gmt":"2019-02-15T06:51:09","slug":"brinda-edomex-atencion-especializada-en-cancer-infantil","status":"publish","type":"post","link":"https:\/\/www.diarioimagen.net\/?p=415318","title":{"rendered":"Brinda Edomex atenci\u00f3n especializada en c\u00e1ncer infantil"},"content":{"rendered":"<ul>\n<li><em><strong>El padecimiento m\u00e1s com\u00fan es la leucemia linfobl\u00e1stica aguda<\/strong><\/em><\/li>\n<\/ul>\n<p>&nbsp;<\/p>\n<div id=\"attachment_415319\" style=\"width: 470px\" class=\"wp-caption aligncenter\"><img loading=\"lazy\" decoding=\"async\" aria-describedby=\"caption-attachment-415319\" class=\"size-large wp-image-415319\" src=\"https:\/\/www.diarioimagen.net\/wp-content\/uploads\/2019\/02\/CANCER15-PORTAL-460x268.jpg\" alt=\"\" width=\"460\" height=\"268\" srcset=\"https:\/\/www.diarioimagen.net\/wp-content\/uploads\/2019\/02\/CANCER15-PORTAL-460x268.jpg 460w, https:\/\/www.diarioimagen.net\/wp-content\/uploads\/2019\/02\/CANCER15-PORTAL-240x140.jpg 240w, https:\/\/www.diarioimagen.net\/wp-content\/uploads\/2019\/02\/CANCER15-PORTAL.jpg 480w\" sizes=\"auto, (max-width: 460px) 100vw, 460px\" \/><p id=\"caption-attachment-415319\" class=\"wp-caption-text\">El c\u00e1ncer infantil es la principal causa de muerte por enfermedad en los menores de cinco a 14 a\u00f1os de edad.<\/p><\/div>\n<p>&nbsp;<\/p>\n<p><strong>Toluca, Estado de M\u00e9xico<\/strong>.- En el marco del D\u00eda Internacional del C\u00e1ncer Infantil, que se conmemora cada 15 de febrero, la Secretar\u00eda de Salud del Estado de M\u00e9xico informa que el padecimiento oncol\u00f3gico m\u00e1s com\u00fan en este sector de la poblaci\u00f3n es la leucemia linfobl\u00e1stica aguda, pues representa m\u00e1s del 50 por ciento de los casos.<\/p>\n<p>Los s\u00edntomas de esta clase de patolog\u00eda son que el peque\u00f1o reduce dr\u00e1sticamente sus actividades de juego, pierde peso, se pone p\u00e1lido y ante cualquier m\u00ednimo golpe, aparecen grandes moretones, adicionalmente puede presentar sangrado por la nariz y fiebre sin causa aparente.<\/p>\n<p>El segundo tipo de c\u00e1ncer que se presenta en la poblaci\u00f3n infantil son los tumores cerebrales malignos, que ocasionan dolor de cabeza persistente, mareos, convulsiones, v\u00f3mito y n\u00e1useas.<\/p>\n<p>Actualmente, a trav\u00e9s del Hospital para el Ni\u00f1o del Instituto Materno Infantil del Estado de M\u00e9xico (IMIEM), se brinda atenci\u00f3n a 600 peque\u00f1os con estos problemas y cada a\u00f1o ingresan -en promedio- 110 nuevos pacientes relacionados con patolog\u00edas oncol\u00f3gicas, por lo que mensualmente aplica cerca de mil 300 quimioterapias.<\/p>\n<p>El c\u00e1ncer infantil es la principal causa de muerte por enfermedad en los menores de cinco a 14 a\u00f1os de edad y tiene altas posibilidades de cura cuando es detectado en etapas tempranas.<\/p>\n<p>Especialistas de este nosocomio pedi\u00e1trico se\u00f1alan que los peque\u00f1os de cero a 18 meses deben ser revisados por el pediatra una vez al mes y posteriormente, aunque el ni\u00f1o en edad escolar aparente estar sano, debe acudir a consulta pedi\u00e1trica por lo menos una vez al a\u00f1o.<\/p>\n<p>El Hospital para el Ni\u00f1o del IMIEM, es el \u00fanico a nivel estatal que cuenta con tecnolog\u00eda de punta para el diagn\u00f3stico y tratamiento de los pacientes con estos tipos de c\u00e1ncer, as\u00ed como con personal capacitado.<\/p>\n<p>La Secretar\u00eda de Salud exhorta a los padres de familia a revisar de manera constante a sus hijos y acudir de inmediato al m\u00e9dico en caso de detectar bolitas en el abdomen, test\u00edculos o cualquier otra parte del cuerpo que aparezcan sin raz\u00f3n aparente.<\/p>\n","protected":false},"excerpt":{"rendered":"<p>En el marco del D\u00eda Internacional del C\u00e1ncer Infantil, que se conmemora cada 15 de febrero, la Secretar\u00eda de Salud del Estado de M\u00e9xico informa que el padecimiento oncol\u00f3gico m\u00e1s com\u00fan en este sector de la poblaci\u00f3n es la leucemia linfobl\u00e1stica aguda, pues representa m\u00e1s del 50 por ciento de los casos.<\/p>\n","protected":false},"author":5,"featured_media":415319,"comment_status":"open","ping_status":"open","sticky":false,"template":"","format":"standard","meta":{"_monsterinsights_skip_tracking":false,"_monsterinsights_sitenote_active":false,"_monsterinsights_sitenote_note":"","_monsterinsights_sitenote_category":0,"footnotes":""},"categories":[35155],"tags":[82881,82880,43675,82882,452],"class_list":["post-415318","post","type-post","status-publish","format-standard","has-post-thumbnail","hentry","category-estado-de-mexico-estado-de-mexico","tag-brinda-edomex","tag-cancer-infantil","tag-estado-de-mexico","tag-leucemia-linfoblastica-aguda","tag-toluca"],"_links":{"self":[{"href":"https:\/\/www.diarioimagen.net\/index.php?rest_route=\/wp\/v2\/posts\/415318","targetHints":{"allow":["GET"]}}],"collection":[{"href":"https:\/\/www.diarioimagen.net\/index.php?rest_route=\/wp\/v2\/posts"}],"about":[{"href":"https:\/\/www.diarioimagen.net\/index.php?rest_route=\/wp\/v2\/types\/post"}],"author":[{"embeddable":true,"href":"https:\/\/www.diarioimagen.net\/index.php?rest_route=\/wp\/v2\/users\/5"}],"replies":[{"embeddable":true,"href":"https:\/\/www.diarioimagen.net\/index.php?rest_route=%2Fwp%2Fv2%2Fcomments&post=415318"}],"version-history":[{"count":0,"href":"https:\/\/www.diarioimagen.net\/index.php?rest_route=\/wp\/v2\/posts\/415318\/revisions"}],"wp:featuredmedia":[{"embeddable":true,"href":"https:\/\/www.diarioimagen.net\/index.php?rest_route=\/wp\/v2\/media\/415319"}],"wp:attachment":[{"href":"https:\/\/www.diarioimagen.net\/index.php?rest_route=%2Fwp%2Fv2%2Fmedia&parent=415318"}],"wp:term":[{"taxonomy":"category","embeddable":true,"href":"https:\/\/www.diarioimagen.net\/index.php?rest_route=%2Fwp%2Fv2%2Fcategories&post=415318"},{"taxonomy":"post_tag","embeddable":true,"href":"https:\/\/www.diarioimagen.net\/index.php?rest_route=%2Fwp%2Fv2%2Ftags&post=415318"}],"curies":[{"name":"wp","href":"https:\/\/api.w.org\/{rel}","templated":true}]}}