{"id":415324,"date":"2019-02-15T00:08:16","date_gmt":"2019-02-15T06:08:16","guid":{"rendered":"https:\/\/www.diarioimagen.net\/?p=415324"},"modified":"2019-02-17T22:52:52","modified_gmt":"2019-02-18T04:52:52","slug":"corte-no-se-ajusta-a-la-conducta-de-quien-imparte-justicia-amlo","status":"publish","type":"post","link":"https:\/\/www.diarioimagen.net\/?p=415324","title":{"rendered":"La Corte no se ajusta a la conducta de quien imparte justicia: AMLO"},"content":{"rendered":"<ul>\n<li><em><strong>Revira tras rev\u00e9s de la SCJN por ley de salarios<\/strong><\/em><\/li>\n<li><em><strong>Descarta reforma para desaparecer organismos aut\u00f3nomos<\/strong><\/em><\/li>\n<\/ul>\n<p>&nbsp;<\/p>\n<div id=\"attachment_415325\" style=\"width: 470px\" class=\"wp-caption aligncenter\"><img loading=\"lazy\" decoding=\"async\" aria-describedby=\"caption-attachment-415325\" class=\"size-large wp-image-415325\" src=\"https:\/\/www.diarioimagen.net\/wp-content\/uploads\/2019\/02\/AMLO15-portal-460x268.jpg\" alt=\"\" width=\"460\" height=\"268\" srcset=\"https:\/\/www.diarioimagen.net\/wp-content\/uploads\/2019\/02\/AMLO15-portal-460x268.jpg 460w, https:\/\/www.diarioimagen.net\/wp-content\/uploads\/2019\/02\/AMLO15-portal-240x140.jpg 240w, https:\/\/www.diarioimagen.net\/wp-content\/uploads\/2019\/02\/AMLO15-portal.jpg 480w\" sizes=\"auto, (max-width: 460px) 100vw, 460px\" \/><p id=\"caption-attachment-415325\" class=\"wp-caption-text\">Andr\u00e9s Manuel L\u00f3pez Obrador afirm\u00f3 que en la luvcha contra el huachicoleo se tienen ahorros importantes de casi cinco mil millones de pesos, hasta el momento, y si se continua de esa manera se pueden alcanzar 50 mil millones de pesos en el a\u00f1o.<\/p><\/div>\n<p>&nbsp;<\/p>\n<p>El presidente Andr\u00e9s Manuel L\u00f3pez Obrador se\u00f1al\u00f3 que el gobierno de M\u00e9xico no dar\u00e1 marcha atr\u00e1s en su plan de austeridad y mantendr\u00e1 la reducci\u00f3n de salarios de altos funcionarios, a pesar de la decisi\u00f3n de la Suprema Corte de Justicia de la Naci\u00f3n (SCJN) en la impugnaci\u00f3n por la aplicaci\u00f3n de la Ley Federal de Remuneraciones de los Servidores P\u00fablicos.<\/p>\n<p>Consider\u00f3 que por el contrario, aquellos que est\u00e1n solicitando mantener esos sueldos \u201cdeber\u00edan ofrecerle disculpas a los mexicanos porque es una ofensa que en un pa\u00eds con tanta pobreza, con tanta necesidad haya esas extravaganzas, esos sueldos ofensivos. Esa es mi opini\u00f3n, respetando la autonom\u00eda del Poder Judicial\u201d.<\/p>\n<p>Durante su conferencia de prensa matutina, el Presidente dijo que la decisi\u00f3n de la SCJN no se ajusta \u201ca la conducta de quien imparte justicia\u201d. \u201cLa decisi\u00f3n de la Corte es un asunto legal que se tiene que resolver de esa manera. Consider\u00f3 que no se ajusta a lo que tiene que hacer, a la conducta de quien imparte justicia, y nosotros no vamos a modificar nuestro plan\u201d, dijo L\u00f3pez Obrador.<\/p>\n<p>Afirm\u00f3 que los funcionarios se han amparado.<\/p>\n<p>El mi\u00e9rcoles, L\u00f3pez Obrador sufri\u00f3 su primer rev\u00e9s en la Corte, que declar\u00f3 infundada su intenci\u00f3n de dejar sin efecto la suspensi\u00f3n que impide la aplicaci\u00f3n de la ley.<\/p>\n<p style=\"text-align: center;\"><strong>Medidas extraordinarias para Pemex<\/strong><\/p>\n<p>Previ\u00f3 que este viernes, presentar\u00e1n el plan de medidas extraordinarias para Pemex, por lo que trabaja con la Secretar\u00eda de Hacienda, y reiter\u00f3 que se apoyar\u00e1 a Pemex para su rescate, al igual que a la Comisi\u00f3n Federal de Electricidad.<\/p>\n<p>A Pemex, dijo, se le quitar\u00e1 la carga fiscal y no hay l\u00edmites para el apoyo, porque se trata de una empresa estrat\u00e9gica y fundamental para la naci\u00f3n, y ha sido muy maltratada, \u201cpor decir lo menos, una empresa que fue saqueada, sobre todo en este periodo neoliberal de las empresas con m\u00e1s corrupci\u00f3n en el mundo\u201d.<\/p>\n<p>A\u00f1adi\u00f3 que no afecta en el ejercicio del presupuesto el apoyo a Pemex, y se tiene el presupuesto suficiente para financiar los programas de Bienestar, por lo que no se recurrir\u00e1 a deuda, \u201cno vamos a caer en d\u00e9ficit, no van a aumentar los impuestos, no va a haber gasolinazos. Vamos a salir sin problema\u201d.<\/p>\n<p><strong>Descarta reforma para desaparecer organismo aut\u00f3nomos<\/strong><\/p>\n<p>Al descartar alguna reforma constitucional para desaparecer \u00f3rganos aut\u00f3nomos y reguladores por cr\u00edticas en este tema, El Presidente calific\u00f3 de \u201cleguleyos\u201d a los impulsores del gobierno paralelo que cre\u00f3 una constelaci\u00f3n de \u00f3rganos aut\u00f3nomos en el periodo neoliberal para favorecer a las minor\u00edas y para simular.<\/p>\n<p>\u201cYa lo vimos en el caso del Instituto de Transparencia, mil millones de pesos, cuesta, y sus decisiones tienen que ver con mantener en secreto asuntos de inter\u00e9s pol\u00edtico de minor\u00edas, pero as\u00ed est\u00e1n todos, sobre todo esto que crearon las comisiones, organismos reguladores en el sector energ\u00e9tico, todo lo que produjo la llamada reforma energ\u00e9tica\u201d, se\u00f1al\u00f3.<\/p>\n<p>A\u00f1adi\u00f3 que afortunadamente se les est\u00e1 venciendo los plazos y los contratos de estos servidores p\u00fablicos y de acuerdo a la ley pueden haber cambios y renovaci\u00f3n, \u201cpero no nos vamos a meter a hacer reformas constituciones para quitarlos nada m\u00e1s con que ya no puedan hacer negocios\u201d, nada m\u00e1s con eso.<\/p>\n<p style=\"text-align: center;\"><strong>\u201cHay mafias en todo, hasta en la ciencia\u201d<\/strong><\/p>\n<p>Sobre el tema del Conacyt, tras la baja de Edith Arrieta Meza, quien fue invitada a colaborar en el CIBIOGEM, y el caso de David Alexis Ledesma, subdirector de Comunicaci\u00f3n Social sin la carrera concluida, coment\u00f3 que se procura que en todo el gobierno no haya ninguna anomal\u00eda.<\/p>\n<p>Luego de comentar que la directora del Conacyt hable con los medios de comunicaci\u00f3n, advirti\u00f3 \u201cno se va a tolerar corrupci\u00f3n, no se va a permitir influyentismo, amiguismo, nepotismo, ninguna de esas lacras de la pol\u00edtica, lo que se ven\u00edan haciendo, no se va a permitir, entonces todo lo que aqu\u00ed se ponga a consideraci\u00f3n se va a investigar y se aclara todo\u201d.<\/p>\n<p>\u201cQue ella informe, porque hay toda una campa\u00f1a tambi\u00e9n, y es importante tambi\u00e9n ventilarlo todo, est\u00e1n muy molestos algunos del Conacyt, los machuchones, porque hay mafias en todo, hasta en la ciencia, mafia, aunque parezca incre\u00edble en la cultura, en la intelectualidad, cotos de poder\u201d, sostuvo.<\/p>\n<p>A\u00f1adi\u00f3 que tiene le tiene confianza a la directora del Conacyt, porque se trata de una mujer no s\u00f3lo inteligente, es Premio Nacional de Ciencias 2017; es honesta, con convicciones, pero se debe ventilar este asunto. Asimismo, abund\u00f3 que ser\u00e1 el Senado de la Rep\u00fablica quien decida sobre las cuatro ternas que envi\u00f3 con nombres de 12 t\u00e9cnicos para la Comisi\u00f3n Reguladora de Energ\u00eda y determinar\u00e1n si cumplen con la experiencia y los requisitos.<\/p>\n<p>Tras comentar que la Universidad Nacional Aut\u00f3noma de M\u00e9xico (UNAM) es una gran universidad con primeros lugares de conocimiento en el mundo, fue muy maltratada en el periodo neoliberal y se le estigmatiz\u00f3, agreg\u00f3 que entre las propuestas, hay dos personas que estuvieron trabajando en su administraci\u00f3n que cuentan con capacidad, uno es ingeniera petrolera y otro es qu\u00edmico.<\/p>\n<p>Adelant\u00f3 que se prepara una gran campa\u00f1a de medios dirigida a los j\u00f3venes para evitar el consumo de drogas y se har\u00e1 uso de los tiempos oficiales, se convocar\u00e1 los mejores creativos, a la gente con m\u00e1s capacitaci\u00f3n, talento y a quienes conocen del problema de las adicciones para evitar el consumo de drogas.<\/p>\n<p>Asimismo, se har\u00e1 una convocatoria a gente especializada en este tema con enfoque social y de fortalecimiento de valores morales, culturales, espirituales y tiene la instrucci\u00f3n el vocero Jes\u00fas Ram\u00edrez, preparar esta campa\u00f1a para lo cual se hablar\u00e1 con todos los medios de informaci\u00f3n.<\/p>\n<p>Sobre la creaci\u00f3n de la nueva central sindical encabezada por el l\u00edder minero Napole\u00f3n G\u00f3mez Urrutia, abund\u00f3 que habr\u00e1 libertad total, \u201clibertad sindical, democracia sindical, no intervenci\u00f3n del Gobierno en la vida interna de los sindicatos, no impedir la asociaci\u00f3n, el que trabajadores se puedan agrupar libremente\u201d.<\/p>\n<p>El cambio en esta materia, es que no hay sindicatos promovidos por el gobierno, amparados o protegidos por el gobierno, ni dirigentes sindicales subordinados o apoyados por el gobierno, por lo que debe haber democracia sindical y que los trabajadores elijan libremente a sus representantes, y que no haya monopolios. En otro tema, coment\u00f3 que este mi\u00e9rcoles tuvo conocimiento de una acci\u00f3n conjunta de la Polic\u00eda Federal en apoyo de la Fiscal\u00eda general en Puebla, donde se actu\u00f3 y se detuvo a personas y se encontraron dep\u00f3sito de distribuci\u00f3n de gas clandestinos con pipas, incluso, en flagrancia.<\/p>\n<p style=\"text-align: center;\"><strong>Se disculpa con ex funcionarios que acus\u00f3 por deterioro en la CFE<\/strong><\/p>\n<p>El mandatario ofreci\u00f3 disculpas a los ex funcionarios que se\u00f1al\u00f3 por presuntos conflictos de inter\u00e9s en detrimento de la Comisi\u00f3n Federal de Electricidad, pues sostuvo que \u201cno es nada m\u00e1s decir nombres\u201d sino \u201cuna inmoralidad\u201d que debe conocer el pueblo.<\/p>\n<p>En su conferencia matutina, el mandatario asegur\u00f3 que \u201ces un acto inmoral, que me lo pueden alegar, pero lo son\u201d, pues argument\u00f3 que un ex servidor p\u00fablico no puede usar los conocimientos de su cargo para despu\u00e9s convertirse en asesor de una empresa que buscar\u00e1 un contrato en la misma \u00e1rea en que labor\u00f3, como sucedi\u00f3 con el caso del sector energ\u00e9tico.<\/p>\n<p>\u201cLas pruebas son las que se presentaron, todos ellos son miembros de consejos de administraci\u00f3n de empresas vinculadas a las \u00e1reas que ellos ten\u00edan encomendadas como servidores p\u00fablicos, entonces s\u00ed es una inmoralidad.<\/p>\n<p>\u201cY no es nada m\u00e1s decir nombres y ofrezco disculpas, les ofrezco disculpas, pero se pasaron. No es ilegal, pero es una inmoralidad sin duda, eso es lo que se dijo, no con \u00e1nimo de afectar a nadie, es s\u00f3lo decir, esto es lo que pasaba porque la gente me pide que se separe el poder econ\u00f3mico con el pol\u00edtico, que ning\u00fan grupo por poderoso que sea se adue\u00f1e del gobierno\u201d.<\/p>\n<p>L\u00f3pez Obrador insisti\u00f3 en que luego de la contienda electoral, los mexicanos votaron por un cambio y es su deber cumplir con este mandato.<\/p>\n<p>Reiter\u00f3 que se dar\u00e1 vista a la Fiscal\u00eda General de la Rep\u00fablica (FGR) para que se indague a los diez ex funcionarios p\u00fablicos, a quienes hace unos d\u00edas acus\u00f3 de posibles conflictos de inter\u00e9s.<\/p>\n","protected":false},"excerpt":{"rendered":"<p>El presidente Andr\u00e9s Manuel L\u00f3pez Obrador se\u00f1al\u00f3 que el gobierno de M\u00e9xico no dar\u00e1 marcha atr\u00e1s en su plan de austeridad y mantendr\u00e1 la reducci\u00f3n de salarios de altos funcionarios, a pesar de la decisi\u00f3n de la Suprema Corte de Justicia de la Naci\u00f3n (SCJN) en la impugnaci\u00f3n por la aplicaci\u00f3n de la Ley Federal de Remuneraciones de los Servidores P\u00fablicos.<\/p>\n","protected":false},"author":5,"featured_media":415325,"comment_status":"open","ping_status":"open","sticky":false,"template":"","format":"standard","meta":{"_monsterinsights_skip_tracking":false,"_monsterinsights_sitenote_active":false,"_monsterinsights_sitenote_note":"","_monsterinsights_sitenote_category":0,"footnotes":""},"categories":[3],"tags":[2545,82886,81020,8314,82885,1584,570],"class_list":["post-415324","post","type-post","status-publish","format-standard","has-post-thumbnail","hentry","category-nacional","tag-amlo","tag-ley-federal-de-remuneraciones-de-los-servidores-publicos","tag-lopez-obrador","tag-napoleon-gomez-urrutia","tag-quien-imparte-justicia","tag-suprema-corte-de-justicia-de-la-nacion","tag-unam"],"_links":{"self":[{"href":"https:\/\/www.diarioimagen.net\/index.php?rest_route=\/wp\/v2\/posts\/415324","targetHints":{"allow":["GET"]}}],"collection":[{"href":"https:\/\/www.diarioimagen.net\/index.php?rest_route=\/wp\/v2\/posts"}],"about":[{"href":"https:\/\/www.diarioimagen.net\/index.php?rest_route=\/wp\/v2\/types\/post"}],"author":[{"embeddable":true,"href":"https:\/\/www.diarioimagen.net\/index.php?rest_route=\/wp\/v2\/users\/5"}],"replies":[{"embeddable":true,"href":"https:\/\/www.diarioimagen.net\/index.php?rest_route=%2Fwp%2Fv2%2Fcomments&post=415324"}],"version-history":[{"count":0,"href":"https:\/\/www.diarioimagen.net\/index.php?rest_route=\/wp\/v2\/posts\/415324\/revisions"}],"wp:featuredmedia":[{"embeddable":true,"href":"https:\/\/www.diarioimagen.net\/index.php?rest_route=\/wp\/v2\/media\/415325"}],"wp:attachment":[{"href":"https:\/\/www.diarioimagen.net\/index.php?rest_route=%2Fwp%2Fv2%2Fmedia&parent=415324"}],"wp:term":[{"taxonomy":"category","embeddable":true,"href":"https:\/\/www.diarioimagen.net\/index.php?rest_route=%2Fwp%2Fv2%2Fcategories&post=415324"},{"taxonomy":"post_tag","embeddable":true,"href":"https:\/\/www.diarioimagen.net\/index.php?rest_route=%2Fwp%2Fv2%2Ftags&post=415324"}],"curies":[{"name":"wp","href":"https:\/\/api.w.org\/{rel}","templated":true}]}}