{"id":415328,"date":"2019-02-15T00:11:40","date_gmt":"2019-02-15T06:11:40","guid":{"rendered":"https:\/\/www.diarioimagen.net\/?p=415328"},"modified":"2019-02-14T23:13:11","modified_gmt":"2019-02-15T05:13:11","slug":"entrega-del-mazo-equipamiento-para-la-universidad-intercultural-del-edomex","status":"publish","type":"post","link":"https:\/\/www.diarioimagen.net\/?p=415328","title":{"rendered":"Entregan equipamiento en la Universidad Intercultural"},"content":{"rendered":"<ul>\n<li><strong><em>Impulsan diversidad \u00e9tnica y cultural<\/em><\/strong><\/li>\n<li><strong><em>Reciben alumnos estudio de televisi\u00f3n y cabinas de radio, entre otros<\/em><\/strong><\/li>\n<\/ul>\n<p>&nbsp;<\/p>\n<div id=\"attachment_415329\" style=\"width: 470px\" class=\"wp-caption aligncenter\"><img loading=\"lazy\" decoding=\"async\" aria-describedby=\"caption-attachment-415329\" class=\"wp-image-415329 size-large\" src=\"https:\/\/www.diarioimagen.net\/wp-content\/uploads\/2019\/02\/DEL-MAZO15-portal-460x268.jpg\" alt=\"\" width=\"460\" height=\"268\" srcset=\"https:\/\/www.diarioimagen.net\/wp-content\/uploads\/2019\/02\/DEL-MAZO15-portal-460x268.jpg 460w, https:\/\/www.diarioimagen.net\/wp-content\/uploads\/2019\/02\/DEL-MAZO15-portal-240x140.jpg 240w, https:\/\/www.diarioimagen.net\/wp-content\/uploads\/2019\/02\/DEL-MAZO15-portal.jpg 480w\" sizes=\"auto, (max-width: 460px) 100vw, 460px\" \/><p id=\"caption-attachment-415329\" class=\"wp-caption-text\">Alfredo Del Mazo entreg\u00f3 infraestructura y equipamiento a la Universidad Intercultural del Estado de M\u00e9xico.<\/p><\/div>\n<p>&nbsp;<\/p>\n<p><strong>San Felipe del Progreso, Estado de M\u00e9xico<\/strong>.- El gobernador Alfredo Del Mazo entreg\u00f3 infraestructura y equipamiento a la Universidad Intercultural del Estado de M\u00e9xico (UIEM), entre los que destacan un estudio de televisi\u00f3n, el Centro de Ense\u00f1anza e Investigaci\u00f3n en Lengua y Cultura, cabinas de radio, salas de parto en agua y humanizado, entre otros.<\/p>\n<p>\u201cSon instalaciones que valen much\u00edsimo la pena que podamos promover, que podamos reconocer, que podamos dar a conocer y que debemos de estar muy orgullosos por lo que se ha logrado en esta Universidad Intercultural\u201d.<\/p>\n<p>\u201cEs parte de la conmemoraci\u00f3n, del apoyo y compromiso que tiene el gobierno del Estado de M\u00e9xico con seguir conservando nuestra diversidad \u00e9tnica y cultural, con el apoyo de nuestros pueblos originarios a nuestras ra\u00edces y el orgullo que nos da como mexiquenses\u201d, se\u00f1al\u00f3 el mandatario estatal, luego de recorrer las nuevas instalaciones.<\/p>\n<p>Del Mazo puntualiz\u00f3 que estudian en esta universidad mil 396 alumnos y su finalidad es fortalecer a los pueblos originarios de la entidad: mazahua, otom\u00ed, nahua, matlazinca y tlahuica,\u00a0 as\u00ed como impulsar la cultura de cada uno de ellos, y precis\u00f3 que actualmente en el Estado de M\u00e9xico son m\u00e1s de 400 mil mexiquenses que pertenecen a estos grupos.<\/p>\n<p>Destac\u00f3 que la UIEM se puso en marcha en 2004 y fue la primera de las 11 que existen en el pa\u00eds de este tipo, adem\u00e1s de que en Tepetlixpa se encuentra otra sede de esta universidad, y actualmente da la oportunidad de estudiar a j\u00f3venes de m\u00e1s de 51 municipios mexiquenses\u00a0 y de otros estados de la Rep\u00fablica como Michoac\u00e1n, Tlaxcala, Puebla y Chihuahua.<\/p>\n<p>El gobernador del Estado de M\u00e9xico detall\u00f3 que se entreg\u00f3 el edificio de Talleres de Comunicaci\u00f3n, Lenguas y Textiles, donde se encuentran un estudio de televisi\u00f3n, el Centro de Ense\u00f1anza e Investigaci\u00f3n en Lengua y Cultura, una c\u00e1mara de Gessel que sirve como espacio para grabar en lenguas originarias, adem\u00e1s de tener cabinas de radio e isla de edici\u00f3n.<\/p>\n<p>Manifest\u00f3 que el equipamiento de este edificio es de primer nivel y permitir\u00e1 seguir formando a las presentes y futuras generaciones, pero sobre todo dar\u00e1 la posibilidad de promover la diversidad de las lenguas ind\u00edgenas, por lo que los programas que se produzcan en esta universidad por parte de los alumnos, se les abrir\u00e1 un espacio en el Sistema de Radio y Televisi\u00f3n Mexiquense para su difusi\u00f3n.<\/p>\n<p>Mientras que en el caso de la licenciatura en Salud Intercultural se entregaron un quir\u00f3fano, una sala de parto natural y una de parto en agua, todos equipados con tecnolog\u00eda de vanguardia.<\/p>\n<p>Esta licenciatura, asever\u00f3, permite aprovechar la sabidur\u00eda de la medicina ind\u00edgena con las pr\u00e1cticas de la medicina tradicional, y se comprometi\u00f3 con quienes terminen esta carrera, para que tengan un espacio de oportunidad laboral en la administraci\u00f3n estatal, siempre y cuando se titulen.<\/p>\n<p>Del Mazo Maza agreg\u00f3 que de los mil 396 alumnos de la UIEM, el 73 por ciento hablan alguna lengua ind\u00edgena, y se busca que los estudiantes salgan con el aprendizaje de tres idiomas, su lengua original, espa\u00f1ol e ingl\u00e9s.<\/p>\n<p>Asimismo, dijo, para evitar la deserci\u00f3n escolar el 68 por ciento de los alumnos de la UIEM cuenta con una beca y sostuvo que los estudiantes de esta universidad que requieran de este apoyo educativo, podr\u00e1n contar con \u00e9l.<\/p>\n<p>\u201cEn particular en esta Universidad Intercultural tenemos al 68 por ciento de las alumnas y alumnos con becas, para que ustedes puedan seguir teniendo un apoyo que les permita seguir estudiando y que el recurso econ\u00f3mico no sea un motivo por el cual ustedes dejen de estudiar\u201d.<\/p>\n<p>El titular del Ejecutivo estatal reconoci\u00f3 tambi\u00e9n a las alumnas de esta universidad, ya que de cada 10 estudiantes de esta instituci\u00f3n siete son mujeres, que demuestran el gran compromiso que tiene el sector femenil para formarse y aprender para tener mejores oportunidades.<\/p>\n<p>Destac\u00f3 tambi\u00e9n que se trabaja con la Universidad Intercultural del Estado de M\u00e9xico para que la entidad sea el primer estado a nivel nacional, en contar con el portal oficial de Gobierno en lengua ind\u00edgena, en mazahua y otom\u00ed.<\/p>\n<p>Por su parte, el Secretario de Educaci\u00f3n, Alejandro Fern\u00e1ndez Campillo, inform\u00f3 que para el equipamiento y la infraestructura de la UIEM se destinaron m\u00e1s de 65 millones de pesos, y se\u00f1al\u00f3 que esta instituci\u00f3n educativa contempla la diversidad cultural donde predomina la libertad de expresi\u00f3n, el an\u00e1lisis y la cr\u00edtica, as\u00ed como la protecci\u00f3n de los derechos humanos de los pueblos ind\u00edgenas.<\/p>\n","protected":false},"excerpt":{"rendered":"<p>El gobernador Alfredo Del Mazo entreg\u00f3 infraestructura y equipamiento a la Universidad Intercultural del Estado de M\u00e9xico (UIEM), entre los que destacan un estudio de televisi\u00f3n, el Centro de Ense\u00f1anza e Investigaci\u00f3n en Lengua y Cultura, cabinas de radio, salas de parto en agua y humanizado, entre otros.<\/p>\n","protected":false},"author":5,"featured_media":415329,"comment_status":"open","ping_status":"open","sticky":false,"template":"","format":"standard","meta":{"_monsterinsights_skip_tracking":false,"_monsterinsights_sitenote_active":false,"_monsterinsights_sitenote_note":"","_monsterinsights_sitenote_category":0,"footnotes":""},"categories":[5],"tags":[81909,82888,43675,79087,6710,13490,82887,78470],"class_list":["post-415328","post","type-post","status-publish","format-standard","has-post-thumbnail","hentry","category-estado-de-mexico","tag-alfredo-del-mazo","tag-centro-de-ensenanza-e-investigacion-en-lengua-y-cultura","tag-estado-de-mexico","tag-mex","tag-san-felipe-del-progreso","tag-tepetlixpa","tag-uiem","tag-universidad-intercultural"],"_links":{"self":[{"href":"https:\/\/www.diarioimagen.net\/index.php?rest_route=\/wp\/v2\/posts\/415328","targetHints":{"allow":["GET"]}}],"collection":[{"href":"https:\/\/www.diarioimagen.net\/index.php?rest_route=\/wp\/v2\/posts"}],"about":[{"href":"https:\/\/www.diarioimagen.net\/index.php?rest_route=\/wp\/v2\/types\/post"}],"author":[{"embeddable":true,"href":"https:\/\/www.diarioimagen.net\/index.php?rest_route=\/wp\/v2\/users\/5"}],"replies":[{"embeddable":true,"href":"https:\/\/www.diarioimagen.net\/index.php?rest_route=%2Fwp%2Fv2%2Fcomments&post=415328"}],"version-history":[{"count":0,"href":"https:\/\/www.diarioimagen.net\/index.php?rest_route=\/wp\/v2\/posts\/415328\/revisions"}],"wp:featuredmedia":[{"embeddable":true,"href":"https:\/\/www.diarioimagen.net\/index.php?rest_route=\/wp\/v2\/media\/415329"}],"wp:attachment":[{"href":"https:\/\/www.diarioimagen.net\/index.php?rest_route=%2Fwp%2Fv2%2Fmedia&parent=415328"}],"wp:term":[{"taxonomy":"category","embeddable":true,"href":"https:\/\/www.diarioimagen.net\/index.php?rest_route=%2Fwp%2Fv2%2Fcategories&post=415328"},{"taxonomy":"post_tag","embeddable":true,"href":"https:\/\/www.diarioimagen.net\/index.php?rest_route=%2Fwp%2Fv2%2Ftags&post=415328"}],"curies":[{"name":"wp","href":"https:\/\/api.w.org\/{rel}","templated":true}]}}