{"id":415381,"date":"2019-02-15T00:10:27","date_gmt":"2019-02-15T06:10:27","guid":{"rendered":"https:\/\/www.diarioimagen.net\/?p=415381"},"modified":"2019-02-15T03:09:54","modified_gmt":"2019-02-15T09:09:54","slug":"en-hidalgo-manda-la-autoridad-y-el-pueblo-el-presidente","status":"publish","type":"post","link":"https:\/\/www.diarioimagen.net\/?p=415381","title":{"rendered":"\u201cEn Hidalgo manda la autoridad y el pueblo\u201d: el Presidente"},"content":{"rendered":"<p><a href=\"https:\/\/www.diarioimagen.net\/?attachment_id=415462\" rel=\"attachment wp-att-415462\"><img loading=\"lazy\" decoding=\"async\" class=\"aligncenter size-large wp-image-415462\" src=\"https:\/\/www.diarioimagen.net\/wp-content\/uploads\/2019\/02\/hidalgo-460x259.jpg\" alt=\"\" width=\"460\" height=\"259\" srcset=\"https:\/\/www.diarioimagen.net\/wp-content\/uploads\/2019\/02\/hidalgo-460x259.jpg 460w, https:\/\/www.diarioimagen.net\/wp-content\/uploads\/2019\/02\/hidalgo-240x135.jpg 240w, https:\/\/www.diarioimagen.net\/wp-content\/uploads\/2019\/02\/hidalgo-235x132.jpg 235w, https:\/\/www.diarioimagen.net\/wp-content\/uploads\/2019\/02\/hidalgo-202x114.jpg 202w, https:\/\/www.diarioimagen.net\/wp-content\/uploads\/2019\/02\/hidalgo-350x196.jpg 350w, https:\/\/www.diarioimagen.net\/wp-content\/uploads\/2019\/02\/hidalgo-220x123.jpg 220w, https:\/\/www.diarioimagen.net\/wp-content\/uploads\/2019\/02\/hidalgo-237x132.jpg 237w, https:\/\/www.diarioimagen.net\/wp-content\/uploads\/2019\/02\/hidalgo.jpg 480w\" sizes=\"auto, (max-width: 460px) 100vw, 460px\" \/><\/a><\/p>\n<p>&nbsp;<\/p>\n<p>El presidente Andr\u00e9s Manuel L\u00f3pez Obrador asegur\u00f3 que en Hidalgo manda la autoridad y el pueblo, no los huachicoleros. Admiti\u00f3 que estos grupos se mantienen en la regi\u00f3n, \u201dno se puede ocultar\u201d,\u00a0 sin embargo, los ciudadanos ya no los est\u00e1n protegiendo.<\/p>\n<p>\u201cEn Hidalgo manda la autoridad, manda el pueblo , mandan los ciudadanos, esos son grupos que se sit\u00faan desde luego de manera informal, ilegal, para llevar a cabo il\u00edcitos, pero los ciudadanos no los est\u00e1n protegiendo, los ciudadanos quieren que haya legalidad y que no haya corrupci\u00f3n , eso es lo que est\u00e1 pasando\u201d, dijo en su conferencia ma\u00f1anera.<\/p>\n<p>El Presidente explic\u00f3 que no es f\u00e1cil que de la noche a la ma\u00f1ana se acaben con estas pr\u00e1cticas, porque en el caso de Hidalgo se arraig\u00f3 mucho lo del huachicol, y por eso est\u00e1 costando. Report\u00f3 que todav\u00eda se est\u00e1n registrando actos de robo de combustible, \u201cno como antes\u201d.<\/p>\n<p>\u201cYa no tienen el apoyo de la gente, han habido fugas, incluso parecidas a la que causo la explosi\u00f3n y ya la gente no est\u00e1\u201d, indic\u00f3.<\/p>\n<p style=\"text-align: center;\"><strong>Prev\u00e9 ahorros por 50 mil mdp en combate a huachicol<\/strong><\/p>\n<p>L\u00f3pez Obrador afirm\u00f3 que se tienen ahorros importantes de casi cinco mil millones de pesos, hasta el momento, y si se continua de esa manera se pueden alcanzar 50 mil millones de pesos en el a\u00f1o, adem\u00e1s de un ahorro de 33 mil millones en la no devoluci\u00f3n del Impuesto Sobre la Renta a empresarios. Record\u00f3 que se firm\u00f3 un convenio con la ONU para dar seguimiento a compras, ventas y a contratos de obras, y prev\u00e9n obtener alrededor de 10 mil millones de d\u00f3lares por la venta 54 aviones y helic\u00f3pteros y piensan ahorrar hasta mil millones de d\u00f3lares en la compra de medicamentos.<\/p>\n<p>Refiri\u00f3 que el gobierno de la Rep\u00fablica en su conjunto, en materia de salud, adquieren en medicamentos y equipos casi cuatro mil millones de pesos, por lo que se pueden ahorrar mil millones de d\u00f3lares. El mandatario coment\u00f3 que en lo que va de su administraci\u00f3n se tienen ahorros importantes, est\u00e1 creciendo la recaudaci\u00f3n con relaci\u00f3n con meses anteriores. \u201cEl reporte que tengo es que estamos recaudando m\u00e1s de lo que se hac\u00eda anteriormente\u201d.<\/p>\n","protected":false},"excerpt":{"rendered":"<p>El presidente Andr\u00e9s Manuel L\u00f3pez Obrador asegur\u00f3 que en Hidalgo manda la autoridad y el pueblo, no los huachicoleros. Admiti\u00f3 que estos grupos se mantienen en la regi\u00f3n, \u201dno se puede ocultar\u201d,  sin embargo, los ciudadanos ya no los est\u00e1n protegiendo.<\/p>\n","protected":false},"author":3,"featured_media":415462,"comment_status":"open","ping_status":"open","sticky":false,"template":"","format":"standard","meta":{"_monsterinsights_skip_tracking":false,"_monsterinsights_sitenote_active":false,"_monsterinsights_sitenote_note":"","_monsterinsights_sitenote_category":0,"footnotes":""},"categories":[3],"tags":[82909,42,82908,78792],"class_list":["post-415381","post","type-post","status-publish","format-standard","has-post-thumbnail","hentry","category-nacional","tag-autoridad","tag-hidalgo","tag-manda","tag-pueblo"],"_links":{"self":[{"href":"https:\/\/www.diarioimagen.net\/index.php?rest_route=\/wp\/v2\/posts\/415381","targetHints":{"allow":["GET"]}}],"collection":[{"href":"https:\/\/www.diarioimagen.net\/index.php?rest_route=\/wp\/v2\/posts"}],"about":[{"href":"https:\/\/www.diarioimagen.net\/index.php?rest_route=\/wp\/v2\/types\/post"}],"author":[{"embeddable":true,"href":"https:\/\/www.diarioimagen.net\/index.php?rest_route=\/wp\/v2\/users\/3"}],"replies":[{"embeddable":true,"href":"https:\/\/www.diarioimagen.net\/index.php?rest_route=%2Fwp%2Fv2%2Fcomments&post=415381"}],"version-history":[{"count":0,"href":"https:\/\/www.diarioimagen.net\/index.php?rest_route=\/wp\/v2\/posts\/415381\/revisions"}],"wp:featuredmedia":[{"embeddable":true,"href":"https:\/\/www.diarioimagen.net\/index.php?rest_route=\/wp\/v2\/media\/415462"}],"wp:attachment":[{"href":"https:\/\/www.diarioimagen.net\/index.php?rest_route=%2Fwp%2Fv2%2Fmedia&parent=415381"}],"wp:term":[{"taxonomy":"category","embeddable":true,"href":"https:\/\/www.diarioimagen.net\/index.php?rest_route=%2Fwp%2Fv2%2Fcategories&post=415381"},{"taxonomy":"post_tag","embeddable":true,"href":"https:\/\/www.diarioimagen.net\/index.php?rest_route=%2Fwp%2Fv2%2Ftags&post=415381"}],"curies":[{"name":"wp","href":"https:\/\/api.w.org\/{rel}","templated":true}]}}