{"id":415384,"date":"2019-02-15T00:11:45","date_gmt":"2019-02-15T06:11:45","guid":{"rendered":"https:\/\/www.diarioimagen.net\/?p=415384"},"modified":"2019-02-15T03:10:52","modified_gmt":"2019-02-15T09:10:52","slug":"acusan-incumplimiento-encargadas-de-estancias-infantiles","status":"publish","type":"post","link":"https:\/\/www.diarioimagen.net\/?p=415384","title":{"rendered":"Acusan incumplimiento encargadas de estancias infantiles"},"content":{"rendered":"<p><a href=\"https:\/\/www.diarioimagen.net\/?attachment_id=415466\" rel=\"attachment wp-att-415466\"><img loading=\"lazy\" decoding=\"async\" class=\"aligncenter size-large wp-image-415466\" src=\"https:\/\/www.diarioimagen.net\/wp-content\/uploads\/2019\/02\/ESTANCIAS15-460x259.jpg\" alt=\"\" width=\"460\" height=\"259\" srcset=\"https:\/\/www.diarioimagen.net\/wp-content\/uploads\/2019\/02\/ESTANCIAS15-460x259.jpg 460w, https:\/\/www.diarioimagen.net\/wp-content\/uploads\/2019\/02\/ESTANCIAS15-240x135.jpg 240w, https:\/\/www.diarioimagen.net\/wp-content\/uploads\/2019\/02\/ESTANCIAS15-235x132.jpg 235w, https:\/\/www.diarioimagen.net\/wp-content\/uploads\/2019\/02\/ESTANCIAS15-202x114.jpg 202w, https:\/\/www.diarioimagen.net\/wp-content\/uploads\/2019\/02\/ESTANCIAS15-350x196.jpg 350w, https:\/\/www.diarioimagen.net\/wp-content\/uploads\/2019\/02\/ESTANCIAS15-220x123.jpg 220w, https:\/\/www.diarioimagen.net\/wp-content\/uploads\/2019\/02\/ESTANCIAS15-237x132.jpg 237w, https:\/\/www.diarioimagen.net\/wp-content\/uploads\/2019\/02\/ESTANCIAS15.jpg 480w\" sizes=\"auto, (max-width: 460px) 100vw, 460px\" \/><\/a><\/p>\n<p>&nbsp;<\/p>\n<p>Un centenar de encargadas de estancias infantiles acusaron al presidente Andr\u00e9s Manuel L\u00f3pez Obrador, de no cumplir con sus promesas de campa\u00f1a, pues como candidato prometi\u00f3 no cerrarlas.<\/p>\n<p>En el Senado, las inconformes afirmaron que llevan casi dos meses \u201cestirando\u201d los \u00faltimos recursos que recibieron en diciembre, incluso pagando de sus bolsillos o con cuotas adicionales de los padres de familia para no cerrar los centros.<\/p>\n<p>\u201cSe mantendr\u00e1n las estancias infantiles de la antigua Secretar\u00eda de Desarrollo Social y se regularizar\u00e1n los Cendis promovidos por el Partido del Trabajo, ambos programas tendr\u00e1n recursos garantizados en el presupuesto y pasar\u00e1n a formar parte de la Secretar\u00eda de Bienestar y Educaci\u00f3n P\u00fablica\u201d, afirm\u00f3 el tabasque\u00f1o en un acto de campa\u00f1a, cuyo audio exhibieron.<\/p>\n<p>Enseguida, las representantes comenzaron a gritar \u201c\u00a1Nos fallaste! \u00a1Nos fallaste!\u201d.<\/p>\n<p>Por ello, demandaron que cumpla su palabra y, si el argumento es que se cometen excesos y actos de corrupci\u00f3n, se denuncie a las estancias involucradas.<\/p>\n<p>El gobierno federal decidi\u00f3 entregar directamente el apoyo de esos centros a los padres, para ni\u00f1os menores de 2 a\u00f1os, y retirar el subsidio para los peque\u00f1os entre 3 y 4 a\u00f1os.<\/p>\n<p>Las encargadas aseguraron que no pueden dejar de dar el servicio a los ni\u00f1os de preescolar, porque en la SEP no tienen en este momento espacio para ellos por estar iniciado el ciclo escolar.<\/p>\n<p>Advirtieron que, seg\u00fan los datos del gobierno federal, s\u00f3lo un 7 por ciento no cumpli\u00f3 con reglas ni acuerdos, por lo que est\u00e1 demostrado que un 93 por ciento est\u00e1 pagando los platos rotos.<\/p>\n<p style=\"text-align: center;\"><strong>En municipios pobres, 3 de cada 10 estancias infantiles<\/strong><\/p>\n<p>Tres de cada 10 de las 9 mil 126 guarder\u00edas que hasta diciembre de 2017 estaban en el Programa de Estancias Infantiles para Apoyar a Madres Trabajadoras (PEI) se encuentran en municipios en donde m\u00e1s de 50 por ciento de la poblaci\u00f3n vive en pobreza, seg\u00fan las mediciones del Consejo Nacional de Evaluaci\u00f3n de la Pol\u00edtica de Desarrollo Social (Coneval). Estos 2 mil 628 establecimientos se encuentran principalmente en el Estado de M\u00e9xico, Guerrero, Chiapas, Veracruz y Puebla.<\/p>\n<p>Un ejemplo son las que est\u00e1n ubicadas en el Estado de M\u00e9xico: de las mil 170 estancias que se tienen registradas en la entidad, 430 se ubican en municipios con altos \u00edndices de pobreza, cuatro de cada 10 se localizan en Ixtapaluca, Chimalhuac\u00e1n, Chalco, La Paz y Tenancingo, municipios en donde 57% de los mexiquenses tienen m\u00e1s de un tipo de carencia. Ecatepec, Nezahualc\u00f3yotl y Toluca son los tres sitios con m\u00e1s estancias: 30% de las de toda la entidad se ubican ah\u00ed y se calcula que cuatro de cada 10 habitantes de estas zonas son pobres. Luvianos, un municipio localizado el sur del estado, tiene s\u00f3lo una guarder\u00eda de este tipo, pero 82% de su poblaci\u00f3n se encuentra en situaci\u00f3n de pobreza.<\/p>\n<p>Y aunque en Guerrero s\u00f3lo se encuentran 306 estancias y ocupa el d\u00e9cimo lugar a nivel nacional, la mitad de estos centros se localizan en Acapulco, Chilpancingo, Iguala, Zihuatanejo y Tlapa de Comonfort, municipios en donde, en promedio, 50 por ciento de los pobladores viven en condiciones econ\u00f3micas adversas. Pero tambi\u00e9n hay 11 estancias que est\u00e1n ubicadas en las regiones m\u00e1s pobres del estado: Xalpatl\u00e1huac, Copanatoyac, San Miguel Tololapan, Zapotitl\u00e1n Tablas, Tlacoachistlahuaca, General Heliodoro Castillo y Xochistlahuaca son municipios en donde se ha identificado que nueve de cada 10 de sus pobladores viven con carencias. Chiapas muestra uno de los panoramas m\u00e1s graves. A nivel nacional ocupa el s\u00e9ptimo lugar, pero de sus 366 estancias, 132 est\u00e1n ubicadas en zonas en donde 84% de la poblaci\u00f3n vive en pobreza.<\/p>\n<p>Chanal, un municipio en el centro del estado y que cuenta con apenas 13 mil habitantes, tiene tres de estas guarder\u00edas, pero 99.5% de sus pobladores son pobresl.<\/p>\n<p>Una situaci\u00f3n similar se vive en la zona de Zinacant\u00e1n, lugar en el que se tiene el registro de dos estancias infantiles, una de ellas abri\u00f3 hace 11 a\u00f1os y el mi\u00e9rcoles 13 de febrero cumpli\u00f3 m\u00e1s de un mes cerrado.<\/p>\n<p>De los 212 municipios que componen Veracruz, en 140 hay desde una hasta 66 estancias infantiles. Estos centros cubren a personas de escasos recursos, pues en 80% de estos puntos la pobreza supera 50% de la poblaci\u00f3n. En el estado hay 577 guarder\u00edas, de las cuales existen 100 que se ubican en ciudades con grados de marginaci\u00f3n.<\/p>\n<p>En Puebla se localizaron 480 guarder\u00edas repartidas en 81 de sus 217 municipios, lo cual lo posiciona como el quinto estado con m\u00e1s lugares de este tipo, pero dos de cada 10 est\u00e1n localizadas en sitios en donde se considera que m\u00e1s de 70% de los habitantes tienen carencias econ\u00f3micas y sociales altas.<\/p>\n<p>En 2017, el PEI ten\u00eda una cobertura en mil 283 municipios, lo cual representa 51% del territorio. Adem\u00e1s, se calcula que brind\u00f3 servicios a 310 mil madres y padres solos, y a un total de 327 mil 854 ni\u00f1os y ni\u00f1as, de acuerdo con los datos del Coneval.<\/p>\n<p>El objetivo de este programa es facilitar, a trav\u00e9s de subsidios, el acceso a servicios de cuidado infantil a las mujeres que trabajan, buscan empleo o estudian, y a padres solos, para que cuenten con un apoyo econ\u00f3mico y se les facilite el pago por servicios de cuidado y atenci\u00f3n para sus hijos.<\/p>\n<p>De acuerdo con especialistas, la eliminaci\u00f3n de este programa afectar\u00eda el desarrollo laboral de las mujeres en M\u00e9xico, pues hasta 2017, 70 por ciento de las madres solteras contaban con un trabajo, lo cual implica tener que dejar a sus hijos al cuidado de un tercero.<\/p>\n<p>Adem\u00e1s, ocho de cada 10 mujeres con al menos un hijo carece de acceso a servicios de guarder\u00eda.<\/p>\n<p>Pero los datos alrededor de este programa est\u00e1n desactualizados en las p\u00e1ginas de gobierno y esto impide mostrar el panorama total de afectaci\u00f3n. De los \u00faltimos reportes que se encontraron est\u00e1 uno con corte en abril de 2015, en el que se detalla que 63% de los que recibieron el apoyo del PEI ten\u00edan entre 25 y 44 a\u00f1os.<\/p>\n<p>Las entidades que recibieron m\u00e1s beneficios fueron: Estado de M\u00e9xico, Veracruz, Jalisco, Ciudad de M\u00e9xico, Guanajuato y Puebla.<\/p>\n","protected":false},"excerpt":{"rendered":"<p>Un centenar de encargadas de estancias infantiles acusaron al presidente Andr\u00e9s Manuel L\u00f3pez Obrador, de no cumplir con sus promesas de campa\u00f1a, pues como candidato prometi\u00f3 no cerrarlas. En el Senado, las inconformes afirmaron que llevan casi dos meses \u201cestirando\u201d los \u00faltimos recursos que recibieron en diciembre, incluso pagando de sus bolsillos o con cuotas adicionales de los padres de familia para no cerrar los centros.<\/p>\n","protected":false},"author":3,"featured_media":415466,"comment_status":"open","ping_status":"open","sticky":false,"template":"","format":"standard","meta":{"_monsterinsights_skip_tracking":false,"_monsterinsights_sitenote_active":false,"_monsterinsights_sitenote_note":"","_monsterinsights_sitenote_category":0,"footnotes":""},"categories":[3],"tags":[77303,82910,43673],"class_list":["post-415384","post","type-post","status-publish","format-standard","has-post-thumbnail","hentry","category-nacional","tag-estancias-infantiles","tag-incumplimiento","tag-nacional"],"_links":{"self":[{"href":"https:\/\/www.diarioimagen.net\/index.php?rest_route=\/wp\/v2\/posts\/415384","targetHints":{"allow":["GET"]}}],"collection":[{"href":"https:\/\/www.diarioimagen.net\/index.php?rest_route=\/wp\/v2\/posts"}],"about":[{"href":"https:\/\/www.diarioimagen.net\/index.php?rest_route=\/wp\/v2\/types\/post"}],"author":[{"embeddable":true,"href":"https:\/\/www.diarioimagen.net\/index.php?rest_route=\/wp\/v2\/users\/3"}],"replies":[{"embeddable":true,"href":"https:\/\/www.diarioimagen.net\/index.php?rest_route=%2Fwp%2Fv2%2Fcomments&post=415384"}],"version-history":[{"count":0,"href":"https:\/\/www.diarioimagen.net\/index.php?rest_route=\/wp\/v2\/posts\/415384\/revisions"}],"wp:featuredmedia":[{"embeddable":true,"href":"https:\/\/www.diarioimagen.net\/index.php?rest_route=\/wp\/v2\/media\/415466"}],"wp:attachment":[{"href":"https:\/\/www.diarioimagen.net\/index.php?rest_route=%2Fwp%2Fv2%2Fmedia&parent=415384"}],"wp:term":[{"taxonomy":"category","embeddable":true,"href":"https:\/\/www.diarioimagen.net\/index.php?rest_route=%2Fwp%2Fv2%2Fcategories&post=415384"},{"taxonomy":"post_tag","embeddable":true,"href":"https:\/\/www.diarioimagen.net\/index.php?rest_route=%2Fwp%2Fv2%2Ftags&post=415384"}],"curies":[{"name":"wp","href":"https:\/\/api.w.org\/{rel}","templated":true}]}}