{"id":415396,"date":"2019-02-15T00:08:24","date_gmt":"2019-02-15T06:08:24","guid":{"rendered":"https:\/\/www.diarioimagen.net\/?p=415396"},"modified":"2019-02-15T03:21:08","modified_gmt":"2019-02-15T09:21:08","slug":"organizan-cabildo-popular-para-protestar-por-reemplazo-de-sus-sedes","status":"publish","type":"post","link":"https:\/\/www.diarioimagen.net\/?p=415396","title":{"rendered":"Organizan cabildo popular para protestar por reemplazo de sus sedes"},"content":{"rendered":"<ul>\n<li><strong><em>Ancianos que utilizaban las Casas de Cultura<\/em><\/strong><\/li>\n<\/ul>\n<p>&nbsp;<\/p>\n<div id=\"attachment_415474\" style=\"width: 470px\" class=\"wp-caption aligncenter\"><a href=\"https:\/\/www.diarioimagen.net\/?attachment_id=415474\" rel=\"attachment wp-att-415474\"><img loading=\"lazy\" decoding=\"async\" aria-describedby=\"caption-attachment-415474\" class=\"size-large wp-image-415474\" src=\"https:\/\/www.diarioimagen.net\/wp-content\/uploads\/2019\/02\/TLALNEPANTLA-15-460x259.jpg\" alt=\"\" width=\"460\" height=\"259\" srcset=\"https:\/\/www.diarioimagen.net\/wp-content\/uploads\/2019\/02\/TLALNEPANTLA-15-460x259.jpg 460w, https:\/\/www.diarioimagen.net\/wp-content\/uploads\/2019\/02\/TLALNEPANTLA-15-240x135.jpg 240w, https:\/\/www.diarioimagen.net\/wp-content\/uploads\/2019\/02\/TLALNEPANTLA-15-235x132.jpg 235w, https:\/\/www.diarioimagen.net\/wp-content\/uploads\/2019\/02\/TLALNEPANTLA-15-202x114.jpg 202w, https:\/\/www.diarioimagen.net\/wp-content\/uploads\/2019\/02\/TLALNEPANTLA-15-350x196.jpg 350w, https:\/\/www.diarioimagen.net\/wp-content\/uploads\/2019\/02\/TLALNEPANTLA-15-220x123.jpg 220w, https:\/\/www.diarioimagen.net\/wp-content\/uploads\/2019\/02\/TLALNEPANTLA-15-237x132.jpg 237w, https:\/\/www.diarioimagen.net\/wp-content\/uploads\/2019\/02\/TLALNEPANTLA-15.jpg 480w\" sizes=\"auto, (max-width: 460px) 100vw, 460px\" \/><\/a><p id=\"caption-attachment-415474\" class=\"wp-caption-text\">Las Casas de Cultura de Chalma La Barranca y la colonia Isidro Fabela, ser\u00e1n utilizadas por el Ej\u00e9rcito Mexicano, los\u00a0 ancianos que realizaban actividades en esos inmuebles, tendr\u00e1n otras instalaciones.<\/p><\/div>\n<p>&nbsp;<\/p>\n<p><strong>Tlalnepantla, Estado de M\u00e9xico<\/strong>.- El ayuntamiento de Tlalnepantla de Baz autoriz\u00f3 el cambio de uso de suelo de dos inmuebles municipales para albergar a elementos del Ej\u00e9rcito Mexicano que realizar\u00e1n labores de seguridad en la demarcaci\u00f3n, al tiempo que se acondicionar\u00e1n nuevos espacios para realizar las actividades culturales que se llevaban a cabo en dichos lugares.<\/p>\n<p>El presidente municipal, Raciel P\u00e9rez Cruz, indic\u00f3 que ante la necesidad de llevar a cabo un trabajo coordinado entre los tres \u00f3rdenes de gobierno y con ello\u00a0reforzar el combate a la delincuencia, es fundamental la habilitaci\u00f3n de espacios para que sean ocupados por las fuerzas federales.<\/p>\n<p>Derivado de ello, las casas de cultura de Chalma La Barranca y la colonia Isidro Fabela, ser\u00e1n utilizadas por el Ej\u00e9rcito Mexicano, sin embargo, los ciudadanos que asist\u00edan a realizar actividades en esos inmuebles, podr\u00e1n seguirlas desarrollando en espacios cercanos, en tanto que se habilitan otros edificios con la infraestructura que se requiere para tal fin.<\/p>\n<p>Por otra parte, el director del Instituto Municipal de la Cultura y las Artes, Siddhartha Garc\u00eda, se\u00f1al\u00f3 que en atenci\u00f3n a las personas adultas mayores que utilizaban esos espacios, ya se trabaja para que puedan continuar con sus actividades en otros inmuebles, como la Casa de Cultura de la colonia 21 de Marzo.<\/p>\n","protected":false},"excerpt":{"rendered":"<p>El ayuntamiento de Tlalnepantla de Baz autoriz\u00f3 el cambio de uso de suelo de dos inmuebles municipales para albergar a elementos del Ej\u00e9rcito Mexicano que realizar\u00e1n labores de seguridad en la demarcaci\u00f3n, al tiempo que se acondicionar\u00e1n nuevos espacios para realizar las actividades culturales que se llevaban a cabo en dichos lugares.<\/p>\n","protected":false},"author":3,"featured_media":415474,"comment_status":"open","ping_status":"open","sticky":false,"template":"","format":"standard","meta":{"_monsterinsights_skip_tracking":false,"_monsterinsights_sitenote_active":false,"_monsterinsights_sitenote_note":"","_monsterinsights_sitenote_category":0,"footnotes":""},"categories":[35155],"tags":[43675,12784,82913,82914,169],"class_list":["post-415396","post","type-post","status-publish","format-standard","has-post-thumbnail","hentry","category-estado-de-mexico-estado-de-mexico","tag-estado-de-mexico","tag-protesta","tag-reemplazo","tag-sedes","tag-tlalnepantla"],"_links":{"self":[{"href":"https:\/\/www.diarioimagen.net\/index.php?rest_route=\/wp\/v2\/posts\/415396","targetHints":{"allow":["GET"]}}],"collection":[{"href":"https:\/\/www.diarioimagen.net\/index.php?rest_route=\/wp\/v2\/posts"}],"about":[{"href":"https:\/\/www.diarioimagen.net\/index.php?rest_route=\/wp\/v2\/types\/post"}],"author":[{"embeddable":true,"href":"https:\/\/www.diarioimagen.net\/index.php?rest_route=\/wp\/v2\/users\/3"}],"replies":[{"embeddable":true,"href":"https:\/\/www.diarioimagen.net\/index.php?rest_route=%2Fwp%2Fv2%2Fcomments&post=415396"}],"version-history":[{"count":0,"href":"https:\/\/www.diarioimagen.net\/index.php?rest_route=\/wp\/v2\/posts\/415396\/revisions"}],"wp:featuredmedia":[{"embeddable":true,"href":"https:\/\/www.diarioimagen.net\/index.php?rest_route=\/wp\/v2\/media\/415474"}],"wp:attachment":[{"href":"https:\/\/www.diarioimagen.net\/index.php?rest_route=%2Fwp%2Fv2%2Fmedia&parent=415396"}],"wp:term":[{"taxonomy":"category","embeddable":true,"href":"https:\/\/www.diarioimagen.net\/index.php?rest_route=%2Fwp%2Fv2%2Fcategories&post=415396"},{"taxonomy":"post_tag","embeddable":true,"href":"https:\/\/www.diarioimagen.net\/index.php?rest_route=%2Fwp%2Fv2%2Ftags&post=415396"}],"curies":[{"name":"wp","href":"https:\/\/api.w.org\/{rel}","templated":true}]}}