{"id":415400,"date":"2019-02-15T00:07:32","date_gmt":"2019-02-15T06:07:32","guid":{"rendered":"https:\/\/www.diarioimagen.net\/?p=415400"},"modified":"2019-02-15T03:22:13","modified_gmt":"2019-02-15T09:22:13","slug":"convocan-a-naucalpenses-a-participar-con-temas-en-el-primer-cabildo-abierto","status":"publish","type":"post","link":"https:\/\/www.diarioimagen.net\/?p=415400","title":{"rendered":"Convocan a naucalpenses a participar con temas en el primer cabildo abierto"},"content":{"rendered":"<ul>\n<li><strong><em>A manera de consulta p\u00fablica sobre el municipio<\/em><\/strong><\/li>\n<\/ul>\n<p>&nbsp;<\/p>\n<div id=\"attachment_415477\" style=\"width: 470px\" class=\"wp-caption aligncenter\"><a href=\"https:\/\/www.diarioimagen.net\/?attachment_id=415477\" rel=\"attachment wp-att-415477\"><img loading=\"lazy\" decoding=\"async\" aria-describedby=\"caption-attachment-415477\" class=\"size-large wp-image-415477\" src=\"https:\/\/www.diarioimagen.net\/wp-content\/uploads\/2019\/02\/NAUCALPAN-15-460x201.jpg\" alt=\"\" width=\"460\" height=\"201\" srcset=\"https:\/\/www.diarioimagen.net\/wp-content\/uploads\/2019\/02\/NAUCALPAN-15-460x201.jpg 460w, https:\/\/www.diarioimagen.net\/wp-content\/uploads\/2019\/02\/NAUCALPAN-15-240x105.jpg 240w, https:\/\/www.diarioimagen.net\/wp-content\/uploads\/2019\/02\/NAUCALPAN-15.jpg 700w\" sizes=\"auto, (max-width: 460px) 100vw, 460px\" \/><\/a><p id=\"caption-attachment-415477\" class=\"wp-caption-text\">Los interesados deber\u00e1n ser mayores de edad\u00a0 y acreditar ser habitantes de Naucalpan. Har\u00e1n uso de la voz, sin derecho a voto.<\/p><\/div>\n<p>&nbsp;<\/p>\n<p><strong>Naucalpan, Estado de M\u00e9xico<\/strong>.- El ayuntamiento de Naucalpan abri\u00f3 la convocatoria para que los habitantes de este municipio participen en el primer cabildo abierto que se llevar\u00e1 a cabo el 27 de febrero, en el Sal\u00f3n del Pueblo.<\/p>\n<p>Como muestra de la apertura y acercamiento que tiene el Gobierno Municipal con la ciudadan\u00eda, las autoridades emitieron esta convocatoria p\u00fablica que estar\u00e1 abierta hasta el pr\u00f3ximo 20 de febrero.<\/p>\n<p>Los ciudadanos podr\u00e1n registrarse de manera gratuita en las oficinas de la Direcci\u00f3n T\u00e9cnica de la secretar\u00eda del ayuntamiento, ubicadas en el Palacio Municipal, de lunes a viernes, en un horario de 9:00 a 15:00 horas y 16:30 a 18:00 horas.<\/p>\n<p>Como requisito, los interesados deber\u00e1n ser mayores de edad\u00a0 y acreditar ser habitantes de Naucalpan. Har\u00e1n uso de la voz, sin derecho a voto, por un tiempo m\u00e1ximo de 5 minutos para exponer el tema de su elecci\u00f3n y tendr\u00e1n que conducirse con respeto durante la sesi\u00f3n de Cabildo.<\/p>\n<p>Para el registro deber\u00e1n presentar una identificaci\u00f3n oficial en original y copia (credencial de elector vigente) y entregar por escrito el contenido del tema sobre el que versar\u00e1 su participaci\u00f3n con las especificaciones solicitadas en la convocatoria la cual se puede consultar en la p\u00e1gina\u00a0www.naucalpan.gob.mx.<\/p>\n","protected":false},"excerpt":{"rendered":"<p>El ayuntamiento de Naucalpan abri\u00f3 la convocatoria para que los habitantes de este municipio participen en el primer cabildo abierto que se llevar\u00e1 a cabo el 27 de febrero, en el Sal\u00f3n del Pueblo.<\/p>\n","protected":false},"author":3,"featured_media":415477,"comment_status":"open","ping_status":"open","sticky":false,"template":"","format":"standard","meta":{"_monsterinsights_skip_tracking":false,"_monsterinsights_sitenote_active":false,"_monsterinsights_sitenote_note":"","_monsterinsights_sitenote_category":0,"footnotes":""},"categories":[5],"tags":[23030,43675,970,66684,82915],"class_list":["post-415400","post","type-post","status-publish","format-standard","has-post-thumbnail","hentry","category-estado-de-mexico","tag-cabildo","tag-estado-de-mexico","tag-naucalpan","tag-temas","tag-voncoan"],"_links":{"self":[{"href":"https:\/\/www.diarioimagen.net\/index.php?rest_route=\/wp\/v2\/posts\/415400","targetHints":{"allow":["GET"]}}],"collection":[{"href":"https:\/\/www.diarioimagen.net\/index.php?rest_route=\/wp\/v2\/posts"}],"about":[{"href":"https:\/\/www.diarioimagen.net\/index.php?rest_route=\/wp\/v2\/types\/post"}],"author":[{"embeddable":true,"href":"https:\/\/www.diarioimagen.net\/index.php?rest_route=\/wp\/v2\/users\/3"}],"replies":[{"embeddable":true,"href":"https:\/\/www.diarioimagen.net\/index.php?rest_route=%2Fwp%2Fv2%2Fcomments&post=415400"}],"version-history":[{"count":0,"href":"https:\/\/www.diarioimagen.net\/index.php?rest_route=\/wp\/v2\/posts\/415400\/revisions"}],"wp:featuredmedia":[{"embeddable":true,"href":"https:\/\/www.diarioimagen.net\/index.php?rest_route=\/wp\/v2\/media\/415477"}],"wp:attachment":[{"href":"https:\/\/www.diarioimagen.net\/index.php?rest_route=%2Fwp%2Fv2%2Fmedia&parent=415400"}],"wp:term":[{"taxonomy":"category","embeddable":true,"href":"https:\/\/www.diarioimagen.net\/index.php?rest_route=%2Fwp%2Fv2%2Fcategories&post=415400"},{"taxonomy":"post_tag","embeddable":true,"href":"https:\/\/www.diarioimagen.net\/index.php?rest_route=%2Fwp%2Fv2%2Ftags&post=415400"}],"curies":[{"name":"wp","href":"https:\/\/api.w.org\/{rel}","templated":true}]}}