{"id":415402,"date":"2019-02-15T00:06:29","date_gmt":"2019-02-15T06:06:29","guid":{"rendered":"https:\/\/www.diarioimagen.net\/?p=415402"},"modified":"2019-02-15T03:23:52","modified_gmt":"2019-02-15T09:23:52","slug":"presentan-terna-para-elegir-al-nuevo-defensor-de-los-dh-en-tultitlan","status":"publish","type":"post","link":"https:\/\/www.diarioimagen.net\/?p=415402","title":{"rendered":"Presentan terna para elegir al nuevo defensor de los DH en Tultitl\u00e1n"},"content":{"rendered":"<p><a href=\"https:\/\/www.diarioimagen.net\/?attachment_id=415480\" rel=\"attachment wp-att-415480\"><img loading=\"lazy\" decoding=\"async\" class=\"aligncenter size-large wp-image-415480\" src=\"https:\/\/www.diarioimagen.net\/wp-content\/uploads\/2019\/02\/TULTITLAN-15-460x259.jpg\" alt=\"\" width=\"460\" height=\"259\" srcset=\"https:\/\/www.diarioimagen.net\/wp-content\/uploads\/2019\/02\/TULTITLAN-15-460x259.jpg 460w, https:\/\/www.diarioimagen.net\/wp-content\/uploads\/2019\/02\/TULTITLAN-15-240x135.jpg 240w, https:\/\/www.diarioimagen.net\/wp-content\/uploads\/2019\/02\/TULTITLAN-15-235x132.jpg 235w, https:\/\/www.diarioimagen.net\/wp-content\/uploads\/2019\/02\/TULTITLAN-15-202x114.jpg 202w, https:\/\/www.diarioimagen.net\/wp-content\/uploads\/2019\/02\/TULTITLAN-15-350x196.jpg 350w, https:\/\/www.diarioimagen.net\/wp-content\/uploads\/2019\/02\/TULTITLAN-15-220x123.jpg 220w, https:\/\/www.diarioimagen.net\/wp-content\/uploads\/2019\/02\/TULTITLAN-15-237x132.jpg 237w, https:\/\/www.diarioimagen.net\/wp-content\/uploads\/2019\/02\/TULTITLAN-15.jpg 480w\" sizes=\"auto, (max-width: 460px) 100vw, 460px\" \/><\/a><\/p>\n<p>&nbsp;<\/p>\n<p><strong>Tultitl\u00e1n, Estado de M\u00e9xico.-<\/strong> Conforme lo establece la normatividad, los ciudadanos Mej\u00eda Hern\u00e1ndez V\u00edctor Manuel, Toro\u00a0 Bustamante Jonathan Guadalupe y Valencia Rosas Francisco Javier, son quienes conforman la terna presentada por los integrantes de la Comisi\u00f3n\u00a0 de Asuntos Internacionales, Apoyo al Migrante y Derechos Humanos, presidida por Porfirio Ram\u00edrez Garc\u00eda, como secretaria Sandra Mar\u00eda Luisa Pichardo Mireles , Ismael Garc\u00eda Ch\u00e1vez, Alan Guarneros \u00c1ngeles y Jacob Francisco Jim\u00e9nez Nieto, quienes fungen como vocales, as\u00ed como sociedad civil y personal de Derechos Humanos los cuales verificaron que todo el proceso se llevara en el marco de la legalidad.<\/p>\n","protected":false},"excerpt":{"rendered":"<p>Conforme lo establece la normatividad, los ciudadanos Mej\u00eda Hern\u00e1ndez V\u00edctor Manuel, Toro  Bustamante Jonathan Guadalupe y Valencia Rosas Francisco Javier, son quienes conforman la terna presentada por los integrantes de la Comisi\u00f3n  de Asuntos Internacionales, Apoyo al Migrante y Derechos Humanos, presidida por Porfirio Ram\u00edrez Garc\u00eda, como secretaria Sandra Mar\u00eda Luisa Pichardo Mireles , Ismael Garc\u00eda Ch\u00e1vez, Alan Guarneros \u00c1ngeles y Jacob Francisco Jim\u00e9nez Nieto, quienes fungen como vocales, as\u00ed como sociedad civil y personal de Derechos Humanos los cuales verificaron que todo el proceso se llevara en el marco de la legalidad.<\/p>\n","protected":false},"author":3,"featured_media":415480,"comment_status":"open","ping_status":"open","sticky":false,"template":"","format":"standard","meta":{"_monsterinsights_skip_tracking":false,"_monsterinsights_sitenote_active":false,"_monsterinsights_sitenote_note":"","_monsterinsights_sitenote_category":0,"footnotes":""},"categories":[35155],"tags":[82916,43675,578],"class_list":["post-415402","post","type-post","status-publish","format-standard","has-post-thumbnail","hentry","category-estado-de-mexico-estado-de-mexico","tag-defensor","tag-estado-de-mexico","tag-tultitlan"],"_links":{"self":[{"href":"https:\/\/www.diarioimagen.net\/index.php?rest_route=\/wp\/v2\/posts\/415402","targetHints":{"allow":["GET"]}}],"collection":[{"href":"https:\/\/www.diarioimagen.net\/index.php?rest_route=\/wp\/v2\/posts"}],"about":[{"href":"https:\/\/www.diarioimagen.net\/index.php?rest_route=\/wp\/v2\/types\/post"}],"author":[{"embeddable":true,"href":"https:\/\/www.diarioimagen.net\/index.php?rest_route=\/wp\/v2\/users\/3"}],"replies":[{"embeddable":true,"href":"https:\/\/www.diarioimagen.net\/index.php?rest_route=%2Fwp%2Fv2%2Fcomments&post=415402"}],"version-history":[{"count":0,"href":"https:\/\/www.diarioimagen.net\/index.php?rest_route=\/wp\/v2\/posts\/415402\/revisions"}],"wp:featuredmedia":[{"embeddable":true,"href":"https:\/\/www.diarioimagen.net\/index.php?rest_route=\/wp\/v2\/media\/415480"}],"wp:attachment":[{"href":"https:\/\/www.diarioimagen.net\/index.php?rest_route=%2Fwp%2Fv2%2Fmedia&parent=415402"}],"wp:term":[{"taxonomy":"category","embeddable":true,"href":"https:\/\/www.diarioimagen.net\/index.php?rest_route=%2Fwp%2Fv2%2Fcategories&post=415402"},{"taxonomy":"post_tag","embeddable":true,"href":"https:\/\/www.diarioimagen.net\/index.php?rest_route=%2Fwp%2Fv2%2Ftags&post=415402"}],"curies":[{"name":"wp","href":"https:\/\/api.w.org\/{rel}","templated":true}]}}