{"id":415424,"date":"2019-02-15T00:01:39","date_gmt":"2019-02-15T06:01:39","guid":{"rendered":"https:\/\/www.diarioimagen.net\/?p=415424"},"modified":"2019-02-15T01:07:36","modified_gmt":"2019-02-15T07:07:36","slug":"el-cochinito-de-armando-cabada-quiere-ser-gobernador-de-chihuahua","status":"publish","type":"post","link":"https:\/\/www.diarioimagen.net\/?p=415424","title":{"rendered":"El \u201ccochinito\u201d de Armando Cabada; quiere ser gobernador de Chihuahua"},"content":{"rendered":"<h2>La Retaguardia<\/h2>\n<h5>Adriana Moreno Cordero<\/h5>\n<p><em>\u00a0<\/em><\/p>\n<p><em>\u00a0<\/em><\/p>\n<ul>\n<li><strong><em>La seguridad de los ciudadanos, responsabilidad de todos: Moreno C\u00e1rdenas<\/em><\/strong><\/li>\n<\/ul>\n<p>&nbsp;<\/p>\n<p>&nbsp;<\/p>\n<p>Muchas cosas se dicen del alcalde de Ciudad Ju\u00e1rez,\u00a0<strong>Armando Cabada Alv\u00eddrez<\/strong>, sobre todo ahora que un d\u00eda s\u00ed y al otro tambi\u00e9n, busca la forma de quedar bien ni m\u00e1s ni menos que con el presidente <strong>Andr\u00e9s Manuel L\u00f3pez Obrador<\/strong>, a quien Cabada, -que adem\u00e1s asegura ser el \u00fanico alcalde independiente, le reconoce al tabasque\u00f1o: \u201csu genuino inter\u00e9s en implementar esquemas de seguridad en la b\u00fasqueda de la paz y la concordia a la poblaci\u00f3n, estableciendo las medidas necesarias para preservar los niveles de seguridad que propicien el desarrollo de los ciudadanos\u201d.<\/p>\n<p>O sea, est\u00e1 a favor de la Guardia Nacional simplemente, que lo diga en menos renglones. Sin embargo, habr\u00eda que recordar una serie de cuestiones que tienen al susodicho alcalde en la posici\u00f3n en la que est\u00e1.<\/p>\n<p>Mucho se comenta en el llamado estado grande, que no nada m\u00e1s cometi\u00f3 una serie de irregularidades que le permitieron robarse la reelecci\u00f3n para la Presidencia Municipal, sino que, desde que lleg\u00f3 a \u00e9sta,\u00a0\u00a0se ha incrementado la delincuencia como nunca se hab\u00eda visto en el municipio, desatando una ola de violencia e inseguridad para los juarenses y que ha llegado a niveles alarmantes, a tal grado que la poblaci\u00f3n ya no quiere ni siquiera salir a las calles de Ciudad Ju\u00e1rez.<\/p>\n<p>Entonces, \u00bfpara qu\u00e9 tanta palabrer\u00eda?\u00a0\u00a0Tambi\u00e9n aseguran los juarenses que <strong>Cabada<\/strong>\u00a0no ha invertido ni un solo centavo en la pavimentaci\u00f3n de la ciudad, las calles est\u00e1n en tan mal estado que ya parece superficie lunar de tantos baches que tienen, pero eso s\u00ed, el se\u00f1alado presidente municipal no cesa de promocionarse como uno de los mejores alcaldes de M\u00e9xico.<\/p>\n<p>Tal parece que ya se la crey\u00f3, como cuando al hoy flamante canciller, <strong>Marcelo Ebrard<\/strong>, le dieron el t\u00edtulo del \u201cmejor alcalde del mundo\u201d en el 2010 reconocimiento que le otorg\u00f3 la fundaci\u00f3n internacional City Mayors y de ah\u00ed, enloqueci\u00f3.<\/p>\n<p>Retomando el caso de Ciudad Ju\u00e1rez, tampoco el alcantarillado ha merecido la atenci\u00f3n de Cabada, ya que sigue estando en muy mal estado, por no decir, p\u00e9simo.<\/p>\n<p>Pero el colmo es que, seg\u00fan se sabe, el alcalde juarence\u00a0ahora se dedica a vender a particulares amigos suyos, terrenos que son propiedad del municipio y para ello cuenta con su socio\u00a0<strong>Rodolfo Mart\u00ednez Ortega,<\/strong>\u00a0corredor de bienes ra\u00edces de Grupo Roma, mejor conocido como \u201c<strong>El gordo Mart\u00ednez<\/strong>\u201d, quien es su socio en la mayor parte de las irregularidades que comete\u00a0<strong>Cabada<\/strong>\u00a0desde que lleg\u00f3 a la Presidencia Municipal, especialmente y ese es otro tema, en los \u201cmoches\u201d que recibe\u00a0de parte de personajes muy oscuros.<\/p>\n<p>Todo lo anterior por aquellos lares, es un secreto a voces, lo que revela que no hay autoridad, ni nadie que le ponga un freno a este mal funcionario.\u00a0\u00a0Los enterados comentan que todos estos \u201cenjuagues\u201d\u00a0\u00a0de\u00a0Cabada<strong>,<\/strong>\u00a0tienen un solo objetivo y ser\u00eda hacer su cochinito, porque el mismo anda pregonando que va a ser el pr\u00f3ximo gobernador del estado, porque supone que todo lo tiene hoy a su favor. Pues por lo pronto, el apoyo del gobernador <strong>Javier Corral<\/strong>, no y AMLO, ni sabe qui\u00e9n es. \u00a1Qu\u00e9 tal!<\/p>\n<p><strong>Municiones<\/strong><\/p>\n<p>*** Tras varios meses de inactividad y de brillar por su ausencia, el Consejo de Publicidad Exterior sesionar\u00e1 finalmente hoy para retomar, ya bajo la administraci\u00f3n de <strong>Claudia Sheinbaum<\/strong>, el proceso para regular los anuncios espectaculares en la Ciudad de M\u00e9xico. Se sabe que entre las tareas que la titular de Seduvi, <strong>Ileana Villalobos<\/strong>, lleva bajo el brazo, se encuentra la de generar las condiciones necesarias para endurecer la legislaci\u00f3n en la materia y para lograr incluso que las empresas publicitarias paguen sus derechos por el uso del espacio p\u00fablico.<\/p>\n<p>*** El Secretario de Salud, <strong>Jorge Alcocer Varela<\/strong>, destac\u00f3 que el \u201cProyecto de Salud en la Cuarta Transformaci\u00f3n de M\u00e9xico\u201d, es la visi\u00f3n de la cultura ind\u00edgena que da la oportunidad de caminar en el devenir hacia la Cuarta Transformaci\u00f3n, un hito hist\u00f3rico en la salud mexicana porque la salud cambia todo.<\/p>\n<p>El proyecto, encaminado a la universalizaci\u00f3n de los Servicios de Salud a mediano plazo fue presentado por Alcocer Varela, durante la sesi\u00f3n conjunta de la Secretar\u00eda de Salud y la Academia Mexicana de Cirug\u00eda.<\/p>\n<p>*** En su calidad de presidente de la Conago, el gobernador de Campeche, <strong>Alejandro Moreno C\u00e1rdenas<\/strong>, estuvo en el Senado de la Rep\u00fablica para hablar de la Guardia Nacional.<\/p>\n<p>Ah\u00ed se\u00f1al\u00f3 que \u201cla seguridad del pa\u00eds exige que nadie piense que puede solo. La concurrencia es una palabra clave, sobre todo cuando se trata de impulsar esfuerzos conjuntos en el marco de la colaboraci\u00f3n y el respeto propio del federalismo\u201d.<\/p>\n<p>A\u00f1adi\u00f3 que la seguridad de los ciudadanos es responsabilidad de todos. De pasada, el mandatario campechano record\u00f3 que es la entidad que gobierna la que tiene el menor \u00edndice delictivo en el pa\u00eds. Enhorabuena.<\/p>\n<p>*** El consejero-presidente del INE, <strong>Lorenzo C\u00f3rdova<\/strong>, inform\u00f3 que las elecciones extraordinarias que se llevar\u00e1n a cabo en Puebla, costar\u00e1n 302 millones de pesos y se comprometi\u00f3 a que que ning\u00fan actor\u00a0 pol\u00edtico, social y econ\u00f3mico intervendr\u00e1 en estos comicios. Pues bien, uno de los candidatos que ya est\u00e1 m\u00e1s que apuntado, es el senador morenista, Alejandro Armenta.<\/p>\n<p>Ayer le preguntaron sobre si podr\u00e1 m\u00e1s la imposici\u00f3n de la dirigente del partido de L\u00f3pez Obrador, <strong>Yeidckol Polevnsky<\/strong> que quiere que el candidato sea <strong>Luis Miguel Barbosa<\/strong>.<\/p>\n<p>Armenta Mier se\u00f1al\u00f3 que el presidente ya dijo que no se va a meter y eso significa que \u201cno hay l\u00ednea\u201d. En este sentido,\u2014dijo-, Puebla ha sido enga\u00f1ado con constantes se\u00f1alamientos de que ya hay un favorito, a lo que el senador poblano reiter\u00f3 que \u201cno hay dados cargados\u201d y adem\u00e1s, Armenta ha recibido el apoyo de sus compa\u00f1eros legisladores y cumple con absolutamente todos los requisitos, por lo que no habr\u00eda forma de que no lo aceptaran. Finaliz\u00f3 indicando el senador morenista que lo que llam\u00f3 \u201cla afinidad de Yeidckol\u201d, es un asunto personal, no de dirigencia.<\/p>\n<p>\u201cLo \u00fanico que estamos pidiendo es inclusi\u00f3n y que no haya dedazo\u201d. \u00bfSer\u00e1?<\/p>\n<p><a href=\"mailto:morcora@gmail.com\" target=\"_blank\" rel=\"noopener\"><em>morcora@gmail.com<\/em><\/a><\/p>\n","protected":false},"excerpt":{"rendered":"<p><span style=\"color: #005497;\"><strong>Adriana Moreno Cordero<\/strong><\/span><\/p>\n","protected":false},"author":3,"featured_media":0,"comment_status":"open","ping_status":"open","sticky":false,"template":"","format":"standard","meta":{"_monsterinsights_skip_tracking":false,"_monsterinsights_sitenote_active":false,"_monsterinsights_sitenote_note":"","_monsterinsights_sitenote_category":0,"footnotes":""},"categories":[69370],"tags":[69369,69368,43674],"class_list":["post-415424","post","type-post","status-publish","format-standard","hentry","category-adriana-moreno-cordero","tag-adriana-moreno-cordero","tag-la-retaguardia","tag-opinion"],"_links":{"self":[{"href":"https:\/\/www.diarioimagen.net\/index.php?rest_route=\/wp\/v2\/posts\/415424","targetHints":{"allow":["GET"]}}],"collection":[{"href":"https:\/\/www.diarioimagen.net\/index.php?rest_route=\/wp\/v2\/posts"}],"about":[{"href":"https:\/\/www.diarioimagen.net\/index.php?rest_route=\/wp\/v2\/types\/post"}],"author":[{"embeddable":true,"href":"https:\/\/www.diarioimagen.net\/index.php?rest_route=\/wp\/v2\/users\/3"}],"replies":[{"embeddable":true,"href":"https:\/\/www.diarioimagen.net\/index.php?rest_route=%2Fwp%2Fv2%2Fcomments&post=415424"}],"version-history":[{"count":0,"href":"https:\/\/www.diarioimagen.net\/index.php?rest_route=\/wp\/v2\/posts\/415424\/revisions"}],"wp:attachment":[{"href":"https:\/\/www.diarioimagen.net\/index.php?rest_route=%2Fwp%2Fv2%2Fmedia&parent=415424"}],"wp:term":[{"taxonomy":"category","embeddable":true,"href":"https:\/\/www.diarioimagen.net\/index.php?rest_route=%2Fwp%2Fv2%2Fcategories&post=415424"},{"taxonomy":"post_tag","embeddable":true,"href":"https:\/\/www.diarioimagen.net\/index.php?rest_route=%2Fwp%2Fv2%2Ftags&post=415424"}],"curies":[{"name":"wp","href":"https:\/\/api.w.org\/{rel}","templated":true}]}}