{"id":415434,"date":"2019-02-15T00:04:01","date_gmt":"2019-02-15T06:04:01","guid":{"rendered":"https:\/\/www.diarioimagen.net\/?p=415434"},"modified":"2019-02-15T01:29:25","modified_gmt":"2019-02-15T07:29:25","slug":"acusaciones-y-disculpas-mananeras-napito","status":"publish","type":"post","link":"https:\/\/www.diarioimagen.net\/?p=415434","title":{"rendered":"Acusaciones y disculpas ma\u00f1aneras; \u201cNapito\u201d"},"content":{"rendered":"<h2>Espacio Electoral<\/h2>\n<h5>Eleazar Flores<\/h5>\n<p>&nbsp;<\/p>\n<p>&nbsp;<\/p>\n<p><strong>A QUI\u00c9N CREERLE<\/strong>.- Si evita caer en errores, le recomiendo no creer las acusaciones y denuncias ma\u00f1aneras del Presidente de la Rep\u00fablica, mejor espere aclaraciones de otros funcionarios o reclamos de los acusados, o esperar disculpas y aclaraciones del mandatario 24 horas despu\u00e9s.<\/p>\n<p>Quienes le preparan al mandatario las tarjetas tem\u00e1ticas para darlas a conocer a los medios, son los reales culpables de los yerros presidenciales, as\u00ed, AMLO tenga la obligaci\u00f3n de checar todo antes de darlo a conocer, pues de lo contrario, pasa por desinformado o mal informado.<\/p>\n<p>Por ejemplo, el dar marcha atr\u00e1s en la designaci\u00f3n de una modista que se propuso como subdirectora del \u00bfprestigiado? Conacyt. El castigo debe o deber\u00eda llegar hasta la o las personas que hicieron la propuesta en favor de la dise\u00f1adora Edith Arrieta. En esta cacareada transformaci\u00f3n \u00bfpor qu\u00e9 no se llega al fondo de las cosas? Hacerlo as\u00ed ser\u00eda aleccionador.<\/p>\n<p>Este tema, como el relacionado a la lista de famosos pol\u00edticos, unos por una cosa y otros por su prestigio profesional, como es el caso de Jes\u00fas Reyes Heroles, merecen algo m\u00e1s que una disculpa medi\u00e1tica, recurso preferido por el mandatario, pues es la misma v\u00eda que emplea el tabasque\u00f1o para acusar con cierta ligereza y poca informaci\u00f3n exacta.<\/p>\n<p>La solidez, tanto de las acusaciones como de las propuestas del presidente en favor de tales o cuales personas para tales o cuales cargos es muy endeble. Ejemplos acabados de ello son sus candidatos para integrar la \u201caut\u00f3noma\u201d Comisi\u00f3n Reguladora de Energ\u00eda. Dos de ellos son Paola Elizabeth L\u00f3pez Ch\u00e1vez y \u00c1ngel Carrizales L\u00f3pez, actuales escoltas del Ejecutivo.<\/p>\n<p><em><strong>NAPITO<\/strong>.<\/em> En un evento como en los viejos tiempos de la CTM, Napole\u00f3n G\u00f3mez Urrutia organiz\u00f3 una reuni\u00f3n para anunciar la creaci\u00f3n de la Confederaci\u00f3n Internacional de Trabajadores, con la asistencia de otras centrales, legisladores \u201cmorenos\u201d y representantes de algunos pa\u00edses vecinos. Los colores de pancartas templete y dem\u00e1s son los mismos de Morena\u2026qu\u00e9 casualidad.<\/p>\n<p>Aun as\u00ed, el senador \u201cobrero\u201d niega que sea la CTM del actual gobierno ni nada por el estilo, no obstante que el tufo de \u201cacarreados\u201d lleg\u00f3 hasta las oficinas del l\u00edder cetemista, Joaqu\u00edn del Olmo, quien inexplicablemente guarda silencio sepulcral ante el acelerado movimiento de Napole\u00f3n G\u00f3mez Urrutia. Seguramente, conoce la fuerza, cercan\u00eda e identificaci\u00f3n de \u00e9ste con AMLO.<\/p>\n<p>Con el ritmo acelerado de <em>Napito<\/em> y su Confederaci\u00f3n Internacional de Trabajadores, no es dif\u00edcil pensar que la hist\u00f3rica CTM, la CROC y hasta la organizaci\u00f3n del l\u00edder telefonista Francisco Hern\u00e1ndez Ju\u00e1rez -con varios lustros al frente de la misma-, tengan los d\u00edas contados, por obra y gracia de ya saben qui\u00e9n.<\/p>\n<p><a href=\"mailto:elefa44@gmail.com\" target=\"_blank\" rel=\"noopener\"><em>elefa44@gmail.com<\/em><\/a><\/p>\n","protected":false},"excerpt":{"rendered":"<p><span style=\"color: #005497;\"><strong>Eleazar Flores<\/strong><\/span><\/p>\n","protected":false},"author":3,"featured_media":0,"comment_status":"open","ping_status":"open","sticky":false,"template":"","format":"standard","meta":{"_monsterinsights_skip_tracking":false,"_monsterinsights_sitenote_active":false,"_monsterinsights_sitenote_note":"","_monsterinsights_sitenote_category":0,"footnotes":""},"categories":[81743],"tags":[81744,81776,43674],"class_list":["post-415434","post","type-post","status-publish","format-standard","hentry","category-eleazar-flores","tag-eleazar-flores","tag-espacio-electoral","tag-opinion"],"_links":{"self":[{"href":"https:\/\/www.diarioimagen.net\/index.php?rest_route=\/wp\/v2\/posts\/415434","targetHints":{"allow":["GET"]}}],"collection":[{"href":"https:\/\/www.diarioimagen.net\/index.php?rest_route=\/wp\/v2\/posts"}],"about":[{"href":"https:\/\/www.diarioimagen.net\/index.php?rest_route=\/wp\/v2\/types\/post"}],"author":[{"embeddable":true,"href":"https:\/\/www.diarioimagen.net\/index.php?rest_route=\/wp\/v2\/users\/3"}],"replies":[{"embeddable":true,"href":"https:\/\/www.diarioimagen.net\/index.php?rest_route=%2Fwp%2Fv2%2Fcomments&post=415434"}],"version-history":[{"count":0,"href":"https:\/\/www.diarioimagen.net\/index.php?rest_route=\/wp\/v2\/posts\/415434\/revisions"}],"wp:attachment":[{"href":"https:\/\/www.diarioimagen.net\/index.php?rest_route=%2Fwp%2Fv2%2Fmedia&parent=415434"}],"wp:term":[{"taxonomy":"category","embeddable":true,"href":"https:\/\/www.diarioimagen.net\/index.php?rest_route=%2Fwp%2Fv2%2Fcategories&post=415434"},{"taxonomy":"post_tag","embeddable":true,"href":"https:\/\/www.diarioimagen.net\/index.php?rest_route=%2Fwp%2Fv2%2Ftags&post=415434"}],"curies":[{"name":"wp","href":"https:\/\/api.w.org\/{rel}","templated":true}]}}