{"id":415444,"date":"2019-02-15T00:08:32","date_gmt":"2019-02-15T06:08:32","guid":{"rendered":"https:\/\/www.diarioimagen.net\/?p=415444"},"modified":"2019-02-15T01:34:50","modified_gmt":"2019-02-15T07:34:50","slug":"alfredo-villagran-y-arevalo","status":"publish","type":"post","link":"https:\/\/www.diarioimagen.net\/?p=415444","title":{"rendered":"Alfredo Villagr\u00e1n y Ar\u00e9valo"},"content":{"rendered":"<h2>Detr\u00e1s del Poder<\/h2>\n<h5>Jos\u00e9 Antonio L\u00f3pez Sosa<\/h5>\n<p>&nbsp;<\/p>\n<p>Falleci\u00f3 uno de los periodistas con m\u00e1s trayectoria en el mundo automotriz y del turismo, don Alfredo, como le sol\u00edamos llamar, inund\u00f3 de consejos a muchos periodistas de varias generaciones.<\/p>\n<p>Ped\u00ed a su hija, Fedra Villagr\u00e1n, que me compartiera una semblanza de su padre, la reproduzco de forma textual en esta columna:<\/p>\n<p><em>\u201cDon Alfredo dec\u00eda que hay personas que traen su destino determinado o impulsado por el trabajo de sus antecesores, como fue su caso, dado que su padre, Alfredo Villagr\u00e1n Rangel, y hermanos, Gabriel y Armando, se dedicaron a la edici\u00f3n de publicaciones especializadas. <\/em><\/p>\n<p><em>Desde entonces, en los tiempos de la Presidencia de Miguel Alem\u00e1n Vald\u00e9s, la actividad tur\u00edstica rondaba a la familia, cuando sacaron la revista \u201cPoblaci\u00f3n, Migraci\u00f3n y Turismo\u201d.<\/em><\/p>\n<p><em>\u00a0Tambi\u00e9n contaba que algunos a\u00f1os despu\u00e9s editaron la revista El Autom\u00f3vil Mexicano y el peri\u00f3dico Autonoticias, siendo esa etapa cuando empez\u00f3 a tocar el tema del Turismo de Congresos y Convenciones, claro que entonces no se le conoc\u00eda con esta definici\u00f3n al segmento, solo se mencionaba como una convenci\u00f3n o congreso. <\/em><\/p>\n<p><em>Inici\u00f3 haciendo la secci\u00f3n Buen Viaje en el peri\u00f3dico Autonoticias, donde daba cuenta de las convenciones de las armadoras de autos, llanteras, f\u00e1bricas de autopartes y sus asociaciones.<\/em><\/p>\n<p><em>\u00a0Refer\u00eda que en aquellos tiempos, la armadora F\u00e1bricas Automex era propiedad de Don Gast\u00f3n Azc\u00e1rraga Vidaurreta y la dirig\u00eda conjuntamente con su hijo, Gast\u00f3n Azc\u00e1rraga Tamayo, fundador de la empresa hotelera Posadas, de la cual es actualmente Director Pablo Azc\u00e1rraga. <\/em><\/p>\n<p><em>Con Automex y la Asociaci\u00f3n Nacional de Partes para Autom\u00f3viles realiz\u00f3 sus primeros viajes a Europa para cubrir la convenci\u00f3n de distribuidores y vendedores de autopartes, y uno de esos viajes marc\u00f3 su incorporaci\u00f3n al turismo de convenciones en el a\u00f1o de 1958.<\/em><\/p>\n<p><em>\u00a0Otra gran influencia que lo perfil\u00f3 hacia la actividad tur\u00edstica fue la celebraci\u00f3n de la Carrera Panamericana, uno de los grandes eventos que coloc\u00f3 a M\u00e9xico en los ojos del mundo. <\/em><\/p>\n<p><em>En ese entonces su t\u00edo, Francisco Villagr\u00e1n, era el Director Nacional de Turismo, aun no exist\u00eda la Secretar\u00eda de Turismo, que se fund\u00f3 en 1975 teniendo como primer Secretario a Julio Hirschfield. Mencionaba Don Alfredo, con gran orgullo, que desde aquellos d\u00edas su esposa Irma fue su apoyo y acompa\u00f1ante en los andares del turismo en M\u00e9xico y el mundo.<\/em><\/p>\n<p><em>\u00a0Una de sus experiencias period\u00edsticas m\u00e1s enriquecedoras fue el crear, con el apoyo de los Villagr\u00e1n padres, el programa de televisi\u00f3n AutonoticiasTV que se transmit\u00eda por el canal 4. <\/em><\/p>\n<p><em>Tras el fallecimiento de su padre, el 9 de octubre de 1971 fund\u00f3 el Grupo Editorial Aviare, que inici\u00f3 con la Revista Autoindustria y el suplemento Buen Viaje. <\/em><\/p>\n<p><em>Posteriormente public\u00f3 Buen Viaje en formato de peri\u00f3dico de 1971 a 1975, y despu\u00e9s se convirti\u00f3 en la revista que conocemos actualmente y que este a\u00f1o cumple 47 a\u00f1os al servicio de la actividad tur\u00edstica de M\u00e9xico. <\/em><\/p>\n<p><em>Dos a\u00f1os despu\u00e9s incursion\u00f3 en las nuevas tecnolog\u00edas y en el 2001 arranc\u00f3 con la versi\u00f3n Buen Viaje online, primero de forma mensual, despu\u00e9s quincenal, m\u00e1s tarde semanal y ahora es un diario tur\u00edstico de los m\u00e1s consultados.\u201d<\/em><\/p>\n<p>Coincid\u00ed en muchos viajes con don Alfredo, en particular recuerdo uno en junio de 2015 en San Juan de Puerto Rico, compart\u00edamos el vino en las comidas y me dio muchos consejos en lo period\u00edstico y en lo personal, me faltaban quince d\u00edas para convertirme en padre.<\/p>\n<p>Recuerdo con gratitud sus palabras y su amistad.<\/p>\n<p>Descanse en paz, don Alfredo Villagr\u00e1n y Ar\u00e9valo.<\/p>\n<p><em><a href=\"http:\/\/www.lopezsosa.com\" target=\"_blank\" rel=\"noopener\">www.lopezsosa.com<\/a><\/em><br \/>\n<em><a href=\"mailto:joseantonio@lopezsosa.com\" target=\"_blank\" rel=\"noopener\">joseantonio@lopezsosa.com<\/a><\/em><br \/>\n<em><a href=\"http:\/\/twitter.com\/joseantonio1977\" target=\"_blank\" rel=\"noopener\">@joseantonio197<\/a><\/em><\/p>\n","protected":false},"excerpt":{"rendered":"<p><span style=\"color: #005497;\"><strong>Jos\u00e9 Antonio L\u00f3pez Sosa<\/strong><\/span><\/p>\n","protected":false},"author":3,"featured_media":0,"comment_status":"open","ping_status":"open","sticky":false,"template":"","format":"standard","meta":{"_monsterinsights_skip_tracking":false,"_monsterinsights_sitenote_active":false,"_monsterinsights_sitenote_note":"","_monsterinsights_sitenote_category":0,"footnotes":""},"categories":[637],"tags":[638,43690,43674],"class_list":["post-415444","post","type-post","status-publish","format-standard","hentry","category-jose-antonio-lopez-sosa","tag-detras-del-poder","tag-jose-antonio-lopez-sosa","tag-opinion"],"_links":{"self":[{"href":"https:\/\/www.diarioimagen.net\/index.php?rest_route=\/wp\/v2\/posts\/415444","targetHints":{"allow":["GET"]}}],"collection":[{"href":"https:\/\/www.diarioimagen.net\/index.php?rest_route=\/wp\/v2\/posts"}],"about":[{"href":"https:\/\/www.diarioimagen.net\/index.php?rest_route=\/wp\/v2\/types\/post"}],"author":[{"embeddable":true,"href":"https:\/\/www.diarioimagen.net\/index.php?rest_route=\/wp\/v2\/users\/3"}],"replies":[{"embeddable":true,"href":"https:\/\/www.diarioimagen.net\/index.php?rest_route=%2Fwp%2Fv2%2Fcomments&post=415444"}],"version-history":[{"count":0,"href":"https:\/\/www.diarioimagen.net\/index.php?rest_route=\/wp\/v2\/posts\/415444\/revisions"}],"wp:attachment":[{"href":"https:\/\/www.diarioimagen.net\/index.php?rest_route=%2Fwp%2Fv2%2Fmedia&parent=415444"}],"wp:term":[{"taxonomy":"category","embeddable":true,"href":"https:\/\/www.diarioimagen.net\/index.php?rest_route=%2Fwp%2Fv2%2Fcategories&post=415444"},{"taxonomy":"post_tag","embeddable":true,"href":"https:\/\/www.diarioimagen.net\/index.php?rest_route=%2Fwp%2Fv2%2Ftags&post=415444"}],"curies":[{"name":"wp","href":"https:\/\/api.w.org\/{rel}","templated":true}]}}