{"id":415538,"date":"2019-02-16T00:02:32","date_gmt":"2019-02-16T06:02:32","guid":{"rendered":"https:\/\/www.diarioimagen.net\/?p=415538"},"modified":"2019-02-18T01:09:05","modified_gmt":"2019-02-18T07:09:05","slug":"dan-ultimo-adios-a-yoko","status":"publish","type":"post","link":"https:\/\/www.diarioimagen.net\/?p=415538","title":{"rendered":"Dan \u00faltimo adi\u00f3s a \u201cYoko\u201d"},"content":{"rendered":"<h2>\u201cHora 14\u201d<\/h2>\n<h5>Mauricio Conde Olivares<\/h5>\n<p>&nbsp;<\/p>\n<div id=\"attachment_415539\" style=\"width: 470px\" class=\"wp-caption aligncenter\"><a href=\"https:\/\/www.diarioimagen.net\/?attachment_id=415539\" rel=\"attachment wp-att-415539\"><img loading=\"lazy\" decoding=\"async\" aria-describedby=\"caption-attachment-415539\" class=\"size-large wp-image-415539\" src=\"https:\/\/www.diarioimagen.net\/wp-content\/uploads\/2019\/02\/Yoko1-460x259.jpg\" alt=\"\" width=\"460\" height=\"259\" srcset=\"https:\/\/www.diarioimagen.net\/wp-content\/uploads\/2019\/02\/Yoko1-460x259.jpg 460w, https:\/\/www.diarioimagen.net\/wp-content\/uploads\/2019\/02\/Yoko1-240x135.jpg 240w, https:\/\/www.diarioimagen.net\/wp-content\/uploads\/2019\/02\/Yoko1-235x132.jpg 235w, https:\/\/www.diarioimagen.net\/wp-content\/uploads\/2019\/02\/Yoko1-202x114.jpg 202w, https:\/\/www.diarioimagen.net\/wp-content\/uploads\/2019\/02\/Yoko1-350x196.jpg 350w, https:\/\/www.diarioimagen.net\/wp-content\/uploads\/2019\/02\/Yoko1-220x123.jpg 220w, https:\/\/www.diarioimagen.net\/wp-content\/uploads\/2019\/02\/Yoko1-237x132.jpg 237w, https:\/\/www.diarioimagen.net\/wp-content\/uploads\/2019\/02\/Yoko1.jpg 480w\" sizes=\"auto, (max-width: 460px) 100vw, 460px\" \/><\/a><p id=\"caption-attachment-415539\" class=\"wp-caption-text\">La SSP de BJ dio el \u00faltimo adi\u00f3s a Yoko, elemento de la Unidad Canina.<\/p><\/div>\n<p>&nbsp;<\/p>\n<p>La XV Legislatura del Estado de Quintana Roo inici\u00f3 su segundo periodo ordinario de sesiones correspondiente al tercer y \u00faltimo a\u00f1o de ejercicio constitucional, bajo la presidencia de la diputada Eugenia Sol\u00eds Salazar, quien conducir\u00e1 los trabajos legislativos del primer mes de sesiones<\/p>\n<p>En la sesi\u00f3n 01, la diputada Sol\u00eds Salazar, presidenta de la Mesa Directiva, declar\u00f3 aperturados los trabajos del segundo periodo ordinario del Congreso del Estado.<\/p>\n<p>Previo a la sesi\u00f3n del Pleno, se llev\u00f3 a cabo la sesi\u00f3n de la Diputaci\u00f3n Permanente en la que se clausuraron los trabajos del periodo de receso y se turn\u00f3 a la Mesa Directiva el inventario de los asuntos atendidos durante este lapso.<\/p>\n<p>Adem\u00e1s, se dio lectura a la iniciativa con proyecto de decreto mediante el cual se derogan disposiciones de la Ley de Hacienda del Municipio de Cozumel, presentada por el Ayuntamiento del Municipio de Cozumel.<\/p>\n<p>La diputada Sonia L\u00f3pez Cardiel, presidenta de la Comisi\u00f3n de Salud y Asistencia Social, hizo uso de la tribuna para pronunciarse sobre el D\u00eda Internacional del C\u00e1ncer Infantil, el cual tiene el objetivo de concientizar y sensibilizar a la sociedad sobre esta enfermedad, los desaf\u00edos a los que se enfrentan las ni\u00f1as, los ni\u00f1os y los adolescentes que sufren de este padecimiento, as\u00ed como tratar de que todos los ni\u00f1os del mundo tengan acceso a un diagn\u00f3stico y tratamiento adecuados respecto a esta grave enfermedad.<\/p>\n<p>L\u00f3pez Cardiel asegur\u00f3 que la Comisi\u00f3n que preside se encuentra trabajando en proyectos integrales para el combate del c\u00e1ncer infantil, \u201cuna ni\u00f1a ni\u00f1o que viven con amor, paz, educaci\u00f3n y buena alimentaci\u00f3n, podr\u00e1n disfrutar de una mejor calidad en su salud; tenemos la obligaci\u00f3n como sociedad de ofrecerles un mejor mundo\u201d, enfatiz\u00f3.<\/p>\n<p>La Mesa Directiva cit\u00f3 para la siguiente sesi\u00f3n ordinaria, la cual se realizar\u00e1 el pr\u00f3ximo lunes 18 de febrero de 2019 a las 17:00 horas.<\/p>\n<p>Otro tema que se trat\u00f3 en el congreso local fue la sentencia dictada contra la ex titular de Comisi\u00f3n de Agua Potable y Alcantarillado (CAPA) por el desv\u00edo de m\u00e1s de mil millones de pesos en perjuicio del estado de Quintana Roo, es el resultado del trabajo conjunto entre el Poder Legislativo y la Auditor\u00eda Superior del Estado (ASE), destacaron integrantes de la XV Legislatura.<\/p>\n<p>El presidente de la Gran Comisi\u00f3n, Eduardo Mart\u00ednez Arcila, indic\u00f3 que pr\u00e1cticamente a dos a\u00f1os de haberse iniciado procedimientos legales en contra de diversos exfuncionarios, la justicia s\u00ed da resultados. Sin embargo, dijo que lo m\u00e1s importante es restituir o resarcir los recursos del da\u00f1o ocasionado.<\/p>\n<p>El presidente de la Comisi\u00f3n de Hacienda, Presupuesto y Cuenta del Congreso, el diputado Emiliano Vladimir Ramos Hern\u00e1ndez, se\u00f1al\u00f3 que es un triunfo en donde se le gana a la corrupci\u00f3n y se ratifica el compromiso con la justicia.<\/p>\n<p>\u201cEsta batalla ganada contra la corrupci\u00f3n e impunidad en Quintana Roo, fue una exigencia ciudadana para la XV Legislatura, y derivado de las aportaciones que hizo el Congreso junto a las que sum\u00f3 la Auditor\u00eda Superior del Estado, se logra este fallo hist\u00f3rico contra un exfuncionario del borgismo\u201d, manifest\u00f3.<\/p>\n<p>El legislador a\u00f1adi\u00f3 que como resultado de los trabajos realizados en la Comisi\u00f3n de Hacienda, Presupuesto y Cuenta, el Congreso orden\u00f3 a la ASE en febrero del 2017, la ampliaci\u00f3n de la revisi\u00f3n de las cuentas p\u00fablicas 2015-2016 de la Administraci\u00f3n de Roberto Borge, por lo cual se realiz\u00f3 una serie de auditor\u00edas que, una vez concluidas, llevaron en agosto del 2017, a la presentaci\u00f3n de 27 denuncias contra 84 exfuncionarios por un posible da\u00f1o patrimonial de m\u00e1s de 13 mil millones de pesos, situaci\u00f3n que hoy se determina con el fallo condenatorio contra uno de los ex funcionarios.<\/p>\n<p>\u201cFinalmente es un logro de los quintanarroenses, porque fueron los ciudadanos los que exigieron cuentas al gobierno y pidieron se acabara con la impunidad; y aunque la ex directora de CAPA tendr\u00e1 que devolver m\u00e1s de mil 055 millones de pesos del patrimonio de los quintanarroenses, a\u00fan falta mucho por recuperar, y por supuesto que no quitaremos el dedo del rengl\u00f3n para continuar con el proceso de pedir informes a las instancias correspondientes sobre el avance de las denuncias que a\u00fan est\u00e1n pendientes\u201d, declar\u00f3 Ramos Hern\u00e1ndez.<\/p>\n<p>El presidente de la Gran Comisi\u00f3n, Eduardo Mart\u00ednez Arcila, record\u00f3 que a\u00fan hay varias decenas de procesos abiertos que implican a diversos funcionarios de la administraci\u00f3n pasada, cuyas investigaciones est\u00e1n pendientes y se espera que haya buenos resultados para recuperar lo que le han quitado a Quintana Roo.<\/p>\n<p>El presidente de la Comisi\u00f3n de Hacienda en el Congreso del Estado agreg\u00f3 que fue la anterior legislatura la que autoriz\u00f3 a CAPA concesionar la prestaci\u00f3n del servicio de agua potable en Benito Ju\u00e1rez a la empresa Aguakan, en la cual se estableci\u00f3 que, por la contraprestaci\u00f3n, CAPA recibir\u00eda un recurso econ\u00f3mico destinado a la realizaci\u00f3n de obra p\u00fablica e infraestructura del servicio de agua potable.<\/p>\n<p>Sin embargo, en lugar de emplearlo como mandataba el decreto, la ex directora Paula G. incurri\u00f3 en el desv\u00edo del dinero por la cantidad de mil 55 millones 999 mil 962 pesos, siendo \u00e9ste el da\u00f1o patrimonial que logra acreditar la denuncia presentada por la ASE ante la Fiscal\u00eda.<\/p>\n<p>Ahora le comento que elementos de la Secretar\u00eda de Seguridad P\u00fablica del Ayuntamiento de Benito Ju\u00e1rez le dieron el\u00a0\u00faltimo adi\u00f3s en los honores f\u00fanebres, a la valiente \u201cYoko\u201d, de la Unidad Canina, por la lealtad y valor mostrados durante el tiempo que brind\u00f3 sus servicios en este cuerpo policial, siempre velando por la seguridad de la ciudadan\u00eda.<\/p>\n<p>Durante la ceremonia en la que estuvieron presentes, el Subsecretario de Seguridad P\u00fablica de Quintana Roo, Francisco Javier Viruete Mungu\u00eda; el Secretario de Seguridad P\u00fablica de Benito Ju\u00e1rez, Jes\u00fas P\u00e9rez Abarca; el Secretario General del H. Ayuntamiento, Jorge Aguilar Osorio; as\u00ed como el coordinador general de la mesa de seguridad y justicia de Canc\u00fan e Isla Mujeres, James Tobin, se dieron unas palabras de reconocimiento de la labor que desempe\u00f1\u00f3 la Oficial Canina, seguido de pase de lista y el toque de silencio a cargo de la banda de guerra.<\/p>\n<p>\u201cYoko\u201d naci\u00f3 el 15 de noviembre del 2007 e inici\u00f3 su adiestramiento a los 4 meses de edad, con obediencia b\u00e1sica y avanzada, posteriormente recibi\u00f3 adiestramiento para guardia y protecci\u00f3n, as\u00ed como para conducci\u00f3n de detenidos.<\/p>\n<p>Durante su trayectoria tambi\u00e9n particip\u00f3 en diferentes operativos en conjunto con corporaciones de los tres \u00f3rdenes de gobierno; en filtros carreteros como apoyo para brindar seguridad al personal, as\u00ed como en operativos preventivos; siempre fue una compa\u00f1era fiel que brind\u00f3 su servicio por la seguridad de los benitojuarenses; empero, lo anterior ser\u00e1 motivo de posterior an\u00e1lisis en otra entrega de HORA 14.<\/p>\n<p><em><a href=\"mailto:%20mauricio_conde@msn.com\" target=\"_blank\" rel=\"noopener\">mauricioconde59@outlook.com<\/a><\/em><br \/>\n<em><a href=\"https:\/\/twitter.com\/mauconde007\" target=\"_blank\" rel=\"noopener\">@mauconde007<\/a> <\/em><br \/>\n<em><a href=\"https:\/\/mauriciocondeblog.wordpress.com\" target=\"_blank\" rel=\"noopener\">https:\/\/mauriciocondeblog.wordpress.com<\/a><\/em><\/p>\n","protected":false},"excerpt":{"rendered":"<p><span style=\"color: #005497;\"><strong>Mauricio Conde Olivares<\/strong><\/span><br \/>\n<br \/>\nLa XV Legislatura del Estado de Quintana Roo inici\u00f3 su segundo periodo ordinario de sesiones correspondiente al tercer y \u00faltimo a\u00f1o de ejercicio constitucional, bajo la presidencia de la diputada Eugenia Sol\u00eds Salazar, quien conducir\u00e1 los trabajos legislativos del primer mes de sesiones<\/p>\n","protected":false},"author":1,"featured_media":415539,"comment_status":"open","ping_status":"open","sticky":false,"template":"","format":"standard","meta":{"_monsterinsights_skip_tracking":false,"_monsterinsights_sitenote_active":false,"_monsterinsights_sitenote_note":"","_monsterinsights_sitenote_category":0,"footnotes":""},"categories":[35889],"tags":[43674],"class_list":["post-415538","post","type-post","status-publish","format-standard","has-post-thumbnail","hentry","category-mauricio-conde-olivares","tag-opinion"],"_links":{"self":[{"href":"https:\/\/www.diarioimagen.net\/index.php?rest_route=\/wp\/v2\/posts\/415538","targetHints":{"allow":["GET"]}}],"collection":[{"href":"https:\/\/www.diarioimagen.net\/index.php?rest_route=\/wp\/v2\/posts"}],"about":[{"href":"https:\/\/www.diarioimagen.net\/index.php?rest_route=\/wp\/v2\/types\/post"}],"author":[{"embeddable":true,"href":"https:\/\/www.diarioimagen.net\/index.php?rest_route=\/wp\/v2\/users\/1"}],"replies":[{"embeddable":true,"href":"https:\/\/www.diarioimagen.net\/index.php?rest_route=%2Fwp%2Fv2%2Fcomments&post=415538"}],"version-history":[{"count":0,"href":"https:\/\/www.diarioimagen.net\/index.php?rest_route=\/wp\/v2\/posts\/415538\/revisions"}],"wp:featuredmedia":[{"embeddable":true,"href":"https:\/\/www.diarioimagen.net\/index.php?rest_route=\/wp\/v2\/media\/415539"}],"wp:attachment":[{"href":"https:\/\/www.diarioimagen.net\/index.php?rest_route=%2Fwp%2Fv2%2Fmedia&parent=415538"}],"wp:term":[{"taxonomy":"category","embeddable":true,"href":"https:\/\/www.diarioimagen.net\/index.php?rest_route=%2Fwp%2Fv2%2Fcategories&post=415538"},{"taxonomy":"post_tag","embeddable":true,"href":"https:\/\/www.diarioimagen.net\/index.php?rest_route=%2Fwp%2Fv2%2Ftags&post=415538"}],"curies":[{"name":"wp","href":"https:\/\/api.w.org\/{rel}","templated":true}]}}