{"id":415549,"date":"2019-02-16T00:03:51","date_gmt":"2019-02-16T06:03:51","guid":{"rendered":"https:\/\/www.diarioimagen.net\/?p=415549"},"modified":"2019-02-16T15:28:12","modified_gmt":"2019-02-16T21:28:12","slug":"alfredo-del-mazo-asegura-que-edomex-es-lider-nacional-en-produccion-de-flores-por-el-apoyo-destinado-al-sector","status":"publish","type":"post","link":"https:\/\/www.diarioimagen.net\/?p=415549","title":{"rendered":"Alfredo Del Mazo asegura que <i>#Edomex<\/i> es l\u00edder nacional en producci\u00f3n de flores por el apoyo destinado al sector"},"content":{"rendered":"<ul>\n<li><em><strong>El gobernador mexiquense, junto con los secretarios de Desarrollo Agropecuario y Medio Ambiente,\u00a0Dar\u00edo Zacar\u00edas Capuchino y Jorge Rescala P\u00e9rez, respectivamente, entreg\u00f3 incentivos a floricultores\u00a0de Tenancingo, Coatepec Harinas y Villa Guerrero<\/strong><\/em><\/li>\n<\/ul>\n<p>&nbsp;<\/p>\n<div id=\"attachment_415550\" style=\"width: 470px\" class=\"wp-caption aligncenter\"><a href=\"https:\/\/www.diarioimagen.net\/?attachment_id=415550\" rel=\"attachment wp-att-415550\"><img loading=\"lazy\" decoding=\"async\" aria-describedby=\"caption-attachment-415550\" class=\"size-large wp-image-415550\" src=\"https:\/\/www.diarioimagen.net\/wp-content\/uploads\/2019\/02\/edomex-1-460x259.jpg\" alt=\"\" width=\"460\" height=\"259\" srcset=\"https:\/\/www.diarioimagen.net\/wp-content\/uploads\/2019\/02\/edomex-1-460x259.jpg 460w, https:\/\/www.diarioimagen.net\/wp-content\/uploads\/2019\/02\/edomex-1-240x135.jpg 240w, https:\/\/www.diarioimagen.net\/wp-content\/uploads\/2019\/02\/edomex-1-235x132.jpg 235w, https:\/\/www.diarioimagen.net\/wp-content\/uploads\/2019\/02\/edomex-1-202x114.jpg 202w, https:\/\/www.diarioimagen.net\/wp-content\/uploads\/2019\/02\/edomex-1-350x196.jpg 350w, https:\/\/www.diarioimagen.net\/wp-content\/uploads\/2019\/02\/edomex-1-220x123.jpg 220w, https:\/\/www.diarioimagen.net\/wp-content\/uploads\/2019\/02\/edomex-1-237x132.jpg 237w, https:\/\/www.diarioimagen.net\/wp-content\/uploads\/2019\/02\/edomex-1.jpg 480w\" sizes=\"auto, (max-width: 460px) 100vw, 460px\" \/><\/a><p id=\"caption-attachment-415550\" class=\"wp-caption-text\">Del Mazo Maza recalc\u00f3 que este a\u00f1o se logr\u00f3 un presupuesto de 2 mil 455 millones de pesos para el campo mexiquense.<\/p><\/div>\n<p>&nbsp;<\/p>\n<p><b>Villa Guerrero, Estado de M\u00e9xico.\u2013<\/b>\u00a0El gobernador Alfredo Del Mazo Maza destac\u00f3 que gracias al impulso que su gobierno da al campo mexiquense, a trav\u00e9s de inversi\u00f3n, incentivos y capacitaci\u00f3n, entre otros apoyos, el Estado de M\u00e9xico es l\u00edder nacional en la producci\u00f3n de flores, particularmente en el cultivo de rosas, con un 76 por ciento del total de la producci\u00f3n que existe de esta especie en el pa\u00eds.<\/p>\n<p>\u201cEl primer lugar lo tenemos en flores y en particular en los municipios de Villa Guerrero, de Tenancingo y de Coatepec Harinas que son los municipios que forman este Corredor de la Flor, como se le conoce, y que nos da mucho gusto que siga siendo un orgullo para el Estado de M\u00e9xico, y digo un orgullo porque el 76 por ciento de lo que se produce de rosas en todo el pa\u00eds se produce aqu\u00ed, en el Estado de M\u00e9xico\u201d, puntualiz\u00f3.<\/p>\n<p>Luego de recorrer el Centro de Investigaci\u00f3n y Transferencia de Tecnolog\u00eda \u201cLa Paz\u201d, en Villa Guerrero, el Gobernador Del Mazo anunci\u00f3 la creaci\u00f3n de la Direcci\u00f3n de Atenci\u00f3n de Floricultura, que tendr\u00e1 la finalidad de atender oportunamente las peticiones y las necesidades de los productores de flor, en una sola \u00e1rea adscrita a la Secretar\u00eda de Desarrollo Agropecuario (Sedagro).<\/p>\n<p>\u201cSomos los primeros productores de flor a nivel nacional y queremos seguirlo siendo, y eso tiene que ver con que desde el Gobierno podamos tener un \u00e1rea que se dedique especialmente a apoyar a los productores de flor e hicimos el compromiso de crear un \u00e1rea en la Secretar\u00eda de Desarrollo Agropecuario para apoyar directamente a los productores de flor. Y por eso el d\u00eda de hoy anunciamos la creaci\u00f3n de la Direcci\u00f3n de Atenci\u00f3n de Floricultura\u201d, dio a conocer.<\/p>\n<p>Alfredo Del Mazo, junto con los Secretarios de Desarrollo Agropecuario y Medio Ambiente, Dar\u00edo Zacar\u00edas Capuchino y Jorge Rescala P\u00e9rez, respectivamente, entreg\u00f3 incentivos a floricultores de Tenancingo, Coatepec Harinas y Villa Guerrero, quienes recibieron\u00a0 vales para canjearlos por sistemas de riego, plantas como clavel o rosa, motocultores, material para construcci\u00f3n de salas de empaque, invernaderos tipo t\u00fanel y sistemas fotovoltaicos, entre otros.<\/p>\n<p>Ante m\u00e1s de 300 productores de flor, alcaldes, diputados y funcionarios estatales, Del Mazo Maza recalc\u00f3 que este a\u00f1o se logr\u00f3 un presupuesto de 2 mil 455 millones de pesos para el campo mexiquense, lo que posibilita seguir ayudando a las familias dedicadas a este sector, pues dijo que impulsarlo es una prioridad para su administraci\u00f3n.<\/p>\n<p>Asimismo, agreg\u00f3 que el apoyo al sector agropecuario permite realizar proyectos que ayudan a mejorar las variedades de producci\u00f3n, la resistencia a los cambios clim\u00e1ticos, entre otras ventajas, y subray\u00f3 el caso del Centro de Investigaci\u00f3n y Transferencia de Tecnolog\u00eda \u201cLa Paz\u201d, donde\u00a0 se han creado tres variedades de rosa, las cuales ayudan a disminuir costos en regal\u00edas.<\/p>\n<p>Finalmente, el gobernador refrend\u00f3 el compromiso de su administraci\u00f3n con quienes se dedican a las actividades del campo y asegur\u00f3 que impulsarlo fortalece a la sociedad del Estado de M\u00e9xico.<\/p>\n<p>\u201cEl campo mexiquense nos hace fuertes, el campo mexiquense nos ayuda a que las familias del Estado de M\u00e9xico tengan posibilidades, de entrada, de tener alimentos en sus hogares todos los d\u00edas\u201d, refiri\u00f3.<\/p>\n","protected":false},"excerpt":{"rendered":"<p>El gobernador Alfredo Del Mazo Maza destac\u00f3 que gracias al impulso que su gobierno da al campo mexiquense, a trav\u00e9s de inversi\u00f3n, incentivos y capacitaci\u00f3n, entre otros apoyos, el Estado de M\u00e9xico es l\u00edder nacional en la producci\u00f3n de flores, particularmente en el cultivo de rosas, con un 76 por ciento del total de la producci\u00f3n que existe de esta especie en el pa\u00eds.<\/p>\n","protected":false},"author":1,"featured_media":415550,"comment_status":"open","ping_status":"open","sticky":false,"template":"","format":"standard","meta":{"_monsterinsights_skip_tracking":false,"_monsterinsights_sitenote_active":false,"_monsterinsights_sitenote_note":"","_monsterinsights_sitenote_category":0,"footnotes":""},"categories":[5],"tags":[43675],"class_list":["post-415549","post","type-post","status-publish","format-standard","has-post-thumbnail","hentry","category-estado-de-mexico","tag-estado-de-mexico"],"_links":{"self":[{"href":"https:\/\/www.diarioimagen.net\/index.php?rest_route=\/wp\/v2\/posts\/415549","targetHints":{"allow":["GET"]}}],"collection":[{"href":"https:\/\/www.diarioimagen.net\/index.php?rest_route=\/wp\/v2\/posts"}],"about":[{"href":"https:\/\/www.diarioimagen.net\/index.php?rest_route=\/wp\/v2\/types\/post"}],"author":[{"embeddable":true,"href":"https:\/\/www.diarioimagen.net\/index.php?rest_route=\/wp\/v2\/users\/1"}],"replies":[{"embeddable":true,"href":"https:\/\/www.diarioimagen.net\/index.php?rest_route=%2Fwp%2Fv2%2Fcomments&post=415549"}],"version-history":[{"count":0,"href":"https:\/\/www.diarioimagen.net\/index.php?rest_route=\/wp\/v2\/posts\/415549\/revisions"}],"wp:featuredmedia":[{"embeddable":true,"href":"https:\/\/www.diarioimagen.net\/index.php?rest_route=\/wp\/v2\/media\/415550"}],"wp:attachment":[{"href":"https:\/\/www.diarioimagen.net\/index.php?rest_route=%2Fwp%2Fv2%2Fmedia&parent=415549"}],"wp:term":[{"taxonomy":"category","embeddable":true,"href":"https:\/\/www.diarioimagen.net\/index.php?rest_route=%2Fwp%2Fv2%2Fcategories&post=415549"},{"taxonomy":"post_tag","embeddable":true,"href":"https:\/\/www.diarioimagen.net\/index.php?rest_route=%2Fwp%2Fv2%2Ftags&post=415549"}],"curies":[{"name":"wp","href":"https:\/\/api.w.org\/{rel}","templated":true}]}}