{"id":415552,"date":"2019-02-18T00:04:00","date_gmt":"2019-02-18T06:04:00","guid":{"rendered":"https:\/\/www.diarioimagen.net\/?p=415552"},"modified":"2019-02-18T00:38:04","modified_gmt":"2019-02-18T06:38:04","slug":"convenio-secretaria-del-trabajo-y-cluster-automotriz-regional-del-edomex","status":"publish","type":"post","link":"https:\/\/www.diarioimagen.net\/?p=415552","title":{"rendered":"Convenio Secretar\u00eda del Trabajo y Cl\u00faster Automotriz Regional del Edomex"},"content":{"rendered":"<ul>\n<li><em><strong>Acciones que generan empleos y programas de capacitaci\u00f3n<\/strong><\/em><\/li>\n<\/ul>\n<p>&nbsp;<\/p>\n<div id=\"attachment_415553\" style=\"width: 470px\" class=\"wp-caption aligncenter\"><img loading=\"lazy\" decoding=\"async\" aria-describedby=\"caption-attachment-415553\" class=\"size-large wp-image-415553\" src=\"https:\/\/www.diarioimagen.net\/wp-content\/uploads\/2019\/02\/CONVENIO18-portal-460x268.jpg\" alt=\"\" width=\"460\" height=\"268\" srcset=\"https:\/\/www.diarioimagen.net\/wp-content\/uploads\/2019\/02\/CONVENIO18-portal-460x268.jpg 460w, https:\/\/www.diarioimagen.net\/wp-content\/uploads\/2019\/02\/CONVENIO18-portal-240x140.jpg 240w, https:\/\/www.diarioimagen.net\/wp-content\/uploads\/2019\/02\/CONVENIO18-portal.jpg 480w\" sizes=\"auto, (max-width: 460px) 100vw, 460px\" \/><p id=\"caption-attachment-415553\" class=\"wp-caption-text\">Acuerdan acciones en materia de inclusi\u00f3n laboral, ferias de empleo y productividad para fortalecer la innovaci\u00f3n y competitividad de las empresas afiliadas.<\/p><\/div>\n<p>&nbsp;<\/p>\n<p><strong>Toluca, Estado de M\u00e9xico<\/strong>.- El Cl\u00faster Automotriz Regional del Estado de M\u00e9xico (CLAUTEDOMEX), encabezado por su presidente, Gunther Barajas, firm\u00f3 convenios de colaboraci\u00f3n con la Secretaria del Trabajo, Martha Hilda Gonz\u00e1lez Calder\u00f3n, y con el Director General del Instituto de Capacitaci\u00f3n y Adiestramiento para el Trabajo Industrial (ICATI), Jaime Rebollo Hern\u00e1ndez, con el prop\u00f3sito de impulsar acciones que generen empleos y programas de capacitaci\u00f3n.<\/p>\n<p>Durante el encuentro, se dio a conocer que en el \u00e1mbito de sus competencias y atribuciones realizar\u00e1n acciones en materia de seguridad, salud, inclusi\u00f3n laboral, ferias de empleo, productividad y otros servicios que contribuyan al fortalecimiento de la innovaci\u00f3n y competitividad de las empresas afiliadas.<\/p>\n<p>La Secretaria del Trabajo se\u00f1al\u00f3 que se est\u00e1 combinando los esfuerzos y estrechando los v\u00ednculos entre el Gobierno estatal, la academia y la iniciativa privada, a trav\u00e9s de este sector tan productivo en el Estado de M\u00e9xico.<\/p>\n<p>En tanto, el Director General del ICATI dijo que impulsar\u00e1n y promover\u00e1n la capacitaci\u00f3n y certificaci\u00f3n de competencias, a favor del capital humano, en \u00e1reas que contribuyan al fortalecimiento de la innovaci\u00f3n y productividad de las empresas afiliadas al CLAUTEDOMEX, as\u00ed como las instituciones acad\u00e9micas y de formaci\u00f3n para el trabajo del Estado de M\u00e9xico.<\/p>\n<p>Por su parte, el Presidente de este Cl\u00faster destac\u00f3 que las empresas se tienen que actualizar y desarrollar talento en beneficio de las m\u00e1s de 80 empresas que se encuentran integradas.<\/p>\n<p>De igual forma, la Vicepresidenta del CLAUTEDOMEX, Elisa Crespo, agreg\u00f3 que de junio 2018 al mismo mes de 2019 se estar\u00e1n generando 14 mil 110 fuentes de empleo, lo que demuestra que la colaboraci\u00f3n y la unidad son fundamental para seguir impulsando el desarrollo en el Estado de M\u00e9xico.<\/p>\n<p>En la firma de los convenios estuvieron presentes, entre otros, Lourdes Medina, Presidenta del Consejo de C\u00e1maras y Asociaciones Empresariales del Estado de M\u00e9xico (Concaem), Jos\u00e9 Antonio Corona Yurrieta, Director General de Empleo y Productividad, y directivos de la empresa ZF Chassis Toluca.<\/p>\n<p>El Cl\u00faster Automotriz Regional del Estado de M\u00e9xico es una asociaci\u00f3n civil que agrupa a las principales empresas proveedoras que integran las cadenas valor y al d\u00eda de hoy representan a un total de 17 mil 500 empleos.<\/p>\n<p>En el Estado de M\u00e9xico se ubican como la entidad como el mayor n\u00famero de proveedores de autopartes y componentes de este pa\u00eds, as\u00ed como de fabricantes de veh\u00edculos.<\/p>\n<p>En total son 230 compa\u00f1\u00edas proveedoras, de las cuales 23 entregan sistemas y componentes completos a las armadoras de autom\u00f3viles en el pa\u00eds y a nivel internacional.<\/p>\n","protected":false},"excerpt":{"rendered":"<p>El Cl\u00faster Automotriz Regional del Estado de M\u00e9xico (CLAUTEDOMEX), encabezado por su presidente, Gunther Barajas, firm\u00f3 convenios de colaboraci\u00f3n con la Secretaria del Trabajo, Martha Hilda Gonz\u00e1lez Calder\u00f3n, y con el Director General del Instituto de Capacitaci\u00f3n y Adiestramiento para el Trabajo Industrial (ICATI), Jaime Rebollo Hern\u00e1ndez, con el prop\u00f3sito de impulsar acciones que generen empleos y programas de capacitaci\u00f3n.<\/p>\n","protected":false},"author":5,"featured_media":415553,"comment_status":"open","ping_status":"open","sticky":false,"template":"","format":"standard","meta":{"_monsterinsights_skip_tracking":false,"_monsterinsights_sitenote_active":false,"_monsterinsights_sitenote_note":"","_monsterinsights_sitenote_category":0,"footnotes":""},"categories":[35155],"tags":[82920,82919,43675,80778,82921,452],"class_list":["post-415552","post","type-post","status-publish","format-standard","has-post-thumbnail","hentry","category-estado-de-mexico-estado-de-mexico","tag-cluster-automotriz-regional","tag-convenio-secretaria-del-trabajo","tag-estado-de-mexico","tag-martha-hilda-gonzalez-calderon","tag-programas-de-capacitacion","tag-toluca"],"_links":{"self":[{"href":"https:\/\/www.diarioimagen.net\/index.php?rest_route=\/wp\/v2\/posts\/415552","targetHints":{"allow":["GET"]}}],"collection":[{"href":"https:\/\/www.diarioimagen.net\/index.php?rest_route=\/wp\/v2\/posts"}],"about":[{"href":"https:\/\/www.diarioimagen.net\/index.php?rest_route=\/wp\/v2\/types\/post"}],"author":[{"embeddable":true,"href":"https:\/\/www.diarioimagen.net\/index.php?rest_route=\/wp\/v2\/users\/5"}],"replies":[{"embeddable":true,"href":"https:\/\/www.diarioimagen.net\/index.php?rest_route=%2Fwp%2Fv2%2Fcomments&post=415552"}],"version-history":[{"count":0,"href":"https:\/\/www.diarioimagen.net\/index.php?rest_route=\/wp\/v2\/posts\/415552\/revisions"}],"wp:featuredmedia":[{"embeddable":true,"href":"https:\/\/www.diarioimagen.net\/index.php?rest_route=\/wp\/v2\/media\/415553"}],"wp:attachment":[{"href":"https:\/\/www.diarioimagen.net\/index.php?rest_route=%2Fwp%2Fv2%2Fmedia&parent=415552"}],"wp:term":[{"taxonomy":"category","embeddable":true,"href":"https:\/\/www.diarioimagen.net\/index.php?rest_route=%2Fwp%2Fv2%2Fcategories&post=415552"},{"taxonomy":"post_tag","embeddable":true,"href":"https:\/\/www.diarioimagen.net\/index.php?rest_route=%2Fwp%2Fv2%2Ftags&post=415552"}],"curies":[{"name":"wp","href":"https:\/\/api.w.org\/{rel}","templated":true}]}}