{"id":415558,"date":"2019-02-18T00:08:30","date_gmt":"2019-02-18T06:08:30","guid":{"rendered":"https:\/\/www.diarioimagen.net\/?p=415558"},"modified":"2019-02-18T22:33:52","modified_gmt":"2019-02-19T04:33:52","slug":"alistan-estudiantes-mexiquenses-de-excelencia-viaje-de-intercambio","status":"publish","type":"post","link":"https:\/\/www.diarioimagen.net\/?p=415558","title":{"rendered":"Realizar\u00e1n estudiantes de excelencia viaje de intercambio"},"content":{"rendered":"<ul>\n<li><em><strong>Estancias acad\u00e9micas en el Washington Center<\/strong><\/em><\/li>\n<li><em><strong>Se llevar\u00e1n a cabo pr\u00e1cticas del 24 de febrero al 7 de junio pr\u00f3ximo<\/strong><\/em><\/li>\n<\/ul>\n<p>&nbsp;<\/p>\n<div id=\"attachment_415559\" style=\"width: 470px\" class=\"wp-caption aligncenter\"><img loading=\"lazy\" decoding=\"async\" aria-describedby=\"caption-attachment-415559\" class=\"wp-image-415559 size-large\" src=\"https:\/\/www.diarioimagen.net\/wp-content\/uploads\/2019\/02\/ESTUDIANTES18-portal-460x268.jpg\" alt=\"\" width=\"460\" height=\"268\" srcset=\"https:\/\/www.diarioimagen.net\/wp-content\/uploads\/2019\/02\/ESTUDIANTES18-portal-460x268.jpg 460w, https:\/\/www.diarioimagen.net\/wp-content\/uploads\/2019\/02\/ESTUDIANTES18-portal-240x140.jpg 240w, https:\/\/www.diarioimagen.net\/wp-content\/uploads\/2019\/02\/ESTUDIANTES18-portal.jpg 480w\" sizes=\"auto, (max-width: 460px) 100vw, 460px\" \/><p id=\"caption-attachment-415559\" class=\"wp-caption-text\">Alumnos de educaci\u00f3n superior realizar\u00e1n estancias acad\u00e9micas en el Washington Center, del 24 de febrero al 7 de junio.<\/p><\/div>\n<p>&nbsp;<\/p>\n<p><strong>Toluca, Estado de M\u00e9xico<\/strong>.- Los estudiantes de excelencia son los mejores embajadores del Estado de M\u00e9xico en el extranjero, afirm\u00f3 el secretario de Educaci\u00f3n, Alejandro Fern\u00e1ndez Campillo, ante alumnos que realizar\u00e1n una estancia de cuatro meses para perfeccionar su ingl\u00e9s y llevar a cabo pr\u00e1cticas profesionales en el Washington Center, del 24 de febrero al 7 de junio pr\u00f3ximo.<\/p>\n<p>En el marco del encuentro que tuvo el gobernador Alfredo Del Mazo Maza con los 14 estudiantes de las Universidades Tecnol\u00f3gica de Tec\u00e1mac, Polit\u00e9cnica del Valle de M\u00e9xico, Tecnol\u00f3gica Fidel Vel\u00e1zquez, Tecnol\u00f3gico de Estudios Superiores de Ecatepec y la Universidad Aut\u00f3noma del Estado de M\u00e9xico, el secretario reconoci\u00f3 a quienes con esfuerzo y dedicaci\u00f3n destacan en su formaci\u00f3n acad\u00e9mica y refrend\u00f3 el compromiso del gobierno estatal de ofrecer una educaci\u00f3n equitativa, incluyente y de excelencia.<\/p>\n<p>Los estudiantes originarios de Atizap\u00e1n de Zaragoza, Coacalco, Lerma, Metepec, Nicol\u00e1s Romero, Tec\u00e1mac, Toluca, Tultitl\u00e1n y Villa Victoria se suman a los 830 alumnos que han viajado en el \u00faltimo a\u00f1o al extranjero como parte de este programa en el que participan 32 universidades de 20 pa\u00edses que les permite intercambiar experiencias acad\u00e9micas y culturales.<\/p>\n<p>Diana Rojas Contreras, Osvaldo Garc\u00eda Mar\u00edn, Yolanda Escobedo Aguilar, Jairo Sandoval Mota, Cecilia Vilchis Gonz\u00e1lez, Juan Antonio Guerrero del Valle, Diana Torres Corona, Antonio Huerta Luis, Mireya Tinoco Villalba, Eddie Alem\u00e1n G\u00f3mez, X\u00f3chitl Mel\u00e9ndez Hern\u00e1ndez, Francisco P\u00e9rez L\u00f3pez, David Mart\u00ednez L\u00f3pez y Sara\u00ed S\u00e1nchez Vargas, son alumnos que estar\u00e1n m\u00e1s preparados para enfrentar los retos que la globalizaci\u00f3n exige y alcanzar sus sue\u00f1os que les permitan tener un mejor futuro para ellos, sus familias y el Estado de M\u00e9xico, expres\u00f3 Fern\u00e1ndez Campillo.<\/p>\n<p>Al respecto, Mireya Tinoco Villalba, estudiante de Ingenier\u00eda Mecatr\u00f3nica en la Universidad Tecnol\u00f3gica Fidel Vel\u00e1zquez, coment\u00f3 que su familia est\u00e1 feliz porque es una oportunidad \u00fanica que debe aprovechar, adem\u00e1s exhort\u00f3 a sus compa\u00f1eros a buscar esta beca, ya que les ayuda a crecer profesional y culturalmente.<\/p>\n<p>\u201cEl proyecto que voy a desarrollar es un purificador de agua para purificarla en masa para que \u00e9sta pueda llegar a lugares en el que tambi\u00e9n el agua es limitada\u201d, destac\u00f3 la becaria.<\/p>\n<p>En tanto, Antonio Huerta Luis, alumno de Ingenier\u00eda Aeron\u00e1utica en el Tecnol\u00f3gico de Estudios Superiores de Ecatepec, destac\u00f3 la importancia de viajar al extranjero, porque eso lo motiva a desarrollarse en todos los \u00e1mbitos de su vida.<\/p>\n<p>\u201cVa a ser un crecimiento personal para m\u00ed, es muy interesante conocer lo que son las nuevas culturas, conocer a otras personas, principalmente en la parte de aviaci\u00f3n, que es lo que me voy a dedicar. Voy a conocer c\u00f3mo realizar negocios y la parte de seguridad\u201d, coment\u00f3.<\/p>\n<p>Cabe mencionar que en agosto pr\u00f3ximo viajar\u00e1 otro contingente de 40 alumnos del Estado de M\u00e9xico al mismo Instituto, como parte del programa Familias Fuertes con Becas de Excelencia, en su vertiente Becarios y Becarias de Excelencia.<\/p>\n<p>Para m\u00e1s informes acerca de los requisitos de los programas, los interesados pueden consultar el sitio web http:\/ \/seduc. edomex. gob.mx\/becarios_de_excelencia, de la Secretar\u00eda de Educaci\u00f3n estatal.<\/p>\n","protected":false},"excerpt":{"rendered":"<p>Los estudiantes de excelencia son los mejores embajadores del Estado de M\u00e9xico en el extranjero, afirm\u00f3 el secretario de Educaci\u00f3n, Alejandro Fern\u00e1ndez Campillo, ante alumnos que realizar\u00e1n una estancia de cuatro meses para perfeccionar su ingl\u00e9s y llevar a cabo pr\u00e1cticas profesionales en el Washington Center, del 24 de febrero al 7 de junio pr\u00f3ximo.<\/p>\n","protected":false},"author":5,"featured_media":415559,"comment_status":"open","ping_status":"open","sticky":false,"template":"","format":"standard","meta":{"_monsterinsights_skip_tracking":false,"_monsterinsights_sitenote_active":false,"_monsterinsights_sitenote_note":"","_monsterinsights_sitenote_category":0,"footnotes":""},"categories":[5],"tags":[75949,43675,79305,82927,452,82928],"class_list":["post-415558","post","type-post","status-publish","format-standard","has-post-thumbnail","hentry","category-estado-de-mexico","tag-alejandro-fernandez-campillo","tag-estado-de-mexico","tag-estudiantes-mexiquenses","tag-excelencia-viaje-de-intercambio","tag-toluca","tag-washington-center"],"_links":{"self":[{"href":"https:\/\/www.diarioimagen.net\/index.php?rest_route=\/wp\/v2\/posts\/415558","targetHints":{"allow":["GET"]}}],"collection":[{"href":"https:\/\/www.diarioimagen.net\/index.php?rest_route=\/wp\/v2\/posts"}],"about":[{"href":"https:\/\/www.diarioimagen.net\/index.php?rest_route=\/wp\/v2\/types\/post"}],"author":[{"embeddable":true,"href":"https:\/\/www.diarioimagen.net\/index.php?rest_route=\/wp\/v2\/users\/5"}],"replies":[{"embeddable":true,"href":"https:\/\/www.diarioimagen.net\/index.php?rest_route=%2Fwp%2Fv2%2Fcomments&post=415558"}],"version-history":[{"count":0,"href":"https:\/\/www.diarioimagen.net\/index.php?rest_route=\/wp\/v2\/posts\/415558\/revisions"}],"wp:featuredmedia":[{"embeddable":true,"href":"https:\/\/www.diarioimagen.net\/index.php?rest_route=\/wp\/v2\/media\/415559"}],"wp:attachment":[{"href":"https:\/\/www.diarioimagen.net\/index.php?rest_route=%2Fwp%2Fv2%2Fmedia&parent=415558"}],"wp:term":[{"taxonomy":"category","embeddable":true,"href":"https:\/\/www.diarioimagen.net\/index.php?rest_route=%2Fwp%2Fv2%2Fcategories&post=415558"},{"taxonomy":"post_tag","embeddable":true,"href":"https:\/\/www.diarioimagen.net\/index.php?rest_route=%2Fwp%2Fv2%2Ftags&post=415558"}],"curies":[{"name":"wp","href":"https:\/\/api.w.org\/{rel}","templated":true}]}}