{"id":415599,"date":"2019-02-18T00:11:08","date_gmt":"2019-02-18T06:11:08","guid":{"rendered":"https:\/\/www.diarioimagen.net\/?p=415599"},"modified":"2019-02-18T07:42:35","modified_gmt":"2019-02-18T13:42:35","slug":"la-uaem-firma-convenios-con-municipios","status":"publish","type":"post","link":"https:\/\/www.diarioimagen.net\/?p=415599","title":{"rendered":"La UAEM firma convenios con municipios"},"content":{"rendered":"<ul>\n<li><strong><em>M\u00e9xico requiere rebasar fronteras ideol\u00f3gicas: Alfredo Barrera<\/em><\/strong><\/li>\n<\/ul>\n<p>&nbsp;<\/p>\n<div id=\"attachment_415689\" style=\"width: 406px\" class=\"wp-caption aligncenter\"><a href=\"https:\/\/www.diarioimagen.net\/?attachment_id=415689\" rel=\"attachment wp-att-415689\"><img loading=\"lazy\" decoding=\"async\" aria-describedby=\"caption-attachment-415689\" class=\"size-full wp-image-415689\" src=\"https:\/\/www.diarioimagen.net\/wp-content\/uploads\/2019\/02\/uaem.jpg\" alt=\"\" width=\"396\" height=\"176\" srcset=\"https:\/\/www.diarioimagen.net\/wp-content\/uploads\/2019\/02\/uaem.jpg 396w, https:\/\/www.diarioimagen.net\/wp-content\/uploads\/2019\/02\/uaem-240x107.jpg 240w\" sizes=\"auto, (max-width: 396px) 100vw, 396px\" \/><\/a><p id=\"caption-attachment-415689\" class=\"wp-caption-text\">El rector Alfredo Barrera firm\u00f3 convenios generales de colaboraci\u00f3n con los presidentes municipales de Atizap\u00e1n Santa Cruz, Capulhuac, Ocoyoacac, Texcalyacac, Tianguistenco y Xalatlaco.<\/p><\/div>\n<p>&nbsp;<\/p>\n<p><strong>Toluca, Estado de M\u00e9xico<\/strong>.\u2013 Los problemas de M\u00e9xico requieren rebasar las fronteras de las diferencias ideol\u00f3gicas y unir manos y mentes para enfrentarlos, sostuvo el rector de la Universidad Aut\u00f3noma del Estado de M\u00e9xico, Alfredo Barrera Baca, al firmar convenios generales de colaboraci\u00f3n con los presidentes municipales de Atizap\u00e1n Santa Cruz, Capulhuac, Ocoyoacac, Texcalyacac, Tianguistenco y Xalatlaco.<\/p>\n<p>Acompa\u00f1ado por el diputado mexiquense Margarito Gonz\u00e1lez Morales, Barrera Baca detall\u00f3 que de diversas maneras, la Aut\u00f3noma mexiquense est\u00e1 presente en la sociedad y colabora con autoridades de los \u00e1mbitos municipal, estatal y federal. \u201cLas capacidades acad\u00e9micas, cient\u00edficas, deportivas, tecnol\u00f3gicas y art\u00edsticas de los universitarios est\u00e1n al servicio de los mexiquenses\u201d.<\/p>\n<p>En el Edificio de Rector\u00eda, reconoci\u00f3 el trabajo de los alcaldes que signaron estos acuerdos de colaboraci\u00f3n y subray\u00f3 la necesidad de fortalecer el trabajo conjunto y la apertura para resolver los problemas que enfrenta la poblaci\u00f3n.<\/p>\n<p>En su oportunidad, los presidentes municipales de Atizap\u00e1n Santa Cruz, Jos\u00e9 Guadalupe Ram\u00edrez Hern\u00e1ndez, y Texcalyacac, X\u00f3chitl Ram\u00edrez Bermejo, enfatizaron que la firma de dichos acuerdos es sin\u00f3nimo de trabajo colaborativo y reflejo de la sociedad del conocimiento, que se traducir\u00e1n en progreso para los mexiquenses.<\/p>\n<p>Los alcaldes de Capulhuac, Refugio Fuentes Rivas, y Ocoyoacac, Anallely Olivares Mart\u00ednez, destacaron que el quehacer de los universitarios y la colaboraci\u00f3n con la UAEM tienen m\u00faltiples beneficios. Afirmaron que las autoridades municipales deben compartir la responsabilidad de trabajar a favor de los j\u00f3venes.<\/p>\n<p>En tanto, los presidentes municipales de Tianguistenco, Alfredo Baltazar Villase\u00f1or, y Xalatlaco, Jos\u00e9 \u00c1ngel Ren\u00e9 Reza Molina, resaltaron la presencia de los universitarios en cada municipio mexiquense.<\/p>\n","protected":false},"excerpt":{"rendered":"<p>Los problemas de M\u00e9xico requieren rebasar las fronteras de las diferencias ideol\u00f3gicas y unir manos y mentes para enfrentarlos, sostuvo el rector de la Universidad<\/p>\n","protected":false},"author":3,"featured_media":415689,"comment_status":"open","ping_status":"open","sticky":false,"template":"","format":"standard","meta":{"_monsterinsights_skip_tracking":false,"_monsterinsights_sitenote_active":false,"_monsterinsights_sitenote_note":"","_monsterinsights_sitenote_category":0,"footnotes":""},"categories":[5],"tags":[43675,452,1491],"class_list":["post-415599","post","type-post","status-publish","format-standard","has-post-thumbnail","hentry","category-estado-de-mexico","tag-estado-de-mexico","tag-toluca","tag-uaem"],"_links":{"self":[{"href":"https:\/\/www.diarioimagen.net\/index.php?rest_route=\/wp\/v2\/posts\/415599","targetHints":{"allow":["GET"]}}],"collection":[{"href":"https:\/\/www.diarioimagen.net\/index.php?rest_route=\/wp\/v2\/posts"}],"about":[{"href":"https:\/\/www.diarioimagen.net\/index.php?rest_route=\/wp\/v2\/types\/post"}],"author":[{"embeddable":true,"href":"https:\/\/www.diarioimagen.net\/index.php?rest_route=\/wp\/v2\/users\/3"}],"replies":[{"embeddable":true,"href":"https:\/\/www.diarioimagen.net\/index.php?rest_route=%2Fwp%2Fv2%2Fcomments&post=415599"}],"version-history":[{"count":0,"href":"https:\/\/www.diarioimagen.net\/index.php?rest_route=\/wp\/v2\/posts\/415599\/revisions"}],"wp:featuredmedia":[{"embeddable":true,"href":"https:\/\/www.diarioimagen.net\/index.php?rest_route=\/wp\/v2\/media\/415689"}],"wp:attachment":[{"href":"https:\/\/www.diarioimagen.net\/index.php?rest_route=%2Fwp%2Fv2%2Fmedia&parent=415599"}],"wp:term":[{"taxonomy":"category","embeddable":true,"href":"https:\/\/www.diarioimagen.net\/index.php?rest_route=%2Fwp%2Fv2%2Fcategories&post=415599"},{"taxonomy":"post_tag","embeddable":true,"href":"https:\/\/www.diarioimagen.net\/index.php?rest_route=%2Fwp%2Fv2%2Ftags&post=415599"}],"curies":[{"name":"wp","href":"https:\/\/api.w.org\/{rel}","templated":true}]}}