{"id":415607,"date":"2019-02-18T00:11:34","date_gmt":"2019-02-18T06:11:34","guid":{"rendered":"https:\/\/www.diarioimagen.net\/?p=415607"},"modified":"2019-02-18T07:02:45","modified_gmt":"2019-02-18T13:02:45","slug":"alistan-senadores-cambios-a-plan-de-guardia-nacional","status":"publish","type":"post","link":"https:\/\/www.diarioimagen.net\/?p=415607","title":{"rendered":"Alistan senadores cambios a plan de Guardia Nacional"},"content":{"rendered":"<ul>\n<li><em><strong>Oposi\u00f3n presentar\u00e1 este lunes modificaciones<\/strong><\/em><\/li>\n<li><em><strong>Entregan a la bancada de Morena su contrapropuesta<\/strong><\/em><\/li>\n<\/ul>\n<p>&nbsp;<\/p>\n<div id=\"attachment_415698\" style=\"width: 470px\" class=\"wp-caption aligncenter\"><a href=\"https:\/\/www.diarioimagen.net\/?attachment_id=415698\" rel=\"attachment wp-att-415698\"><img loading=\"lazy\" decoding=\"async\" aria-describedby=\"caption-attachment-415698\" class=\"size-large wp-image-415698\" src=\"https:\/\/www.diarioimagen.net\/wp-content\/uploads\/2019\/02\/senadores-460x181.jpg\" alt=\"\" width=\"460\" height=\"181\" srcset=\"https:\/\/www.diarioimagen.net\/wp-content\/uploads\/2019\/02\/senadores-460x181.jpg 460w, https:\/\/www.diarioimagen.net\/wp-content\/uploads\/2019\/02\/senadores-240x94.jpg 240w, https:\/\/www.diarioimagen.net\/wp-content\/uploads\/2019\/02\/senadores.jpg 600w\" sizes=\"auto, (max-width: 460px) 100vw, 460px\" \/><\/a><p id=\"caption-attachment-415698\" class=\"wp-caption-text\">Coordinadores parlamentarios de PAN, PRI, PRD y MC se reunieron ayer con el presidente de la Junta de Coordinaci\u00f3n Pol\u00edtica, Ricardo Monreal.<\/p><\/div>\n<p>&nbsp;<\/p>\n<p>Partidos de oposici\u00f3n en el Senado presentar\u00e1n este lunes modificaciones a la iniciativa para la creaci\u00f3n de la Guardia Nacional.<\/p>\n<p>La ma\u00f1ana de ayer, los coordinadores parlamentarios de PAN, PRI, PRD y MC se reunieron con el presidente de la Junta de Coordinaci\u00f3n Pol\u00edtica, Ricardo Monreal, para decirle que cada partido fijar\u00e1 su posici\u00f3n este lunes.<\/p>\n<p>La oposici\u00f3n en el Senado entreg\u00f3 a la bancada de Morena su contrapropuesta sobre la Guardia Nacional de manera verbal, tras lo cual los coordinadores del PRI, PAN y PRD est\u00e1n reunidos para elaborar un documento formal.<\/p>\n<p>El coordinador de Morena, Ricardo Monreal, dijo que fue una propuesta verbal; sin embargo, m\u00e1s tarde se volver\u00e1n a reunir para conocer cu\u00e1l es el proyecto que se pretende debatir y que podr\u00e1 incorporarse en la discusi\u00f3n del dictamen que se revisar\u00e1 ma\u00f1ana en comisiones.<\/p>\n<p>En la reuni\u00f3n, que fue privada, estuvieron presentes la presidenta nacional del PRI, Claudia Ruiz Massieu; el coordinador de Movimiento Ciudadano, Dante Delgado; el coordinador del PRD, Miguel \u00c1ngel Mancera, y el coordinador panista, Mauricio Kuri.<\/p>\n<p>Dante Delgado, coordinador de Movimiento Ciudadano en el Senado, calific\u00f3 la reuni\u00f3n como buena y dijo que hoy podr\u00eda comenzar a configurarse el dictamen de la creaci\u00f3n de la Guardia Nacional.<\/p>\n<p>\u201cVamos a establecer una mesa de definici\u00f3n de estrategia de puntos que vamos a trabajar para establecer la minuta del Senado.<\/p>\n<p>\u201cYa empieza configurarse el dictamen\u201d, explic\u00f3 en entrevista.<\/p>\n<p>Delgado a\u00f1adi\u00f3 que durante la reuni\u00f3n con otros l\u00edderes parlamentarios se encontraron puntos de acuerdo.<\/p>\n<p>El coordinador del Partido de la Revoluci\u00f3n Democr\u00e1tica (PRD), Miguel \u00c1ngel Mancera, detall\u00f3 que este lunes se reunir\u00e1n otra vez los coordinadores de las bancadas, a las 11:00 horas, para presentar las conclusiones y propuestas de cada partido.<\/p>\n<p>\u201cPara el PRD la conclusi\u00f3n es que debe ser un mando civil, que sea un mando bien entrenado, que se cumpla con un periodo de transici\u00f3n para la salida de las Fuerzas Armadas\u201d, expuso en entrevista telef\u00f3nica.<\/p>\n<p>El legislador prev\u00e9 que el grupo parlamentario del Movimiento de Regeneraci\u00f3n Nacional (Morena) busque dictaminar un documento en el tema para el martes. \u201cSin embargo, ojal\u00e1 ya sea un documento de consenso, que todav\u00eda no existe\u201d.<\/p>\n","protected":false},"excerpt":{"rendered":"<p>Partidos de oposici\u00f3n en el Senado presentar\u00e1n este lunes modificaciones a la iniciativa para la creaci\u00f3n de la Guardia Nacional. La ma\u00f1ana de ayer, los coordinadores parlamentarios de PAN, PRI, PRD y MC se reunieron con el presidente de la Junta de Coordinaci\u00f3n Pol\u00edtica, Ricardo Monreal, para decirle que cada partido fijar\u00e1 su posici\u00f3n este lunes.<\/p>\n","protected":false},"author":3,"featured_media":415698,"comment_status":"open","ping_status":"open","sticky":false,"template":"","format":"standard","meta":{"_monsterinsights_skip_tracking":false,"_monsterinsights_sitenote_active":false,"_monsterinsights_sitenote_note":"","_monsterinsights_sitenote_category":0,"footnotes":""},"categories":[3,80806],"tags":[33741,82967,48938,31816],"class_list":["post-415607","post","type-post","status-publish","format-standard","has-post-thumbnail","hentry","category-nacional","category-legislativo","tag-cambio","tag-guarida-nacional","tag-plan","tag-senadores"],"_links":{"self":[{"href":"https:\/\/www.diarioimagen.net\/index.php?rest_route=\/wp\/v2\/posts\/415607","targetHints":{"allow":["GET"]}}],"collection":[{"href":"https:\/\/www.diarioimagen.net\/index.php?rest_route=\/wp\/v2\/posts"}],"about":[{"href":"https:\/\/www.diarioimagen.net\/index.php?rest_route=\/wp\/v2\/types\/post"}],"author":[{"embeddable":true,"href":"https:\/\/www.diarioimagen.net\/index.php?rest_route=\/wp\/v2\/users\/3"}],"replies":[{"embeddable":true,"href":"https:\/\/www.diarioimagen.net\/index.php?rest_route=%2Fwp%2Fv2%2Fcomments&post=415607"}],"version-history":[{"count":0,"href":"https:\/\/www.diarioimagen.net\/index.php?rest_route=\/wp\/v2\/posts\/415607\/revisions"}],"wp:featuredmedia":[{"embeddable":true,"href":"https:\/\/www.diarioimagen.net\/index.php?rest_route=\/wp\/v2\/media\/415698"}],"wp:attachment":[{"href":"https:\/\/www.diarioimagen.net\/index.php?rest_route=%2Fwp%2Fv2%2Fmedia&parent=415607"}],"wp:term":[{"taxonomy":"category","embeddable":true,"href":"https:\/\/www.diarioimagen.net\/index.php?rest_route=%2Fwp%2Fv2%2Fcategories&post=415607"},{"taxonomy":"post_tag","embeddable":true,"href":"https:\/\/www.diarioimagen.net\/index.php?rest_route=%2Fwp%2Fv2%2Ftags&post=415607"}],"curies":[{"name":"wp","href":"https:\/\/api.w.org\/{rel}","templated":true}]}}