{"id":415611,"date":"2019-02-18T00:10:55","date_gmt":"2019-02-18T06:10:55","guid":{"rendered":"https:\/\/www.diarioimagen.net\/?p=415611"},"modified":"2019-02-18T07:07:52","modified_gmt":"2019-02-18T13:07:52","slug":"este-fin-de-semana-la-consulta-sobre-la-termoelectrica-huexca","status":"publish","type":"post","link":"https:\/\/www.diarioimagen.net\/?p=415611","title":{"rendered":"Este fin de semana, la consulta sobre la termoel\u00e9ctrica Huexca"},"content":{"rendered":"<p><a href=\"https:\/\/www.diarioimagen.net\/?attachment_id=415702\" rel=\"attachment wp-att-415702\"><img loading=\"lazy\" decoding=\"async\" class=\"aligncenter size-large wp-image-415702\" src=\"https:\/\/www.diarioimagen.net\/wp-content\/uploads\/2019\/02\/termo-460x276.jpg\" alt=\"\" width=\"460\" height=\"276\" srcset=\"https:\/\/www.diarioimagen.net\/wp-content\/uploads\/2019\/02\/termo-460x276.jpg 460w, https:\/\/www.diarioimagen.net\/wp-content\/uploads\/2019\/02\/termo-240x144.jpg 240w, https:\/\/www.diarioimagen.net\/wp-content\/uploads\/2019\/02\/termo.jpg 500w\" sizes=\"auto, (max-width: 460px) 100vw, 460px\" \/><\/a><\/p>\n<p>&nbsp;<\/p>\n<p>El gobierno federal inform\u00f3 que el 23 y 24 de febrero se realizar\u00e1, a trav\u00e9s de la Secretar\u00eda de Gobernaci\u00f3n (Segob), un \u201cejercicio participativo\u201d en tres estados del centro del pa\u00eds en torno al Proyecto Integral Morelos y la termoel\u00e9ctrica Huexca.<\/p>\n<p>El coordinador general de Comunicaci\u00f3n Social de la Presidencia de la Rep\u00fablica, Jes\u00fas Ram\u00edrez Cuevas, inform\u00f3 que se instalar\u00e1n 147 m\u00f3dulos en 36 municipios de dicho estado, 15 en Puebla y nueve en Tlaxcala, los cuales estar\u00e1n abiertos de 8:00 a 18:00 horas.<\/p>\n<p>Mediante su cuenta en Twitter @JesusRCuevas, el vocero presidencial coloc\u00f3 un v\u00ednculo donde puede encontrarse la informaci\u00f3n sobre el proyecto y ubicaci\u00f3n de las urnas: http:\/\/participacionsocial.gob.mx.<\/p>\n<p>Ah\u00ed se indica que a los 60 municipios acudir\u00e1n brigadas informativas, \u201ccon la finalidad de sensibilizar a la poblaci\u00f3n sobre la importancia de su participaci\u00f3n\u201d.<\/p>\n<p>El Proyecto Integral Morelos consiste en una central que cuenta con una planta que produce energ\u00eda el\u00e9ctrica con un generador accionado por una turbina de gas.<\/p>\n","protected":false},"excerpt":{"rendered":"<p>El gobierno federal inform\u00f3 que el 23 y 24 de febrero se realizar\u00e1, a trav\u00e9s de la Secretar\u00eda de Gobernaci\u00f3n (Segob), un \u201cejercicio participativo\u201d en tres estados del centro del pa\u00eds en torno al Proyecto Integral Morelos y la termoel\u00e9ctrica Huexca.<\/p>\n","protected":false},"author":3,"featured_media":415702,"comment_status":"open","ping_status":"open","sticky":false,"template":"","format":"standard","meta":{"_monsterinsights_skip_tracking":false,"_monsterinsights_sitenote_active":false,"_monsterinsights_sitenote_note":"","_monsterinsights_sitenote_category":0,"footnotes":""},"categories":[3],"tags":[16619,82968,82708],"class_list":["post-415611","post","type-post","status-publish","format-standard","has-post-thumbnail","hentry","category-nacional","tag-consulta","tag-huexca","tag-termoelectrica"],"_links":{"self":[{"href":"https:\/\/www.diarioimagen.net\/index.php?rest_route=\/wp\/v2\/posts\/415611","targetHints":{"allow":["GET"]}}],"collection":[{"href":"https:\/\/www.diarioimagen.net\/index.php?rest_route=\/wp\/v2\/posts"}],"about":[{"href":"https:\/\/www.diarioimagen.net\/index.php?rest_route=\/wp\/v2\/types\/post"}],"author":[{"embeddable":true,"href":"https:\/\/www.diarioimagen.net\/index.php?rest_route=\/wp\/v2\/users\/3"}],"replies":[{"embeddable":true,"href":"https:\/\/www.diarioimagen.net\/index.php?rest_route=%2Fwp%2Fv2%2Fcomments&post=415611"}],"version-history":[{"count":0,"href":"https:\/\/www.diarioimagen.net\/index.php?rest_route=\/wp\/v2\/posts\/415611\/revisions"}],"wp:featuredmedia":[{"embeddable":true,"href":"https:\/\/www.diarioimagen.net\/index.php?rest_route=\/wp\/v2\/media\/415702"}],"wp:attachment":[{"href":"https:\/\/www.diarioimagen.net\/index.php?rest_route=%2Fwp%2Fv2%2Fmedia&parent=415611"}],"wp:term":[{"taxonomy":"category","embeddable":true,"href":"https:\/\/www.diarioimagen.net\/index.php?rest_route=%2Fwp%2Fv2%2Fcategories&post=415611"},{"taxonomy":"post_tag","embeddable":true,"href":"https:\/\/www.diarioimagen.net\/index.php?rest_route=%2Fwp%2Fv2%2Ftags&post=415611"}],"curies":[{"name":"wp","href":"https:\/\/api.w.org\/{rel}","templated":true}]}}