{"id":415616,"date":"2019-02-18T00:09:20","date_gmt":"2019-02-18T06:09:20","guid":{"rendered":"https:\/\/www.diarioimagen.net\/?p=415616"},"modified":"2019-02-18T07:44:36","modified_gmt":"2019-02-18T13:44:36","slug":"marchan-mujeres-en-morelos-contra-feminicidios","status":"publish","type":"post","link":"https:\/\/www.diarioimagen.net\/?p=415616","title":{"rendered":"Marchan mujeres en Morelos contra feminicidios"},"content":{"rendered":"<p><a href=\"https:\/\/www.diarioimagen.net\/?attachment_id=415705\" rel=\"attachment wp-att-415705\"><img loading=\"lazy\" decoding=\"async\" class=\"aligncenter size-large wp-image-415705\" src=\"https:\/\/www.diarioimagen.net\/wp-content\/uploads\/2019\/02\/marcha-460x278.jpg\" alt=\"\" width=\"460\" height=\"278\" srcset=\"https:\/\/www.diarioimagen.net\/wp-content\/uploads\/2019\/02\/marcha-460x278.jpg 460w, https:\/\/www.diarioimagen.net\/wp-content\/uploads\/2019\/02\/marcha-240x145.jpg 240w, https:\/\/www.diarioimagen.net\/wp-content\/uploads\/2019\/02\/marcha.jpg 500w\" sizes=\"auto, (max-width: 460px) 100vw, 460px\" \/><\/a><\/p>\n<p>&nbsp;<\/p>\n<p>Cientos de mujeres marcharon ayer domingo en Cuernavaca, Morelos, contra los feminicidios y la inseguridad que viven.<\/p>\n<p>En el trayecto, que inici\u00f3 en norte de Cuernavaca hacia la Plaza de Armas, se hizo una parada en las instalaciones de la Fiscal\u00eda General del Estado para hacer un pase de lista de las mujeres desaparecidas o asesinadas.<\/p>\n<p>Frente a las instalaciones de la Fiscal\u00eda General del Estado las mujeres leyeron un pronunciamiento y los nombres de mujeres v\u00edctimas en la entidad.<\/p>\n<p>\u201cAqu\u00ed estamos las feas, putas, las rebeldes, gordas, tristes. Estamos aqu\u00ed enojadas, cansadas, indignadas. Estamos aqu\u00ed las sobrevivientes, las hu\u00e9rfanas y desamparadas. Venimos aullando de dolor y rabia por perder a nuestras hermanas. Salimos a buscarlas, tejemos sus nombres, pegamos sus fotos por la ciudad, sembramos flores de esperanza, nos lamemos las heridas, nos secamos las l\u00e1grimas, nos amamos, como dijeron que no debemos hacerlo, a nosotras mismas, a las otras.<\/p>\n<p>\u201cEstamos aqu\u00ed organizando la digna rabia, gestando otros mundos posibles, estamos aqu\u00ed por ellas, nos las arrebataron, las callaron, las desaparecieron, las violaron, las mataron. Estamos aqu\u00ed por ellas, llorando, rezando, quemando, gritando, cantando. No las olvidamos, por ellas, por nosotras, por todas, por las que ya no pueden re\u00edr, so\u00f1ar, vivir, estamos aqu\u00ed\u201d, expres\u00f3 una de las manifestantes. \u201cVenimos a expresar el rechazo y el hartazgo que sentimos frente a las violencias contras las mujeres en Morelos y frente a la situaci\u00f3n de peligro que nos rebasa\u201d, dijo otra de ellas.<\/p>\n<p>\u201cNo podemos esperar a que m\u00e1s mujeres, j\u00f3venes y ni\u00f1as desaparezcan, que sean violadas, secuestradas o asesinadas, ya no es una opci\u00f3n que demos por v\u00e1lida\u201d, asever\u00f3. Otra mujer pidi\u00f3 que se cumplan todas las recomendaciones de la Alerta de Violencia de G\u00e9nero y espacios con condiciones para el tr\u00e1nsito seguro.<\/p>\n<p>\u201cExigimos cero tolerancia e impunidad para perpetradores de violencia en raz\u00f3n de g\u00e9nero\u201d.<\/p>\n<p>\u201cDejar libres a los agresores por falta de perspectiva de g\u00e9nero en juzgadores e impartidores de justicia, as\u00ed como por carpetas mal integradas, alimenta la violencia estructural y revitaliza el ejercicio de la violencia en las calles y en los espacios de convergencia de las mujeres\u201d, coment\u00f3.\u00a0 Durante la protesta se mostraron algunas pancartas con frases como \u201cVivas nos queremos\u201d, \u201cAlto a la impunidad, ni una asesinada m\u00e1s y \u201cNi son actividades no propias de una dama, ni la ropa, ni el lugar, ni la hora, eres t\u00fa\u201d.<\/p>\n<p>Las mujeres exigieron ponerse a trabajar sobre este tema al gobernador Cuauht\u00e9moc Blanco, al jefe de Gobierno, Jos\u00e9 Manuel Sanz, al fiscal Uriel Carmona y al comisionado de Seguridad P\u00fablica, Jos\u00e9 Antonio Ortiz Guarneros.<\/p>\n","protected":false},"excerpt":{"rendered":"<p>Cientos de mujeres marcharon ayer domingo en Cuernavaca, Morelos, contra los feminicidios y la inseguridad que viven. En el trayecto, que inici\u00f3 en norte de Cuernavaca hacia la Plaza de Armas, se hizo una parada en las instalaciones<\/p>\n","protected":false},"author":3,"featured_media":415705,"comment_status":"open","ping_status":"open","sticky":false,"template":"","format":"standard","meta":{"_monsterinsights_skip_tracking":false,"_monsterinsights_sitenote_active":false,"_monsterinsights_sitenote_note":"","_monsterinsights_sitenote_category":0,"footnotes":""},"categories":[7],"tags":[22514,15152,836,43677],"class_list":["post-415616","post","type-post","status-publish","format-standard","has-post-thumbnail","hentry","category-seguridad","tag-feminicidio","tag-marcha","tag-morelos","tag-seguridad"],"_links":{"self":[{"href":"https:\/\/www.diarioimagen.net\/index.php?rest_route=\/wp\/v2\/posts\/415616","targetHints":{"allow":["GET"]}}],"collection":[{"href":"https:\/\/www.diarioimagen.net\/index.php?rest_route=\/wp\/v2\/posts"}],"about":[{"href":"https:\/\/www.diarioimagen.net\/index.php?rest_route=\/wp\/v2\/types\/post"}],"author":[{"embeddable":true,"href":"https:\/\/www.diarioimagen.net\/index.php?rest_route=\/wp\/v2\/users\/3"}],"replies":[{"embeddable":true,"href":"https:\/\/www.diarioimagen.net\/index.php?rest_route=%2Fwp%2Fv2%2Fcomments&post=415616"}],"version-history":[{"count":0,"href":"https:\/\/www.diarioimagen.net\/index.php?rest_route=\/wp\/v2\/posts\/415616\/revisions"}],"wp:featuredmedia":[{"embeddable":true,"href":"https:\/\/www.diarioimagen.net\/index.php?rest_route=\/wp\/v2\/media\/415705"}],"wp:attachment":[{"href":"https:\/\/www.diarioimagen.net\/index.php?rest_route=%2Fwp%2Fv2%2Fmedia&parent=415616"}],"wp:term":[{"taxonomy":"category","embeddable":true,"href":"https:\/\/www.diarioimagen.net\/index.php?rest_route=%2Fwp%2Fv2%2Fcategories&post=415616"},{"taxonomy":"post_tag","embeddable":true,"href":"https:\/\/www.diarioimagen.net\/index.php?rest_route=%2Fwp%2Fv2%2Ftags&post=415616"}],"curies":[{"name":"wp","href":"https:\/\/api.w.org\/{rel}","templated":true}]}}